{"id":14346,"date":"2014-07-27T12:00:15","date_gmt":"2014-07-27T09:00:15","guid":{"rendered":"http:\/\/www.bbyhaber.com\/bby\/?p=14346"},"modified":"2015-03-16T11:04:43","modified_gmt":"2015-03-16T09:04:43","slug":"turk-kutuphaneciligi-dergisi-60-yil-belgeseli","status":"publish","type":"post","link":"https:\/\/www.bbyhaber.com\/bby\/2014\/07\/27\/turk-kutuphaneciligi-dergisi-60-yil-belgeseli","title":{"rendered":"T\u00fcrk K\u00fct\u00fcphanecili\u011fi Dergisi 60. y\u0131l belgeseli"},"content":{"rendered":"<p style=\"text-align: justify;\"><img loading=\"lazy\" decoding=\"async\" class=\"alignleft\" src=\"http:\/\/www.bbyhaber.com\/bby\/wp-content\/uploads\/2014\/07\/tk-60-yil-belgeseli.jpg\" alt=\"\" width=\"245\" height=\"104\" \/>T\u00fcrk K\u00fct\u00fcphanecili\u011fi Dergisi&#8217;nin 60. y\u0131l\u0131na \u00f6zel bir belgesel haz\u0131rlanarak T\u00fcrk K\u00fct\u00fcphanecili\u011fi Dergisi&#8217;nin resmi youtube sayfas\u0131nda yay\u0131nlanm\u0131\u015ft\u0131r. Belgesel i\u00e7eri\u011finde konu\u015fmac\u0131 olarak yer alan ki\u015fileri ve belgeseli a\u015fa\u011f\u0131da bulman\u0131z m\u00fcmk\u00fcnd\u00fcr:<!--more--><\/p>\n<p style=\"text-align: justify;\"><strong>Prof. Dr. Necmettin Sefercio\u011flu<\/strong> &#8211; Derginin ilk yay\u0131n hayat\u0131na ba\u015flad\u0131\u011f\u0131 d\u00f6nemler hakk\u0131nda detayl\u0131 bilgi vermi\u015ftir.<\/p>\n<p style=\"text-align: justify;\"><strong>Ayta\u00e7 Y\u0131ld\u0131zeli<\/strong> &#8211; Dizinleme ve elektronik a\u015famaya ge\u00e7ilme d\u00f6nemleri hakk\u0131nda detayl\u0131 bilgi vermi\u015ftir.<\/p>\n<p style=\"text-align: justify;\"><strong>Prof. Dr. Oya G\u00fcrdal Tamdo\u011fan<\/strong> &#8211;\u00a0Dizinleme ve elektronik a\u015famaya ge\u00e7ilme d\u00f6nemleri hakk\u0131nda detayl\u0131 bilgi vermi\u015ftir.<\/p>\n<p style=\"text-align: justify;\"><strong>Prof. Dr. Mustafa Akbulut<\/strong> &#8211; ISSN numaras\u0131n\u0131n verilme\u00a0a\u015famalar\u0131 hakk\u0131nda detayl\u0131 bilgi vermi\u015ftir (ilk 1994&#8217;de ISSN numaras\u0131 alm\u0131\u015f ve derginin uluslararas\u0131 bibliyografik kaynakta yer almas\u0131 ise 1995 y\u0131l\u0131nda olmu\u015ftur).<\/p>\n<p><a href=\"http:\/\/www.bbyhaber.com\/bby\/wp-content\/uploads\/2014\/07\/1ns.jpg\"><img loading=\"lazy\" decoding=\"async\" class=\"alignnone\" src=\"http:\/\/www.bbyhaber.com\/bby\/wp-content\/uploads\/2014\/07\/1ns.jpg\" alt=\"\" width=\"180\" height=\"120\" \/><\/a> <a href=\"http:\/\/www.bbyhaber.com\/bby\/wp-content\/uploads\/2014\/07\/2ay.jpg\"><img loading=\"lazy\" decoding=\"async\" class=\"alignnone\" src=\"http:\/\/www.bbyhaber.com\/bby\/wp-content\/uploads\/2014\/07\/2ay.jpg\" alt=\"\" width=\"180\" height=\"120\" \/><\/a> <a href=\"http:\/\/www.bbyhaber.com\/bby\/wp-content\/uploads\/2014\/07\/3ogt.jpg\"><img loading=\"lazy\" decoding=\"async\" class=\"alignnone\" src=\"http:\/\/www.bbyhaber.com\/bby\/wp-content\/uploads\/2014\/07\/3ogt.jpg\" alt=\"\" width=\"180\" height=\"120\" \/><\/a><\/p>\n<p><a href=\"http:\/\/www.bbyhaber.com\/bby\/wp-content\/uploads\/2014\/07\/4ma.jpg\"><img loading=\"lazy\" decoding=\"async\" class=\"alignnone\" src=\"http:\/\/www.bbyhaber.com\/bby\/wp-content\/uploads\/2014\/07\/4ma.jpg\" alt=\"\" width=\"180\" height=\"120\" \/><\/a> <a href=\"http:\/\/www.bbyhaber.com\/bby\/wp-content\/uploads\/2014\/07\/5sa.jpg\"><img loading=\"lazy\" decoding=\"async\" class=\"alignnone\" src=\"http:\/\/www.bbyhaber.com\/bby\/wp-content\/uploads\/2014\/07\/5sa.jpg\" alt=\"\" width=\"180\" height=\"120\" \/><\/a> <a href=\"http:\/\/www.bbyhaber.com\/bby\/wp-content\/uploads\/2014\/07\/6yt.jpg\"><img loading=\"lazy\" decoding=\"async\" class=\"alignnone\" src=\"http:\/\/www.bbyhaber.com\/bby\/wp-content\/uploads\/2014\/07\/6yt.jpg\" alt=\"\" width=\"180\" height=\"120\" \/><\/a><\/p>\n<p><a href=\"http:\/\/www.bbyhaber.com\/bby\/wp-content\/uploads\/2014\/07\/7afk.jpg\"><img loading=\"lazy\" decoding=\"async\" class=\"alignnone\" src=\"http:\/\/www.bbyhaber.com\/bby\/wp-content\/uploads\/2014\/07\/7afk.jpg\" alt=\"\" width=\"180\" height=\"120\" \/><\/a> <a href=\"http:\/\/www.bbyhaber.com\/bby\/wp-content\/uploads\/2014\/07\/8mtg.jpg\"><img loading=\"lazy\" decoding=\"async\" class=\"alignnone\" src=\"http:\/\/www.bbyhaber.com\/bby\/wp-content\/uploads\/2014\/07\/8mtg.jpg\" alt=\"\" width=\"180\" height=\"120\" \/><\/a><\/p>\n<p style=\"text-align: justify;\"><strong>Selma Aslan<\/strong> &#8211; Derginin uluslararas\u0131 indekslerde yer alma a\u015famalar\u0131 hakk\u0131nda detayl\u0131 bilgi vermi\u015ftir\u00a0(1993 y\u0131l\u0131ndan itibaren dergi\u00a0 Library and Information Science Abstracts (LISA)&#8217;da indekslenmeye ba\u015flam\u0131\u015ft\u0131r).<\/p>\n<p style=\"text-align: justify;\"><strong>Prof. Dr. Ya\u015far Tonta<\/strong> &#8211; Derginin hakemli bir dergi olma s\u00fcreciyle ilgili detayl\u0131 bilgi vermi\u015ftir (1995 y\u0131l\u0131n\u0131n ikinci say\u0131s\u0131ndan itibaren hakemli makaleler yay\u0131nlanmaya ba\u015flam\u0131\u015ft\u0131r).<\/p>\n<p style=\"text-align: justify;\"><strong>Ali Fuat Kartal<\/strong> &#8211; Derginin a\u00e7\u0131k eri\u015fime a\u00e7\u0131lmas\u0131 hakk\u0131nda detayl\u0131 bilgi vermi\u015ftir.<\/p>\n<p style=\"text-align: justify;\"><strong>Dr. M. Tayfun G\u00fclle<\/strong> &#8211; Derginin mesleki camia ve uluslararas\u0131 arena i\u00e7erisindeki bilimsel ileti\u015fimi, derginin a\u00e7\u0131k eri\u015fim s\u00fcreci ve uluslararas\u0131 a\u00e7\u0131k eri\u015fim indekslerinde derginin yeriyle ilgili bilgi vermi\u015ftir.<\/p>\n<p><iframe loading=\"lazy\" src=\"https:\/\/www.youtube.com\/embed\/hwM1sjVKFUc\" frameborder=\"0\" width=\"560\" height=\"315\"><\/iframe><\/p>\n","protected":false},"excerpt":{"rendered":"<p>T\u00fcrk K\u00fct\u00fcphanecili\u011fi Dergisi&#8217;nin 60. y\u0131l\u0131na \u00f6zel bir belgesel haz\u0131rlanarak T\u00fcrk K\u00fct\u00fcphanecili\u011fi Dergisi&#8217;nin resmi youtube sayfas\u0131nda yay\u0131nlanm\u0131\u015ft\u0131r. Belgesel i\u00e7eri\u011finde konu\u015fmac\u0131 olarak yer alan ki\u015fileri ve belgeseli a\u015fa\u011f\u0131da bulman\u0131z m\u00fcmk\u00fcnd\u00fcr:<\/p>\n","protected":false},"author":1,"featured_media":0,"comment_status":"open","ping_status":"open","sticky":false,"template":"","format":"standard","meta":{"footnotes":""},"categories":[],"tags":[1416],"class_list":["post-14346","post","type-post","status-publish","format-standard","hentry","tag-turk-kutuphaneciligi"],"_links":{"self":[{"href":"https:\/\/www.bbyhaber.com\/bby\/wp-json\/wp\/v2\/posts\/14346"}],"collection":[{"href":"https:\/\/www.bbyhaber.com\/bby\/wp-json\/wp\/v2\/posts"}],"about":[{"href":"https:\/\/www.bbyhaber.com\/bby\/wp-json\/wp\/v2\/types\/post"}],"author":[{"embeddable":true,"href":"https:\/\/www.bbyhaber.com\/bby\/wp-json\/wp\/v2\/users\/1"}],"replies":[{"embeddable":true,"href":"https:\/\/www.bbyhaber.com\/bby\/wp-json\/wp\/v2\/comments?post=14346"}],"version-history":[{"count":0,"href":"https:\/\/www.bbyhaber.com\/bby\/wp-json\/wp\/v2\/posts\/14346\/revisions"}],"wp:attachment":[{"href":"https:\/\/www.bbyhaber.com\/bby\/wp-json\/wp\/v2\/media?parent=14346"}],"wp:term":[{"taxonomy":"category","embeddable":true,"href":"https:\/\/www.bbyhaber.com\/bby\/wp-json\/wp\/v2\/categories?post=14346"},{"taxonomy":"post_tag","embeddable":true,"href":"https:\/\/www.bbyhaber.com\/bby\/wp-json\/wp\/v2\/tags?post=14346"}],"curies":[{"name":"wp","href":"https:\/\/api.w.org\/{rel}","templated":true}]}}