{"id":14310,"date":"2014-07-24T09:20:49","date_gmt":"2014-07-24T06:20:49","guid":{"rendered":"http:\/\/www.bbyhaber.com\/bby\/?p=14310"},"modified":"2017-02-20T14:59:57","modified_gmt":"2017-02-20T11:59:57","slug":"gezici-kutuphane-sinopta-hizmete-girdi","status":"publish","type":"post","link":"https:\/\/www.bbyhaber.com\/bby\/2014\/07\/24\/gezici-kutuphane-sinopta-hizmete-girdi","title":{"rendered":"Gezici K\u00fct\u00fcphane Sinop&#8217;ta hizmete girdi"},"content":{"rendered":"<p style=\"text-align: justify;\"><img loading=\"lazy\" decoding=\"async\" class=\"alignleft\" src=\"http:\/\/www.bbyhaber.com\/bby\/wp-content\/uploads\/2012\/06\/gezici-kutuphane.jpg\" alt=\"\" width=\"250\" height=\"150\" \/>K\u00fclt\u00fcr ve Turizm Bakanl\u0131\u011f\u0131 taraf\u0131ndan ba\u015flat\u0131lan proje kapsam\u0131nda yurt genelinde d\u00fczenlenen Gezici K\u00fct\u00fcphane, Sinop&#8217;ta d\u00fczenlenen t\u00f6renle hizmete girdi. Vali Yavuz Selim K\u00f6\u015fger, Valilik binas\u0131 \u00f6n\u00fcnde d\u00fczenlenen t\u00f6rende, Gezici K\u00fct\u00fcphane&#8217;nin, Sinop&#8217;un gen\u00e7lerine katk\u0131 sa\u011flayaca\u011f\u0131n\u0131 s\u00f6yledi. \u00d6zellikle ilkokulda, ortaokulda, lisede okuyan, hatta \u00fcniversitede okuyanlar\u0131n kitap okuma noktas\u0131nda hi\u00e7bir engelleri kalmad\u0131\u011f\u0131n\u0131 vurgulayan K\u00f6\u015fger, &#8220;Biliyorsunuz, kitap okuman\u0131n tad\u0131,<!--more--> lezzeti ve o bilgilerin kal\u0131c\u0131 olmalar\u0131 \u00e7ok farkl\u0131. Gen\u00e7lerimizi kitap okuma noktas\u0131nda sizlerin arac\u0131l\u0131\u011f\u0131yla da uyarmak istiyorum. Daha \u00e7ok kitap okuyal\u0131m. Gezici K\u00fct\u00fcphane&#8217;nin ilimize vatanda\u015flar\u0131m\u0131za hay\u0131rl\u0131 u\u011furlu olmas\u0131n\u0131 temenni ediyorum&#8221; dedi.<\/p>\n<p style=\"text-align: justify;\">\u0130l K\u00fclt\u00fcr ve Turizm M\u00fcd\u00fcr\u00fc Hikmet Tosun ise \u00e7ocuklara ve gen\u00e7lere a\u011f\u0131rl\u0131kl\u0131 olarak hitap edilecek bir donan\u0131ma sahip arac\u0131n i\u00e7inde televizyon, bilgisayar, internet, buzdolab\u0131, mini f\u0131r\u0131n, dinlenme alan\u0131 bulundu\u011funu belirtti.<\/p>\n<p style=\"text-align: justify;\">Konu\u015fmalar\u0131n ard\u0131ndan k\u00fct\u00fcphanenin a\u00e7\u0131l\u0131\u015f\u0131 yap\u0131ld\u0131. Vali K\u00f6\u015fger, Gezici K\u00fct\u00fcphane&#8217;den &#8220;Kurumlar Sosyolojisi&#8221; adl\u0131 kitab\u0131 okumak i\u00e7in \u00f6d\u00fcn\u00e7 ald\u0131.<\/p>\n<p style=\"text-align: justify;\">Kaynak:\u00a0http:\/\/www.malatyaguncel.com\/<\/p>\n","protected":false},"excerpt":{"rendered":"<p>K\u00fclt\u00fcr ve Turizm Bakanl\u0131\u011f\u0131 taraf\u0131ndan ba\u015flat\u0131lan proje kapsam\u0131nda yurt genelinde d\u00fczenlenen Gezici K\u00fct\u00fcphane, Sinop&#8217;ta d\u00fczenlenen t\u00f6renle hizmete girdi. Vali Yavuz Selim K\u00f6\u015fger, Valilik binas\u0131 \u00f6n\u00fcnde d\u00fczenlenen t\u00f6rende, Gezici K\u00fct\u00fcphane&#8217;nin, Sinop&#8217;un gen\u00e7lerine katk\u0131 sa\u011flayaca\u011f\u0131n\u0131 s\u00f6yledi. \u00d6zellikle ilkokulda, ortaokulda, lisede okuyan, hatta \u00fcniversitede okuyanlar\u0131n kitap okuma noktas\u0131nda hi\u00e7bir engelleri kalmad\u0131\u011f\u0131n\u0131 vurgulayan K\u00f6\u015fger, &#8220;Biliyorsunuz, kitap okuman\u0131n tad\u0131,<\/p>\n","protected":false},"author":1,"featured_media":0,"comment_status":"open","ping_status":"open","sticky":false,"template":"","format":"standard","meta":{"footnotes":""},"categories":[1486],"tags":[1440],"class_list":["post-14310","post","type-post","status-publish","format-standard","hentry","category-gezici-kutuphane","tag-gezici-kutuphaneler"],"_links":{"self":[{"href":"https:\/\/www.bbyhaber.com\/bby\/wp-json\/wp\/v2\/posts\/14310"}],"collection":[{"href":"https:\/\/www.bbyhaber.com\/bby\/wp-json\/wp\/v2\/posts"}],"about":[{"href":"https:\/\/www.bbyhaber.com\/bby\/wp-json\/wp\/v2\/types\/post"}],"author":[{"embeddable":true,"href":"https:\/\/www.bbyhaber.com\/bby\/wp-json\/wp\/v2\/users\/1"}],"replies":[{"embeddable":true,"href":"https:\/\/www.bbyhaber.com\/bby\/wp-json\/wp\/v2\/comments?post=14310"}],"version-history":[{"count":1,"href":"https:\/\/www.bbyhaber.com\/bby\/wp-json\/wp\/v2\/posts\/14310\/revisions"}],"predecessor-version":[{"id":21138,"href":"https:\/\/www.bbyhaber.com\/bby\/wp-json\/wp\/v2\/posts\/14310\/revisions\/21138"}],"wp:attachment":[{"href":"https:\/\/www.bbyhaber.com\/bby\/wp-json\/wp\/v2\/media?parent=14310"}],"wp:term":[{"taxonomy":"category","embeddable":true,"href":"https:\/\/www.bbyhaber.com\/bby\/wp-json\/wp\/v2\/categories?post=14310"},{"taxonomy":"post_tag","embeddable":true,"href":"https:\/\/www.bbyhaber.com\/bby\/wp-json\/wp\/v2\/tags?post=14310"}],"curies":[{"name":"wp","href":"https:\/\/api.w.org\/{rel}","templated":true}]}}