{"id":14294,"date":"2014-07-22T09:59:37","date_gmt":"2014-07-22T06:59:37","guid":{"rendered":"http:\/\/www.bbyhaber.com\/bby\/?p=14294"},"modified":"2015-05-05T16:24:35","modified_gmt":"2015-05-05T13:24:35","slug":"bilgi-ve-belge-yonetimi-tanitim-grubu-artik-web-sayfasiyla-hizmetinizde","status":"publish","type":"post","link":"https:\/\/www.bbyhaber.com\/bby\/2014\/07\/22\/bilgi-ve-belge-yonetimi-tanitim-grubu-artik-web-sayfasiyla-hizmetinizde","title":{"rendered":"Bilgi ve Belge Y\u00f6netimi Tan\u0131t\u0131m Grubu art\u0131k web sayfas\u0131yla hizmetinizde"},"content":{"rendered":"<p style=\"text-align: justify;\"><img loading=\"lazy\" decoding=\"async\" class=\"alignleft\" src=\"http:\/\/bilgibelgetanitim.files.wordpress.com\/2014\/06\/bbytanitim-sayfasi.jpg?w=141&amp;h=154\" alt=\"\" width=\"144\" height=\"106\" \/>Y\u00f6neticili\u011fini <strong>Hasan \u00dcST\u00dcNKOL<\/strong> ve <strong>Nusret AYDEM\u0130R<\/strong>\u2019in yapt\u0131\u011f\u0131, 2011 y\u0131l\u0131nda <strong>facebook<\/strong>da <strong>bir grup<\/strong> olarak kurulan ve 05.05.2015 tarihi itibariyle\u00a0<strong>4.969 \u00fcyesi<\/strong> bulunan<strong> &#8220;<strong>Bilgi ve Belge Y\u00f6netimi Tan\u0131t\u0131m Grubu<\/strong>&#8220;; <\/strong>b\u00f6l\u00fcm ad\u0131na yapt\u0131klar\u0131 tan\u0131t\u0131m \u00e7al\u0131\u015fmalar\u0131n\u0131 daha iyi hizmet verebilmek amac\u0131yla haz\u0131rlad\u0131klar\u0131 web sayfas\u0131 \u00fczerinden de y\u00fcr\u00fctmeye ba\u015flam\u0131\u015flard\u0131r. <!--more--><\/p>\n<p style=\"text-align: justify;\"><a href=\"https:\/\/bilgibelgetanitim.wordpress.com\/\" target=\"_blank\"><span style=\"color: #0000ff;\">Bilgi ve Belge Y\u00f6netimi Tan\u0131t\u0131m Grubu <span style=\"color: #ff0000;\">Web Safyas\u0131<\/span> i\u00e7in l\u00fctfen t\u0131klay\u0131n\u0131z.<\/span><\/a><br \/>\n<a href=\"https:\/\/www.facebook.com\/groups\/135824113173411\/\" target=\"_blank\"><span style=\"color: #0000ff;\">Bilgi ve Belge Y\u00f6netimi Tan\u0131t\u0131m Grubu <span style=\"color: #ff0000;\">Facebook Grubu<\/span> i\u00e7in l\u00fctfen t\u0131klay\u0131n\u0131z.<\/span><\/a><\/p>\n<p style=\"text-align: justify;\">Yeni web sayfas\u0131 g\u00f6r\u00fcnt\u00fcs\u00fc:<\/p>\n<p style=\"text-align: justify;\"><a href=\"http:\/\/www.bbyhaber.com\/bby\/wp-content\/uploads\/2014\/07\/bbytanitim.jpg\"><img loading=\"lazy\" decoding=\"async\" class=\"alignnone\" src=\"http:\/\/www.bbyhaber.com\/bby\/wp-content\/uploads\/2014\/07\/bbytanitim.jpg\" alt=\"\" width=\"492\" height=\"314\" \/><\/a><\/p>\n","protected":false},"excerpt":{"rendered":"<p>Y\u00f6neticili\u011fini Hasan \u00dcST\u00dcNKOL ve Nusret AYDEM\u0130R\u2019in yapt\u0131\u011f\u0131, 2011 y\u0131l\u0131nda facebookda bir grup olarak kurulan ve 05.05.2015 tarihi itibariyle\u00a04.969 \u00fcyesi bulunan &#8220;Bilgi ve Belge Y\u00f6netimi Tan\u0131t\u0131m Grubu&#8220;; b\u00f6l\u00fcm ad\u0131na yapt\u0131klar\u0131 tan\u0131t\u0131m \u00e7al\u0131\u015fmalar\u0131n\u0131 daha iyi hizmet verebilmek amac\u0131yla haz\u0131rlad\u0131klar\u0131 web sayfas\u0131 \u00fczerinden de y\u00fcr\u00fctmeye ba\u015flam\u0131\u015flard\u0131r.<\/p>\n","protected":false},"author":1,"featured_media":0,"comment_status":"open","ping_status":"open","sticky":false,"template":"","format":"standard","meta":{"footnotes":""},"categories":[1],"tags":[],"class_list":["post-14294","post","type-post","status-publish","format-standard","hentry","category-genel"],"_links":{"self":[{"href":"https:\/\/www.bbyhaber.com\/bby\/wp-json\/wp\/v2\/posts\/14294"}],"collection":[{"href":"https:\/\/www.bbyhaber.com\/bby\/wp-json\/wp\/v2\/posts"}],"about":[{"href":"https:\/\/www.bbyhaber.com\/bby\/wp-json\/wp\/v2\/types\/post"}],"author":[{"embeddable":true,"href":"https:\/\/www.bbyhaber.com\/bby\/wp-json\/wp\/v2\/users\/1"}],"replies":[{"embeddable":true,"href":"https:\/\/www.bbyhaber.com\/bby\/wp-json\/wp\/v2\/comments?post=14294"}],"version-history":[{"count":0,"href":"https:\/\/www.bbyhaber.com\/bby\/wp-json\/wp\/v2\/posts\/14294\/revisions"}],"wp:attachment":[{"href":"https:\/\/www.bbyhaber.com\/bby\/wp-json\/wp\/v2\/media?parent=14294"}],"wp:term":[{"taxonomy":"category","embeddable":true,"href":"https:\/\/www.bbyhaber.com\/bby\/wp-json\/wp\/v2\/categories?post=14294"},{"taxonomy":"post_tag","embeddable":true,"href":"https:\/\/www.bbyhaber.com\/bby\/wp-json\/wp\/v2\/tags?post=14294"}],"curies":[{"name":"wp","href":"https:\/\/api.w.org\/{rel}","templated":true}]}}