{"id":14236,"date":"2014-07-14T20:24:46","date_gmt":"2014-07-14T17:24:46","guid":{"rendered":"http:\/\/www.bbyhaber.com\/bby\/?p=14236"},"modified":"2014-09-11T10:01:38","modified_gmt":"2014-09-11T07:01:38","slug":"ogretim-uyesi-yetistirme-programi-oyp-bby-icin-acilan-kadro-sayisi-son-basvuru-01-08-2014","status":"publish","type":"post","link":"https:\/\/www.bbyhaber.com\/bby\/2014\/07\/14\/ogretim-uyesi-yetistirme-programi-oyp-bby-icin-acilan-kadro-sayisi-son-basvuru-01-08-2014","title":{"rendered":"\u00d6\u011fretim \u00dcyesi Yeti\u015ftirme Program\u0131 (\u00d6YP) BBY i\u00e7in a\u00e7\u0131lan kadro say\u0131s\u0131-Son Ba\u015fvuru-01.08.2014"},"content":{"rendered":"<p style=\"text-align: justify;\"><img loading=\"lazy\" decoding=\"async\" class=\"alignleft\" src=\"http:\/\/www.bbyhaber.com\/bby\/wp-content\/uploads\/dosyalar\/oyp\/resimler\/bby-oyp.jpg\" alt=\"\" width=\"70\" height=\"70\" \/>\u00d6\u011fretim \u00dcyesi Yeti\u015ftirme Program\u0131 (\u00d6YP) Temmuz 2014 kadrolar\u0131 bug\u00fcn a\u00e7\u0131kland\u0131. Bilgi ve Belge Y\u00f6netimi (BBY) B\u00f6l\u00fcm\u00fc&#8217;ne a\u00e7\u0131lan toplam<strong><span style=\"color: #0000ff;\"> Ara\u015ft\u0131rma G\u00f6revlisi kadrosu 3<\/span><\/strong>&#8216;d\u00fcr. \u00d6YP ile Ara\u015ft\u0131rma G\u00f6revlisi Kadrosu a\u00e7an \u00fcniversiteler, Ankara ve Atat\u00fcrk \u00dcniversiteleri BBY B\u00f6l\u00fcmleridir. Aranan <span style=\"color: #0000ff;\"><strong>\u00f6zel ve genel \u015fartlar\u0131<\/strong><\/span> <span style=\"color: #0000ff;\"><strong>a\u015fa\u011f\u0131da<\/strong><\/span> bulman\u0131z m\u00fcmk\u00fcnd\u00fcr.<!--more--> Adaylar, <strong><span style=\"color: #ff0000;\">2011 G\u00fcz<\/span><\/strong> ve <span style=\"color: #ff0000;\"><strong>sonras\u0131nda al\u0131nan ALES sonu\u00e7lar\u0131ndan birini kullanabileceklerdir<\/strong><\/span>\u00a0<strong>14\/07\/2014 tarihinde ilan edilen \u00d6YP ara\u015ft\u0131rma g\u00f6revlisi kadrolar\u0131na tercih i\u015flemleri <span style=\"color: #ff0000;\">21\/07\/2014 (Saat:14:00)-01\/08\/2014 (Saat:17:30) tarihleri aras\u0131nda<\/span> Y\u00d6K resmi internet (<a href=\"https:\/\/yoksis.yok.gov.tr\/OYPUYG\" target=\"_blank\">https:\/\/yoksis.yok.gov.tr\/OYPUYG<\/a>) sitesi \u00fczerinden yap\u0131lacakt\u0131r.<br \/>\n<\/strong>{tab=Ankara \u00dcniversitesi-2 Kadro}<\/p>\n<table style=\"width: 450px;\" border=\"1\" cellspacing=\"0\" cellpadding=\"0\">\n<tbody>\n<tr>\n<td><strong>\u0130lan\u0131n \u00c7\u0131k\u0131laca\u011f\u0131 yer<\/strong><\/td>\n<td colspan=\"3\"><strong>ANKARA \u00dcN\u0130VERS\u0130TES\u0130&#8212;&gt;D\u0130L VE TAR\u0130H CO\u011eRAFYA FAK\u00dcLTES\u0130&#8212;&gt;B\u0130LG\u0130 VE BELGE Y\u00d6NET\u0130M\u0130 B\u00d6L\u00dcM\u00dc&#8212;&gt;B\u0130LG\u0130 VE BELGE Y\u00d6NET\u0130M\u0130 ANAB\u0130L\u0130M DALI<\/strong><\/td>\n<\/tr>\n<tr>\n<td><strong>Kadro \u00dcnvan<\/strong><\/td>\n<td><strong><span style=\"color: #0000ff;\">ARA\u015eTIRMA G\u00d6REVL\u0130S\u0130<\/span><\/strong><\/td>\n<\/tr>\n<tr>\n<td><strong>Kadro Say\u0131s\u0131<\/strong><\/td>\n<td><span style=\"color: #ff0000;\"><strong>2<\/strong><\/span><\/td>\n<\/tr>\n<tr>\n<td><strong>\u00d6ZEL \u015eARTLAR<\/strong><\/td>\n<td><strong><span style=\"color: #0000ff;\">B\u0130LG\u0130 VE BELGE Y\u00d6NET\u0130M\u0130 B\u00d6L\u00dcM\u00dc L\u0130SANS MEZUNU OLMAK<\/span><\/strong><\/td>\n<\/tr>\n<tr>\n<td><strong><span style=\"color: #ff0000;\">Son Ba\u015fvuru Tarihi<\/span><\/strong><\/td>\n<td><strong>\u00a001.08.2014<\/strong><\/td>\n<\/tr>\n<tr>\n<td><strong>Ba\u015fvuru Linki<\/strong><\/td>\n<td>Tercih i\u015flemleri 21\/07\/2014 (Saat:14:00)-01\/08\/2014 (Saat:17:30) tarihleri aras\u0131nda a\u015fa\u011fdaki a\u011flant\u0131dan<a href=\"https:\/\/yoksis.yok.gov.tr\/OYPUYG\" target=\"_blank\"><br \/>\nhttps:\/\/yoksis.yok.gov.tr\/OYPUYG<\/a><\/td>\n<\/tr>\n<tr>\n<td><strong>\u00d6YP K\u0131lavuzu<\/strong><\/td>\n<td><a href=\"https:\/\/yoksis.yok.gov.tr\/oypilansayfa\/oypkilavuz2014temmuz.pdf\" target=\"_blank\">https:\/\/yoksis.yok.gov.tr\/oypilansayfa\/oypkilavuz2014temmuz.pdf<\/a><\/td>\n<\/tr>\n<tr>\n<td><strong>GENEL \u015eARTLAR<\/strong><\/td>\n<td><span style=\"color: #0000ff;\"><strong>GENEL \u015eARTLAR<\/strong><\/span><br \/>\n1. 657 say\u0131l\u0131 Kanunun 48 inci maddesinde belirtilen \u015fartlar\u0131 ta\u015f\u0131mak<br \/>\n2. 35 ya\u015f\u0131n\u0131 doldurmam\u0131\u015f olmak (01\/08\/1979 tarihinden sonra do\u011fanlar ba\u015fvuru yapabilecektir.)<br \/>\n3. Ara\u015ft\u0131rma g\u00f6revlisi olarak \u00e7al\u0131\u015fmas\u0131na engel olacak herhangi bir sa\u011fl\u0131k problemi bulunmamak<br \/>\n4. <span style=\"color: #ff0000;\"><strong>Atama yap\u0131lacak program\u0131n lisans e\u011fitimine hangi alanda \u00f6\u011frenci al\u0131n\u0131yorsa o alanda ALES (Akademik Personel ve Lisans\u00fcst\u00fc E\u011fitimi Giri\u015f S\u0131nav\u0131)\u2019den en az 70 (yetmi\u015f) puan alm\u0131\u015f olmak. (Bu s\u0131nav\u0131n sonu\u00e7lar\u0131 a\u00e7\u0131kland\u0131\u011f\u0131 tarihten itibaren \u00fc\u00e7 y\u0131l s\u00fcreyle ge\u00e7erlidir.)<\/strong><\/span><br \/>\nAncak;\u2022\u00d6zel yetenek s\u0131nav\u0131 ve yabanc\u0131 dil puan\u0131 ile \u00f6\u011frenci al\u0131nan alanlara ba\u015fvurularda herhangi bir puan t\u00fcr\u00fcnden en az 70,\u2022E\u011fitim Bilimleri B\u00f6l\u00fcm\u00fcne (Rehberlik ve Psikolojik Dan\u0131\u015fmanl\u0131k anabilim dal\u0131 hari\u00e7) yap\u0131lan ba\u015fvurularda, adaylar\u0131n lisans \u00f6\u011freniminde mezun olduklar\u0131 alandan en az 70,\u2022Alan t\u00fcr\u00fc de\u011fi\u015fen programlardan mezun olanlar\u0131n, lisans e\u011fitimine ba\u015flad\u0131klar\u0131 puan t\u00fcr\u00fcnden en az 70 puan almalar\u0131 gerekmektedir.5. <strong>Ba\u015fkanl\u0131\u011f\u0131m\u0131zca 21\/07\/2014-01\/08\/2014 tarihleri aras\u0131nda yap\u0131lacak olan ba\u015fvuru i\u015flemlerinde, adaylar 2011 G\u00fcz ve sonras\u0131nda al\u0131nan ALES sonu\u00e7lar\u0131ndan birini kullanabileceklerdir<\/strong>6. Adaylar ba\u015fvurular\u0131n\u0131 \u00dcDS\/KPDS\/YDS veya e\u015fde\u011ferlili\u011fi \u00d6SYM taraf\u0131ndan belirlenen bir yabanc\u0131 dil s\u0131nav sonucu ile yapabilmektedirler.7. Adaylar\u0131n mezun olduklar\u0131 \u00fcniversitenin mezuniyete esas not sistemi 4\u2019l\u00fck veya 5\u2019lik ise, mezuniyet notunun hesaplanmas\u0131nda, Y\u00fcksek\u00f6\u011fretim Kurulu Karar\u0131yla belirlenen 4\u2019l\u00fck ve 5\u2019lik not sisteminin 100\u2019l\u00fck not sistemine e\u015fde\u011ferlili\u011fi tablosunu esas almalar\u0131 gerekmektedir. \u00d6YP Tercih Sisteminde e\u015fde\u011ferlilik tablosunu kolayca kullanman\u0131z\u0131 sa\u011flayacak \u00f6zellikler bulunmaktad\u0131r.8. <strong>\u00d6\u011fretim \u00dcyesi Yeti\u015ftirme Program\u0131 kapsam\u0131nda, ara\u015ft\u0131rma g\u00f6revlisi kadrolar\u0131na ba\u015fvuran adaylar\u0131n, yerle\u015ftirme i\u015flemleri lisans genel not ortalamalar\u0131n\u0131n %25\u2019i ile Akademik Personel ve Lisans\u00fcst\u00fc E\u011fitimi Giri\u015f S\u0131nav\u0131nda (ALES) ilgili alanda al\u0131nan puanlar\u0131n\u0131n %60\u2019\u0131 ve varsa yabanc\u0131 dil puanlar\u0131n\u0131n %15\u2019i dikkate al\u0131narak Ba\u015fkanl\u0131\u011f\u0131m\u0131zca merkezi sistemle ger\u00e7ekle\u015ftirilecektir.<\/strong>10. \u00d6YP ara\u015ft\u0131rma g\u00f6revlisi kadro ilanlar\u0131nda belirtilen Y\u00fcksek Lisans\u2019a ili\u015fkin \u015fartlarda, adaylar\u0131n Tezli Y\u00fcksek Lisans yap\u0131yor veya yapm\u0131\u015f olmas\u0131 gerekmektedir. (Tezsiz y\u00fcksek lisans yapmakta olan adaylar\u0131n, yerle\u015fseler bile, atamalar\u0131 yap\u0131lmayacakt\u0131r)<\/td>\n<\/tr>\n<tr>\n<td><strong>MUAF\u0130YET<\/strong><\/td>\n<td><strong>MUAF\u0130YET<\/strong><br \/>\n1. Doktoras\u0131n\u0131 tamamlam\u0131\u015f olanlar,<br \/>\n2. Y\u00fcksek\u00f6\u011fretim Kurumlar\u0131nda \u00f6\u011fretim \u00fcyesi d\u0131\u015f\u0131ndaki \u00f6\u011fretim eleman\u0131 kadrolar\u0131nda \u00e7al\u0131\u015fmakta olanlar,<br \/>\n3. Y\u00fcksek\u00f6\u011fretim Kurumlar\u0131nda \u00f6\u011fretim \u00fcyesi d\u0131\u015f\u0131ndaki \u00f6\u011fretim eleman\u0131 kadrolar\u0131nda \u00e7al\u0131\u015fmaktayken ayr\u0131lan \u00f6\u011fretim elemanlar\u0131n\u0131n \u00e7al\u0131\u015fmakta olduklar\u0131 kurumlar\u0131nda veya ba\u015fka y\u00fcksek\u00f6\u011fretim kurumlar\u0131nda \u00f6\u011fretim eleman\u0131 kadrolar\u0131na ba\u015fvurular\u0131nda merkezi s\u0131navdan (ALES) muaf olup, bu adaylar\u0131n yerle\u015ftirme i\u015flemlerinde ALES puan\u0131 70 olarak de\u011ferlendirmeye al\u0131nacakt\u0131r.<\/td>\n<\/tr>\n<\/tbody>\n<\/table>\n<p>{tab=Atat\u00fcrk \u00dcniversitesi-1 Kadro}<\/p>\n<table style=\"width: 450px;\" border=\"1\" cellspacing=\"0\" cellpadding=\"0\">\n<tbody>\n<tr>\n<td><strong>\u0130lan\u0131n \u00c7\u0131k\u0131laca\u011f\u0131 yer<\/strong><\/td>\n<td colspan=\"3\"><strong>ATAT\u00dcRK \u00dcN\u0130VERS\u0130TES\u0130&#8212;&gt;EDEB\u0130YAT FAK\u00dcLTES\u0130&#8212;&gt;B\u0130LG\u0130 VE BELGE Y\u00d6NET\u0130M\u0130 B\u00d6L\u00dcM\u00dc<\/strong><\/td>\n<\/tr>\n<tr>\n<td><strong>Kadro \u00dcnvan<\/strong><\/td>\n<td><span style=\"color: #0000ff;\"><strong>ARA\u015eTIRMA G\u00d6REVL\u0130S\u0130<\/strong><\/span><\/td>\n<\/tr>\n<tr>\n<td><strong>Kadro Say\u0131s\u0131<\/strong><\/td>\n<td><strong><span style=\"color: #ff0000;\">1<\/span><\/strong><\/td>\n<\/tr>\n<tr>\n<td><strong>\u00d6ZEL \u015eARTLAR<\/strong><\/td>\n<td><span style=\"color: #0000ff;\"><strong>B\u0130LG\u0130 VE BELGE Y\u00d6NET\u0130M\u0130 B\u00d6L\u00dcM\u00dc L\u0130SANS MEZUNU OLMAK\u00a0<\/strong><\/span><\/td>\n<\/tr>\n<tr>\n<td><span style=\"color: #ff0000;\"><strong>Son Ba\u015fvuru Tarihi<\/strong><\/span><\/td>\n<td>\u00a0<span style=\"color: #0000ff;\"><strong>01.08.2014<\/strong><\/span><\/td>\n<\/tr>\n<tr>\n<td><strong>Ba\u015fvuru Linki<\/strong><\/td>\n<td>Tercih i\u015flemleri 21\/07\/2014 (Saat:14:00)-01\/08\/2014 (Saat:17:30) tarihleri aras\u0131nda a\u015fa\u011fdaki a\u011flant\u0131dan<a href=\"https:\/\/yoksis.yok.gov.tr\/OYPUYG\" target=\"_blank\"><br \/>\nhttps:\/\/yoksis.yok.gov.tr\/OYPUYG<\/a><\/td>\n<\/tr>\n<tr>\n<td><strong>\u00d6YP K\u0131lavuzu<\/strong><\/td>\n<td><a href=\"https:\/\/yoksis.yok.gov.tr\/oypilansayfa\/oypkilavuz2014temmuz.pdf\" target=\"_blank\">https:\/\/yoksis.yok.gov.tr\/oypilansayfa\/oypkilavuz2014temmuz.pdf<\/a><\/td>\n<\/tr>\n<tr>\n<td>GENEL \u015eARTLAR<\/td>\n<td><strong><span style=\"color: #0000ff;\">GENEL \u015eARTLAR<\/span><br \/>\n<\/strong>1. 657 say\u0131l\u0131 Kanunun 48 inci maddesinde belirtilen \u015fartlar\u0131 ta\u015f\u0131mak<br \/>\n2. 35 ya\u015f\u0131n\u0131 doldurmam\u0131\u015f olmak (01\/08\/1979 tarihinden sonra do\u011fanlar ba\u015fvuru yapabilecektir.)<br \/>\n3. Ara\u015ft\u0131rma g\u00f6revlisi olarak \u00e7al\u0131\u015fmas\u0131na engel olacak herhangi bir sa\u011fl\u0131k problemi bulunmamak<br \/>\n4.<span style=\"color: #ff0000;\"><strong> Atama yap\u0131lacak program\u0131n lisans e\u011fitimine hangi alanda \u00f6\u011frenci al\u0131n\u0131yorsa o alanda ALES (Akademik Personel ve Lisans\u00fcst\u00fc E\u011fitimi Giri\u015f S\u0131nav\u0131)\u2019den en az 70 (yetmi\u015f) puan alm\u0131\u015f olmak. (Bu s\u0131nav\u0131n sonu\u00e7lar\u0131 a\u00e7\u0131kland\u0131\u011f\u0131 tarihten itibaren \u00fc\u00e7 y\u0131l s\u00fcreyle ge\u00e7erlidir.)<\/strong><\/span><br \/>\nAncak;\u2022\u00d6zel yetenek s\u0131nav\u0131 ve yabanc\u0131 dil puan\u0131 ile \u00f6\u011frenci al\u0131nan alanlara ba\u015fvurularda herhangi bir puan t\u00fcr\u00fcnden en az 70,\u2022E\u011fitim Bilimleri B\u00f6l\u00fcm\u00fcne (Rehberlik ve Psikolojik Dan\u0131\u015fmanl\u0131k anabilim dal\u0131 hari\u00e7) yap\u0131lan ba\u015fvurularda, adaylar\u0131n lisans \u00f6\u011freniminde mezun olduklar\u0131 alandan en az 70,\u2022Alan t\u00fcr\u00fc de\u011fi\u015fen programlardan mezun olanlar\u0131n, lisans e\u011fitimine ba\u015flad\u0131klar\u0131 puan t\u00fcr\u00fcnden en az 70 puan almalar\u0131 gerekmektedir.5. <strong>Ba\u015fkanl\u0131\u011f\u0131m\u0131zca 21\/07\/2014-01\/08\/2014 tarihleri aras\u0131nda yap\u0131lacak olan ba\u015fvuru i\u015flemlerinde, adaylar 2011 G\u00fcz ve sonras\u0131nda al\u0131nan ALES sonu\u00e7lar\u0131ndan birini kullanabileceklerdir<\/strong>6. Adaylar ba\u015fvurular\u0131n\u0131 \u00dcDS\/KPDS\/YDS veya e\u015fde\u011ferlili\u011fi \u00d6SYM taraf\u0131ndan belirlenen bir yabanc\u0131 dil s\u0131nav sonucu ile yapabilmektedirler.7. Adaylar\u0131n mezun olduklar\u0131 \u00fcniversitenin mezuniyete esas not sistemi 4\u2019l\u00fck veya 5\u2019lik ise, mezuniyet notunun hesaplanmas\u0131nda, Y\u00fcksek\u00f6\u011fretim Kurulu Karar\u0131yla belirlenen 4\u2019l\u00fck ve 5\u2019lik not sisteminin 100\u2019l\u00fck not sistemine e\u015fde\u011ferlili\u011fi tablosunu esas almalar\u0131 gerekmektedir. \u00d6YP Tercih Sisteminde e\u015fde\u011ferlilik tablosunu kolayca kullanman\u0131z\u0131 sa\u011flayacak \u00f6zellikler bulunmaktad\u0131r.8. <strong>\u00d6\u011fretim \u00dcyesi Yeti\u015ftirme Program\u0131 kapsam\u0131nda, ara\u015ft\u0131rma g\u00f6revlisi kadrolar\u0131na ba\u015fvuran adaylar\u0131n, yerle\u015ftirme i\u015flemleri lisans genel not ortalamalar\u0131n\u0131n %25\u2019i ile Akademik Personel ve Lisans\u00fcst\u00fc E\u011fitimi Giri\u015f S\u0131nav\u0131nda (ALES) ilgili alanda al\u0131nan puanlar\u0131n\u0131n %60\u2019\u0131 ve varsa yabanc\u0131 dil puanlar\u0131n\u0131n %15\u2019i dikkate al\u0131narak Ba\u015fkanl\u0131\u011f\u0131m\u0131zca merkezi sistemle ger\u00e7ekle\u015ftirilecektir<\/strong>.10. \u00d6YP ara\u015ft\u0131rma g\u00f6revlisi kadro ilanlar\u0131nda belirtilen Y\u00fcksek Lisans\u2019a ili\u015fkin \u015fartlarda, adaylar\u0131n Tezli Y\u00fcksek Lisans yap\u0131yor veya yapm\u0131\u015f olmas\u0131 gerekmektedir. (Tezsiz y\u00fcksek lisans yapmakta olan adaylar\u0131n, yerle\u015fseler bile, atamalar\u0131 yap\u0131lmayacakt\u0131r)<\/td>\n<\/tr>\n<tr>\n<td>MUAF\u0130YET<\/td>\n<td>MUAF\u0130YET<br \/>\n1. Doktoras\u0131n\u0131 tamamlam\u0131\u015f olanlar,<br \/>\n2. Y\u00fcksek\u00f6\u011fretim Kurumlar\u0131nda \u00f6\u011fretim \u00fcyesi d\u0131\u015f\u0131ndaki \u00f6\u011fretim eleman\u0131 kadrolar\u0131nda \u00e7al\u0131\u015fmakta olanlar,<br \/>\n3. Y\u00fcksek\u00f6\u011fretim Kurumlar\u0131nda \u00f6\u011fretim \u00fcyesi d\u0131\u015f\u0131ndaki \u00f6\u011fretim eleman\u0131 kadrolar\u0131nda \u00e7al\u0131\u015fmaktayken ayr\u0131lan \u00f6\u011fretim elemanlar\u0131n\u0131n \u00e7al\u0131\u015fmakta olduklar\u0131 kurumlar\u0131nda veya ba\u015fka y\u00fcksek\u00f6\u011fretim kurumlar\u0131nda \u00f6\u011fretim eleman\u0131 kadrolar\u0131na ba\u015fvurular\u0131nda merkezi s\u0131navdan (ALES) muaf olup, bu adaylar\u0131n yerle\u015ftirme i\u015flemlerinde ALES puan\u0131 70 olarak de\u011ferlendirmeye al\u0131nacakt\u0131r.<\/td>\n<\/tr>\n<\/tbody>\n<\/table>\n<p>{\/tabs}<\/p>\n","protected":false},"excerpt":{"rendered":"<p>\u00d6\u011fretim \u00dcyesi Yeti\u015ftirme Program\u0131 (\u00d6YP) Temmuz 2014 kadrolar\u0131 bug\u00fcn a\u00e7\u0131kland\u0131. Bilgi ve Belge Y\u00f6netimi (BBY) B\u00f6l\u00fcm\u00fc&#8217;ne a\u00e7\u0131lan toplam Ara\u015ft\u0131rma G\u00f6revlisi kadrosu 3&#8216;d\u00fcr. \u00d6YP ile Ara\u015ft\u0131rma G\u00f6revlisi Kadrosu a\u00e7an \u00fcniversiteler, Ankara ve Atat\u00fcrk \u00dcniversiteleri BBY B\u00f6l\u00fcmleridir. Aranan \u00f6zel ve genel \u015fartlar\u0131 a\u015fa\u011f\u0131da bulman\u0131z m\u00fcmk\u00fcnd\u00fcr.<\/p>\n","protected":false},"author":1,"featured_media":0,"comment_status":"open","ping_status":"open","sticky":false,"template":"","format":"standard","meta":{"footnotes":""},"categories":[1547],"tags":[1397],"class_list":["post-14236","post","type-post","status-publish","format-standard","hentry","category-bby-oyp","tag-bby-oyp-3"],"_links":{"self":[{"href":"https:\/\/www.bbyhaber.com\/bby\/wp-json\/wp\/v2\/posts\/14236"}],"collection":[{"href":"https:\/\/www.bbyhaber.com\/bby\/wp-json\/wp\/v2\/posts"}],"about":[{"href":"https:\/\/www.bbyhaber.com\/bby\/wp-json\/wp\/v2\/types\/post"}],"author":[{"embeddable":true,"href":"https:\/\/www.bbyhaber.com\/bby\/wp-json\/wp\/v2\/users\/1"}],"replies":[{"embeddable":true,"href":"https:\/\/www.bbyhaber.com\/bby\/wp-json\/wp\/v2\/comments?post=14236"}],"version-history":[{"count":0,"href":"https:\/\/www.bbyhaber.com\/bby\/wp-json\/wp\/v2\/posts\/14236\/revisions"}],"wp:attachment":[{"href":"https:\/\/www.bbyhaber.com\/bby\/wp-json\/wp\/v2\/media?parent=14236"}],"wp:term":[{"taxonomy":"category","embeddable":true,"href":"https:\/\/www.bbyhaber.com\/bby\/wp-json\/wp\/v2\/categories?post=14236"},{"taxonomy":"post_tag","embeddable":true,"href":"https:\/\/www.bbyhaber.com\/bby\/wp-json\/wp\/v2\/tags?post=14236"}],"curies":[{"name":"wp","href":"https:\/\/api.w.org\/{rel}","templated":true}]}}