{"id":14156,"date":"2014-07-09T10:24:53","date_gmt":"2014-07-09T07:24:53","guid":{"rendered":"http:\/\/www.bbyhaber.com\/bby\/?p=14156"},"modified":"2014-07-09T10:25:38","modified_gmt":"2014-07-09T07:25:38","slug":"somaya-kutuphane-somayakutuphane","status":"publish","type":"post","link":"https:\/\/www.bbyhaber.com\/bby\/2014\/07\/09\/somaya-kutuphane-somayakutuphane","title":{"rendered":"Soma&#8217;ya K\u00fct\u00fcphane #SomayaKutuphane"},"content":{"rendered":"<p style=\"text-align: justify;\"><img loading=\"lazy\" decoding=\"async\" class=\"alignleft\" src=\"http:\/\/www.bbyhaber.com\/bby\/wp-content\/uploads\/2014\/07\/gonullukalem.jpg\" alt=\"\" width=\"277\" height=\"136\" \/>G\u00f6n\u00fcll\u00fc Kalem Derne\u011fi, T\u00fcrkiye \u0130yilik Melekleri ile birlikte Soma&#8217;ya k\u00fct\u00fcphane kurmak i\u00e7in \u00e7al\u0131\u015fmalara ba\u015flad\u0131. Soma&#8217;da ya\u015fanan maden facias\u0131n\u0131n ard\u0131ndan b\u00f6lgeye k\u00fct\u00fcphane kurmak i\u00e7in G\u00f6n\u00fcll\u00fc Kalem Derne\u011fi taraf\u0131ndan kitap toplama kampanyas\u0131 ba\u015flat\u0131ld\u0131. &#8216;Soma&#8217;ya K\u00fct\u00fcphane&#8217; kampanyas\u0131 \u00e7er\u00e7evesinde \u00e7al\u0131\u015fmalara ba\u015flayan G\u00f6n\u00fcll\u00fc Kalem Derne\u011fi, ilk olarak projeyi sosyal medya \u00fczerinden herkese duyurdu. Yakla\u015f\u0131k bir ay s\u00fcrecek olan kampanyada toplanan kitaplar, Soma&#8217;ya g\u00f6t\u00fcr\u00fclerek, k\u00fct\u00fcphaneler olu\u015fturulacak.<!--more--><\/p>\n<p style=\"text-align: justify;\">Soma&#8217;l\u0131 Yetimlerimize K\u0130TAP ve OYUNCAK Yard\u0131m\u0131..<\/p>\n<p style=\"text-align: justify;\"><span style=\"color: #0000ff;\"><strong>\u0130leti\u015fim:<\/strong><\/span><\/p>\n<p style=\"text-align: justify;\">e-mail: gonullukalem@gmail.com<br \/>\nTlf:0539 665 08 44 &#8211; 0545 559 44 56<br \/>\nSancaktar Mh. Aslantepe Cd No:81 44100 Malatya<\/p>\n<p style=\"text-align: justify;\"><a href=\"https:\/\/www.facebook.com\/GonulluKalem\" target=\"_blank\"><span style=\"color: #0000ff;\">Facebook \u0130leti\u015fim<\/span><\/a><\/p>\n","protected":false},"excerpt":{"rendered":"<p>G\u00f6n\u00fcll\u00fc Kalem Derne\u011fi, T\u00fcrkiye \u0130yilik Melekleri ile birlikte Soma&#8217;ya k\u00fct\u00fcphane kurmak i\u00e7in \u00e7al\u0131\u015fmalara ba\u015flad\u0131. Soma&#8217;da ya\u015fanan maden facias\u0131n\u0131n ard\u0131ndan b\u00f6lgeye k\u00fct\u00fcphane kurmak i\u00e7in G\u00f6n\u00fcll\u00fc Kalem Derne\u011fi taraf\u0131ndan kitap toplama kampanyas\u0131 ba\u015flat\u0131ld\u0131. &#8216;Soma&#8217;ya K\u00fct\u00fcphane&#8217; kampanyas\u0131 \u00e7er\u00e7evesinde \u00e7al\u0131\u015fmalara ba\u015flayan G\u00f6n\u00fcll\u00fc Kalem Derne\u011fi, ilk olarak projeyi sosyal medya \u00fczerinden herkese duyurdu. Yakla\u015f\u0131k bir ay s\u00fcrecek olan kampanyada toplanan [&hellip;]<\/p>\n","protected":false},"author":1,"featured_media":0,"comment_status":"open","ping_status":"open","sticky":false,"template":"","format":"standard","meta":{"footnotes":""},"categories":[1],"tags":[532],"class_list":["post-14156","post","type-post","status-publish","format-standard","hentry","category-genel","tag-soma"],"_links":{"self":[{"href":"https:\/\/www.bbyhaber.com\/bby\/wp-json\/wp\/v2\/posts\/14156"}],"collection":[{"href":"https:\/\/www.bbyhaber.com\/bby\/wp-json\/wp\/v2\/posts"}],"about":[{"href":"https:\/\/www.bbyhaber.com\/bby\/wp-json\/wp\/v2\/types\/post"}],"author":[{"embeddable":true,"href":"https:\/\/www.bbyhaber.com\/bby\/wp-json\/wp\/v2\/users\/1"}],"replies":[{"embeddable":true,"href":"https:\/\/www.bbyhaber.com\/bby\/wp-json\/wp\/v2\/comments?post=14156"}],"version-history":[{"count":0,"href":"https:\/\/www.bbyhaber.com\/bby\/wp-json\/wp\/v2\/posts\/14156\/revisions"}],"wp:attachment":[{"href":"https:\/\/www.bbyhaber.com\/bby\/wp-json\/wp\/v2\/media?parent=14156"}],"wp:term":[{"taxonomy":"category","embeddable":true,"href":"https:\/\/www.bbyhaber.com\/bby\/wp-json\/wp\/v2\/categories?post=14156"},{"taxonomy":"post_tag","embeddable":true,"href":"https:\/\/www.bbyhaber.com\/bby\/wp-json\/wp\/v2\/tags?post=14156"}],"curies":[{"name":"wp","href":"https:\/\/api.w.org\/{rel}","templated":true}]}}