{"id":14120,"date":"2014-07-07T09:25:50","date_gmt":"2014-07-07T06:25:50","guid":{"rendered":"http:\/\/www.bbyhaber.com\/bby\/?p=14120"},"modified":"2017-01-18T09:46:02","modified_gmt":"2017-01-18T06:46:02","slug":"23-yil-sonra-ilce-halk-kutuphanesi-acildi-giresuncanakci","status":"publish","type":"post","link":"https:\/\/www.bbyhaber.com\/bby\/2014\/07\/07\/23-yil-sonra-ilce-halk-kutuphanesi-acildi-giresuncanakci","title":{"rendered":"23 y\u0131l sonra il\u00e7e halk k\u00fct\u00fcphanesi a\u00e7\u0131ld\u0131-Giresun\/\u00c7anak\u00e7\u0131"},"content":{"rendered":"<p style=\"text-align: justify;\">1991 y\u0131l\u0131nda G\u00f6rele\u2019den ayr\u0131larak il\u00e7e olan \u00c7anak\u00e7\u0131\u2019ya aradan ge\u00e7en 23 y\u0131ldan sonra il\u00e7e halk k\u00fct\u00fcphanesinin a\u00e7\u0131lmas\u0131 g\u00fczel bir geli\u015fme olarak il\u00e7e halk\u0131 taraf\u0131ndan takdirle kar\u015f\u0131land\u0131. \u0130l\u00e7eye ilk geldi\u011fi zaman, halk k\u00fct\u00fcphanesinin olmay\u0131\u015f\u0131n\u0131 b\u00fcy\u00fck bir eksiklik olarak de\u011ferlendiren Kaymakam Mehmet Fatih Kara g\u00f6rev s\u00fcresinin dolmas\u0131na yak\u0131n bu kurumun il\u00e7eye kazand\u0131r\u0131lmas\u0131nda b\u00fcy\u00fck emek sahibi.<!--more--><\/p>\n<p style=\"text-align: justify;\">Kaymakam Kara, <strong>en b\u00fcy\u00fck g\u00fcc\u00fcn bilgi oldu\u011funu ve bunun yolunun da kitap okumaktan ge\u00e7ti\u011fini belirtti, \u201cEn g\u00fczel, en ferah ve en kolay ula\u015f\u0131labilir binalar\u0131n k\u00fct\u00fcphaneler olmas\u0131 gerekti\u011fini ve k\u00fct\u00fcphanelerin, insanlar\u0131n \u00e7ok\u00e7a zamanlar\u0131n\u0131 ge\u00e7irebilecekleri ya\u015fam alanlar\u0131 haline d\u00f6n\u00fc\u015ft\u00fcr\u00fclmesi gerekti\u011fini d\u00fc\u015f\u00fcn\u00fcyorum\u201d dedi.<\/strong><\/p>\n<p style=\"text-align: justify;\">K\u00fct\u00fcphanenin a\u00e7\u0131l\u0131\u015f\u0131 ge\u00e7en hafta Vali Hasan Karahan\u2019\u0131n kat\u0131l\u0131m\u0131yla ger\u00e7ekle\u015ftirilmi\u015fti.<\/p>\n<p style=\"text-align: justify;\">Kaynak:\u00a0http:\/\/www.giresungazete.net\/<\/p>\n","protected":false},"excerpt":{"rendered":"<p>1991 y\u0131l\u0131nda G\u00f6rele\u2019den ayr\u0131larak il\u00e7e olan \u00c7anak\u00e7\u0131\u2019ya aradan ge\u00e7en 23 y\u0131ldan sonra il\u00e7e halk k\u00fct\u00fcphanesinin a\u00e7\u0131lmas\u0131 g\u00fczel bir geli\u015fme olarak il\u00e7e halk\u0131 taraf\u0131ndan takdirle kar\u015f\u0131land\u0131. \u0130l\u00e7eye ilk geldi\u011fi zaman, halk k\u00fct\u00fcphanesinin olmay\u0131\u015f\u0131n\u0131 b\u00fcy\u00fck bir eksiklik olarak de\u011ferlendiren Kaymakam Mehmet Fatih Kara g\u00f6rev s\u00fcresinin dolmas\u0131na yak\u0131n bu kurumun il\u00e7eye kazand\u0131r\u0131lmas\u0131nda b\u00fcy\u00fck emek sahibi.<\/p>\n","protected":false},"author":1,"featured_media":0,"comment_status":"open","ping_status":"open","sticky":false,"template":"","format":"standard","meta":{"footnotes":""},"categories":[],"tags":[848],"class_list":["post-14120","post","type-post","status-publish","format-standard","hentry","tag-halk-kutuphaneleri"],"_links":{"self":[{"href":"https:\/\/www.bbyhaber.com\/bby\/wp-json\/wp\/v2\/posts\/14120"}],"collection":[{"href":"https:\/\/www.bbyhaber.com\/bby\/wp-json\/wp\/v2\/posts"}],"about":[{"href":"https:\/\/www.bbyhaber.com\/bby\/wp-json\/wp\/v2\/types\/post"}],"author":[{"embeddable":true,"href":"https:\/\/www.bbyhaber.com\/bby\/wp-json\/wp\/v2\/users\/1"}],"replies":[{"embeddable":true,"href":"https:\/\/www.bbyhaber.com\/bby\/wp-json\/wp\/v2\/comments?post=14120"}],"version-history":[{"count":1,"href":"https:\/\/www.bbyhaber.com\/bby\/wp-json\/wp\/v2\/posts\/14120\/revisions"}],"predecessor-version":[{"id":20872,"href":"https:\/\/www.bbyhaber.com\/bby\/wp-json\/wp\/v2\/posts\/14120\/revisions\/20872"}],"wp:attachment":[{"href":"https:\/\/www.bbyhaber.com\/bby\/wp-json\/wp\/v2\/media?parent=14120"}],"wp:term":[{"taxonomy":"category","embeddable":true,"href":"https:\/\/www.bbyhaber.com\/bby\/wp-json\/wp\/v2\/categories?post=14120"},{"taxonomy":"post_tag","embeddable":true,"href":"https:\/\/www.bbyhaber.com\/bby\/wp-json\/wp\/v2\/tags?post=14120"}],"curies":[{"name":"wp","href":"https:\/\/api.w.org\/{rel}","templated":true}]}}