{"id":14112,"date":"2014-07-06T12:41:01","date_gmt":"2014-07-06T09:41:01","guid":{"rendered":"http:\/\/www.bbyhaber.com\/bby\/?p=14112"},"modified":"2014-07-06T12:41:01","modified_gmt":"2014-07-06T09:41:01","slug":"kitapta-gecen-alevilere-hakaret-nedeniyle-prof-dr-onur-bilge-kula-istifa-etti","status":"publish","type":"post","link":"https:\/\/www.bbyhaber.com\/bby\/2014\/07\/06\/kitapta-gecen-alevilere-hakaret-nedeniyle-prof-dr-onur-bilge-kula-istifa-etti","title":{"rendered":"Kitapta ge\u00e7en Aleviler&#8217;e hakaret nedeniyle Prof. Dr. Onur Bilge Kula istifa etti"},"content":{"rendered":"<p style=\"text-align: justify;\"><img loading=\"lazy\" decoding=\"async\" class=\"alignleft\" src=\"http:\/\/i.radikal.com.tr\/542x290\/2014\/07\/06\/fft81_mf2270904.Jpeg\" alt=\"\" width=\"150\" height=\"150\" \/>\u0130stanbul \u00dcniversitesi \u00d6\u011fretim \u00fcyesi ve Yunus Emre Enstit\u00fcs\u00fc Ba\u015fkan\u0131 Prof. Dr. Hayati Develi\u2019nin A\u00e7\u0131k\u00f6\u011fretim Fak\u00fcltesi T\u00fcrk Dili Edebiyat\u0131 B\u00f6l\u00fcm\u00fc \u00f6\u011frencilerine okutulan \u201cOsmanl\u0131 T\u00fcrk\u00e7esi Klavuzu 2\u201d adl\u0131 ders kitab\u0131nda ge\u00e7en ve Alevi yurtta\u015flar\u0131 k\u00fc\u00e7\u00fck d\u00fc\u015f\u00fcr\u00fcc\u00fc \u201cK\u00f6t\u00fc ayin yapan K\u0131z\u0131lba\u015flar. Allah onlar\u0131 k\u0131yamete kadar a\u015fa\u011f\u0131l\u0131k ve adi etsin\u201d s\u00f6zleri istifa getirdi.<!--more--><\/p>\n<p style=\"text-align: justify;\">Cumhuriyet&#8217;in haberine g\u00f6re, enstit\u00fcde \u201cdan\u0131\u015fman\u201d olarak g\u00f6rev yapan, eski K\u00fclt\u00fcr ve Turizm Bakanl\u0131\u011f\u0131 K\u00fclt\u00fcr Varl\u0131klar\u0131 ve Genel M\u00fcd\u00fcr\u00fc Prof. Dr. Onur Bilge Kula, g\u00f6revinden istifa etti. Kula, \u201cB\u00f6yle bir anlay\u0131\u015f\u0131 temsil eden birinin ba\u015fkan oldu\u011fu kurumda ad\u0131m\u0131n dan\u0131\u015fman olarak ge\u00e7mesini asla kabul edemem. Bu s\u00f6zlerden insanl\u0131\u011f\u0131m ad\u0131na utan\u00e7 ve \u00fcz\u00fcnt\u00fc duyuyorum. Alevi yurtta\u015flar\u0131m\u0131za s\u00f6ylenen bu a\u015fa\u011f\u0131lay\u0131c\u0131 s\u00f6zleri kim kabul edebilir?\u201d dedi.<\/p>\n<p style=\"text-align: justify;\">Prof. Dr. Onur Bilge Kula, istifa dilek\u00e7esini Yunus Emre Enstit\u00fcs\u00fc Ba\u015fkanl\u0131\u011f\u0131\u2019na bildirdi\u011fini belirterek, istifas\u0131na ili\u015fkin Cumhuriyet\u2019e a\u00e7\u0131klamada bulundu. Kula, enstit\u00fc ba\u015fkan\u0131 Hayati Develi taraf\u0131ndan haz\u0131rlanan kitab\u0131n on binlerce gen\u00e7 insana okutuldu\u011funu ve bunun asla kabul edilemeyece\u011fini belirterek, \u015funlar\u0131 s\u00f6yledi: \u201cBu kitapta Develi, \u2018K\u00f6t\u00fc ayin yapan K\u0131z\u0131lba\u015flar. Allah onlar\u0131 k\u0131yamete kadar a\u015fa\u011f\u0131l\u0131k ve adi etsin\u2019 ve \u2018din zamanlar\u0131nda namaz k\u0131l\u0131nm\u0131yordu\u2019 anlam\u0131na gelen \u2018K\u0131z\u0131lba\u015f-\u0131 bed-ayin-hazem\u00fc\u2019llahu ila-yevmid-din zaman\u0131nda namaz k\u0131lmay\u0131n\u2019 diyor. Bu s\u00f6zler affedilecek s\u00f6zler de\u011fildir. Yunus Emre gibi insanl\u0131k de\u011ferlerini, bar\u0131\u015f\u0131, sevgiyi \u00f6ne \u00e7\u0131karan \u00f6nemli bir T\u00fcrk d\u00fc\u015f\u00fcn\u00fcr\u00fcn\u00fcn ve \u015fairinin ad\u0131n\u0131 ta\u015f\u0131yan enstit\u00fcn\u00fcn ba\u015f\u0131nda bulunan ki\u015fi b\u00f6yle s\u00f6zler edebilir mi? B\u00f6yle bir anlay\u0131\u015f\u0131 temsil eden bir ba\u015fkan\u0131n bulundu\u011fu kurumda ad\u0131m\u0131n dan\u0131\u015fman olarak ge\u00e7mesini asla kabul edemem.\u201d<\/p>\n<p style=\"text-align: justify;\">D\u00f6nemin K\u00fclt\u00fcr ve Turizm Bakan\u0131 Ertu\u011frul G\u00fcnay\u2019\u0131n \u0131srar\u0131 \u00fczerine enstit\u00fcn\u00fcn kurulu\u015f a\u015famas\u0131nda y\u00f6netim kurulu \u00fcyeli\u011fi yapt\u0131\u011f\u0131n\u0131 da dile getiren Kula, \u201cDan\u0131\u015fman olarak g\u00f6rev yapmaktayd\u0131m ancak daha fazla g\u00f6revde kal\u0131p, bu a\u00e7\u0131klamalar\u0131 tasvip etmek m\u00fcmk\u00fcn de\u011fil\u201d dedi.<\/p>\n<p style=\"text-align: justify;\">B\u00d6YLE B\u0130R\u0130N\u0130N ATANMASI \u00c7OK VAH\u0130M<\/p>\n<p style=\"text-align: justify;\">Kula, kitab\u0131n yeni bir kitap olmad\u0131\u011f\u0131n\u0131, 2002 y\u0131l\u0131nda yay\u0131mland\u0131\u011f\u0131n\u0131n da alt\u0131n\u0131 \u00e7izerek, \u015funlar\u0131 kaydetti: \u201cBen, Say\u0131n Develi\u2019nin b\u00f6yle bir kitab\u0131 kaleme ald\u0131\u011f\u0131n\u0131 bilmiyordum, bilmek zorunda da de\u011filim ancak bu ki\u015fiyi g\u00f6reve getirenlerin bilmesi gerekirdi. E\u011fer Say\u0131n Develi bilerek bu enstit\u00fcn\u00fcn ba\u015f\u0131na getirilmi\u015fse \u00e7ok vahim, endi\u015fe verici bir durum. Bu s\u00f6zleri okuduktan sonra da ben ad\u0131m\u0131n orada kalmas\u0131na tahamm\u00fcl edemem. Ben, ya\u015fam\u0131m boyunca insanl\u0131k de\u011ferlerine hep sayg\u0131 duydum, insanl\u0131k de\u011ferleri i\u00e7in sava\u015f verdim. \u0130nsanl\u0131\u011f\u0131m ad\u0131na bu s\u00f6zlerden utan\u00e7 ve \u00fcz\u00fcnt\u00fc duyuyorum. Toplumun \u00e7ok \u00f6nemli bir b\u00f6l\u00fcm\u00fcn\u00fc bu denli yaralay\u0131c\u0131, ayr\u0131mc\u0131 ifadelerle a\u015fa\u011f\u0131lamaya kimin hakk\u0131 olabilir? \u0130nsanl\u0131k de\u011ferlerine sayg\u0131l\u0131 olan, insanl\u0131\u011fa sayg\u0131l\u0131 olan insanlar\u0131n asla a\u011fz\u0131na alamayaca\u011f\u0131 s\u00f6zlerdir bunlar. insanl\u0131\u011fa sayg\u0131l\u0131 olan insanlar\u0131n asla a\u011fz\u0131na alamayaca\u011f\u0131 s\u00f6zler.\u201d<\/p>\n<p style=\"text-align: justify;\">Prof. Dr. Kula, Yunus Emre Enstit\u00fcs\u00fc Ba\u015fkanl\u0131\u011f\u0131\u2019na sundu\u011fu istifa dilek\u00e7esinde de \u015fu ifadelere yer verdi: \u201cAlevi yurtta\u015flar\u0131m\u0131z\u0131 a\u015fa\u011f\u0131layan, d\u0131\u015flayan bu ayr\u0131mc\u0131 anlat\u0131m\u0131n, toplumumuzun hi\u00e7bir kesimi taraf\u0131ndan olumlu kar\u015f\u0131lanmayaca\u011f\u0131 a\u00e7\u0131kt\u0131r. Ayr\u0131ca ayr\u0131mc\u0131 bir d\u00fcnya ve insan anlay\u0131\u015f\u0131n\u0131 yans\u0131tan bu anlat\u0131m, T\u00fcrkiye \u2019nin birlik ve b\u00fct\u00fcnl\u00fc\u011f\u00fc bak\u0131m\u0131ndan da hi\u00e7bir bi\u00e7imde kabul edilemez. Yunus Emre\u2019nin eserlerinin \u00f6z\u00fc, bar\u0131\u015f ve insana sayg\u0131d\u0131r. Anadolu T\u00fcrk k\u00fclt\u00fcr\u00fcn\u00fcn ve d\u00fc\u015f\u00fcnce birikiminin t\u00fcm renklerini ve ba\u015fta bar\u0131\u015f, insan sevgisi, \u00e7o\u011fulculuk ve tolerans olmak \u00fczere, t\u00fcm de\u011ferlerini d\u00fcnyaya tan\u0131tmakla g\u00f6revli olan Yunus Emre Enstit\u00fcs\u00fc\u2019n\u00fcn ba\u015fkan\u0131n\u0131n bu ilkeleri yok saymas\u0131n\u0131, T\u00fcrkiye ad\u0131na talihsizlik olarak de\u011ferlendiriyor, dan\u0131\u015fmanl\u0131k g\u00f6revinden istifa ediyorum.\u201d<\/p>\n<p style=\"text-align: justify;\">Kaynak:\u00a0http:\/\/www.radikal.com.tr\/<\/p>\n","protected":false},"excerpt":{"rendered":"<p>\u0130stanbul \u00dcniversitesi \u00d6\u011fretim \u00fcyesi ve Yunus Emre Enstit\u00fcs\u00fc Ba\u015fkan\u0131 Prof. Dr. Hayati Develi\u2019nin A\u00e7\u0131k\u00f6\u011fretim Fak\u00fcltesi T\u00fcrk Dili Edebiyat\u0131 B\u00f6l\u00fcm\u00fc \u00f6\u011frencilerine okutulan \u201cOsmanl\u0131 T\u00fcrk\u00e7esi Klavuzu 2\u201d adl\u0131 ders kitab\u0131nda ge\u00e7en ve Alevi yurtta\u015flar\u0131 k\u00fc\u00e7\u00fck d\u00fc\u015f\u00fcr\u00fcc\u00fc \u201cK\u00f6t\u00fc ayin yapan K\u0131z\u0131lba\u015flar. Allah onlar\u0131 k\u0131yamete kadar a\u015fa\u011f\u0131l\u0131k ve adi etsin\u201d s\u00f6zleri istifa getirdi.<\/p>\n","protected":false},"author":1,"featured_media":0,"comment_status":"open","ping_status":"open","sticky":false,"template":"","format":"standard","meta":{"footnotes":""},"categories":[1],"tags":[],"class_list":["post-14112","post","type-post","status-publish","format-standard","hentry","category-genel"],"_links":{"self":[{"href":"https:\/\/www.bbyhaber.com\/bby\/wp-json\/wp\/v2\/posts\/14112"}],"collection":[{"href":"https:\/\/www.bbyhaber.com\/bby\/wp-json\/wp\/v2\/posts"}],"about":[{"href":"https:\/\/www.bbyhaber.com\/bby\/wp-json\/wp\/v2\/types\/post"}],"author":[{"embeddable":true,"href":"https:\/\/www.bbyhaber.com\/bby\/wp-json\/wp\/v2\/users\/1"}],"replies":[{"embeddable":true,"href":"https:\/\/www.bbyhaber.com\/bby\/wp-json\/wp\/v2\/comments?post=14112"}],"version-history":[{"count":0,"href":"https:\/\/www.bbyhaber.com\/bby\/wp-json\/wp\/v2\/posts\/14112\/revisions"}],"wp:attachment":[{"href":"https:\/\/www.bbyhaber.com\/bby\/wp-json\/wp\/v2\/media?parent=14112"}],"wp:term":[{"taxonomy":"category","embeddable":true,"href":"https:\/\/www.bbyhaber.com\/bby\/wp-json\/wp\/v2\/categories?post=14112"},{"taxonomy":"post_tag","embeddable":true,"href":"https:\/\/www.bbyhaber.com\/bby\/wp-json\/wp\/v2\/tags?post=14112"}],"curies":[{"name":"wp","href":"https:\/\/api.w.org\/{rel}","templated":true}]}}