{"id":14031,"date":"2014-07-02T13:34:53","date_gmt":"2014-07-02T10:34:53","guid":{"rendered":"http:\/\/www.bbyhaber.com\/bby\/?p=14031"},"modified":"2015-09-04T11:35:53","modified_gmt":"2015-09-04T08:35:53","slug":"toplum-gonullulerinden-cezaevine-kutuphane","status":"publish","type":"post","link":"https:\/\/www.bbyhaber.com\/bby\/2014\/07\/02\/toplum-gonullulerinden-cezaevine-kutuphane","title":{"rendered":"Toplum G\u00f6n\u00fcll\u00fclerinden, cezaevine k\u00fct\u00fcphane"},"content":{"rendered":"<p style=\"text-align: justify;\">Bart\u0131n toplum g\u00f6n\u00fcll\u00fcs\u00fc gen\u00e7ler ge\u00e7ti\u011fimiz haftalarda d\u00fczenledikleri &#8220;Snoopy ile Kitap Okuyoruz&#8221; projesi ile Bart\u0131n&#8217;da bir kitap okuma ve toplama seferberli\u011fi ba\u015flatm\u0131\u015ft\u0131. Etkinlikte ama\u00e7lanan tozlu raflarda unutulan kitaplar\u0131 ihtiya\u00e7 sahiplerine ula\u015ft\u0131rma projesi basari ile sonu\u00e7lanm\u0131\u015ft\u0131r. Etkinlik kapsam\u0131nda de\u011fi\u015fik t\u00fcrlerden yakla\u015f\u0131k 500 adet kitap toplayan g\u00f6n\u00fcll\u00fc gen\u00e7ler, toplad\u0131klar\u0131 kitaplar\u0131n bir k\u0131sm\u0131n\u0131 ile ilimizdeki cezaevine ba\u011f\u0131\u015flayarak yeni yap\u0131lacak olan cezaevi k\u00fct\u00fcphanesinin temellerini atm\u0131\u015f oldu.<!--more--><\/p>\n<p style=\"text-align: justify;\"><strong>\u201cBart\u0131n halk\u0131na te\u015fekk\u00fcr ediyoruz\u201d<\/strong><\/p>\n<p style=\"text-align: justify;\">Hayallerin hapsedilemeyece\u011fini vurgulayan gen\u00e7ler, &#8220;Bart\u0131n halk\u0131ndan toplad\u0131\u011f\u0131m\u0131z kitaplar sayesinde bug\u00fcn yeni bir k\u00fct\u00fcphane olu\u015fturabiliyoruz. Ba\u011f\u0131\u015flad\u0131\u011f\u0131m\u0131z kitaplar sayesinde bir\u00e7ok mahkumun hayal d\u00fcnyas\u0131 yeniden canlanacak. B\u00f6ylesi g\u00fczel bir i\u015fe imza atmam\u0131zda bizlere destek olan Bart\u0131n halk\u0131na te\u015fekk\u00fcr ediyoruz&#8221; dedi.<\/p>\n<p style=\"text-align: justify;\"><strong>\u201cKitaplar\u0131n bir k\u0131sm\u0131\u015f\u0131 \u00e7ocuklar i\u00e7in ay\u0131rd\u0131k\u201d<\/strong><\/p>\n<p style=\"text-align: justify;\">Kitaplar\u0131n bir k\u0131sm\u0131n\u0131 da \u00e7ocuklar i\u00e7in ay\u0131rd\u0131klar\u0131n\u0131 belirten Bart\u0131n Toplum G\u00f6n\u00fcll\u00fcs\u00fc gen\u00e7ler; &#8220;Maalesef \u00fclkemizde kitap okuma oran\u0131 \u00e7ok d\u00fc\u015f\u00fck. Kitap okuma al\u0131\u015fkanl\u0131\u011f\u0131 \u00e7ocuk ya\u015ftan itibaren edinilen bir al\u0131\u015fkanl\u0131kt\u0131r. O y\u00fczden bizler de toplad\u0131\u011f\u0131m\u0131z kitaplar\u0131n bir k\u0131sm\u0131n\u0131 da k\u00fc\u00e7\u00fck karde\u015flerimize arma\u011fan etmeyi planl\u0131yoruz&#8221; diyerek, 7&#8217;den 70&#8217;e herkesi kitap okumaya davet ettiler.<\/p>\n<p style=\"text-align: justify;\">Kaynak:http:\/\/www.bartintimes.com\/<\/p>\n","protected":false},"excerpt":{"rendered":"<p>Bart\u0131n toplum g\u00f6n\u00fcll\u00fcs\u00fc gen\u00e7ler ge\u00e7ti\u011fimiz haftalarda d\u00fczenledikleri &#8220;Snoopy ile Kitap Okuyoruz&#8221; projesi ile Bart\u0131n&#8217;da bir kitap okuma ve toplama seferberli\u011fi ba\u015flatm\u0131\u015ft\u0131. Etkinlikte ama\u00e7lanan tozlu raflarda unutulan kitaplar\u0131 ihtiya\u00e7 sahiplerine ula\u015ft\u0131rma projesi basari ile sonu\u00e7lanm\u0131\u015ft\u0131r. Etkinlik kapsam\u0131nda de\u011fi\u015fik t\u00fcrlerden yakla\u015f\u0131k 500 adet kitap toplayan g\u00f6n\u00fcll\u00fc gen\u00e7ler, toplad\u0131klar\u0131 kitaplar\u0131n bir k\u0131sm\u0131n\u0131 ile ilimizdeki cezaevine ba\u011f\u0131\u015flayarak yeni yap\u0131lacak [&hellip;]<\/p>\n","protected":false},"author":1,"featured_media":0,"comment_status":"open","ping_status":"open","sticky":false,"template":"","format":"standard","meta":{"footnotes":""},"categories":[1],"tags":[114],"class_list":["post-14031","post","type-post","status-publish","format-standard","hentry","category-genel","tag-cezaevi-kutuphane"],"_links":{"self":[{"href":"https:\/\/www.bbyhaber.com\/bby\/wp-json\/wp\/v2\/posts\/14031"}],"collection":[{"href":"https:\/\/www.bbyhaber.com\/bby\/wp-json\/wp\/v2\/posts"}],"about":[{"href":"https:\/\/www.bbyhaber.com\/bby\/wp-json\/wp\/v2\/types\/post"}],"author":[{"embeddable":true,"href":"https:\/\/www.bbyhaber.com\/bby\/wp-json\/wp\/v2\/users\/1"}],"replies":[{"embeddable":true,"href":"https:\/\/www.bbyhaber.com\/bby\/wp-json\/wp\/v2\/comments?post=14031"}],"version-history":[{"count":0,"href":"https:\/\/www.bbyhaber.com\/bby\/wp-json\/wp\/v2\/posts\/14031\/revisions"}],"wp:attachment":[{"href":"https:\/\/www.bbyhaber.com\/bby\/wp-json\/wp\/v2\/media?parent=14031"}],"wp:term":[{"taxonomy":"category","embeddable":true,"href":"https:\/\/www.bbyhaber.com\/bby\/wp-json\/wp\/v2\/categories?post=14031"},{"taxonomy":"post_tag","embeddable":true,"href":"https:\/\/www.bbyhaber.com\/bby\/wp-json\/wp\/v2\/tags?post=14031"}],"curies":[{"name":"wp","href":"https:\/\/api.w.org\/{rel}","templated":true}]}}