{"id":14027,"date":"2014-07-02T13:18:33","date_gmt":"2014-07-02T10:18:33","guid":{"rendered":"http:\/\/www.bbyhaber.com\/bby\/?p=14027"},"modified":"2017-01-18T09:46:09","modified_gmt":"2017-01-18T06:46:09","slug":"bilecik-halk-kutuphanesi-binasinda-guclendirme-calismalari","status":"publish","type":"post","link":"https:\/\/www.bbyhaber.com\/bby\/2014\/07\/02\/bilecik-halk-kutuphanesi-binasinda-guclendirme-calismalari","title":{"rendered":"Bilecik Halk K\u00fct\u00fcphanesi Binas\u0131nda G\u00fc\u00e7lendirme \u00c7al\u0131\u015fmalar\u0131"},"content":{"rendered":"<p style=\"text-align: justify;\">Bilecik&#8217;te 1967 y\u0131l\u0131nda hizmete a\u00e7\u0131larak bug\u00fcne kadar hizmet vermeye devam eden \u0130l Halk K\u00fct\u00fcphanesi binas\u0131ndaki onar\u0131m ve deprem g\u00fc\u00e7lendirme \u00e7al\u0131\u015fmalar\u0131 devam ediyor.614 Bin lira ke\u015fif bedelli k\u00fct\u00fcphane i\u00e7in g\u00fc\u00e7lendirme \u00e7al\u0131\u015fmalar\u0131nda, binan\u0131n taban\u0131 kaz\u0131larak demirle d\u00f6\u015fenip beton d\u00f6k\u00fcld\u00fckten sonra bina i\u00e7inde kolon g\u00fc\u00e7lendirmesi yap\u0131ld\u0131. Elektrik ve s\u0131hhi tesisatlar\u0131 tamamen yenilenirken, binan\u0131n d\u0131\u015f cephesine de perde beton takviyesi yap\u0131ld\u0131. <!--more-->Tabandan tavana kadar g\u00fc\u00e7lendirme \u00e7al\u0131\u015fmalar\u0131 i\u00e7ersinde ikinci kat\u0131nda perde beton i\u00e7in demirleri d\u00f6\u015fenip betonu at\u0131lacak haz\u0131r hale getirildi.<\/p>\n<p style=\"text-align: justify;\">Onar\u0131m ve g\u00fc\u00e7lendirme \u00e7al\u0131\u015fmalar\u0131 bitti\u011finde yeni \u015fekliyle il Halk K\u00fct\u00fcphanesi tekrar hizmet vermeye ba\u015flayacak. K\u00fct\u00fcphaneye ayr\u0131ca engelliler i\u00e7inde giri\u015f b\u00f6l\u00fcm\u00fc yap\u0131lmas\u0131 planlan\u0131yor. K\u00fct\u00fcphanenin \u00f6n\u00fcm\u00fczdeki e\u011fitim ve \u00f6\u011fretim sezonunda hizmete girmesi bekleniyor.<\/p>\n<p style=\"text-align: justify;\">Bu arada, \u0130l Halk K\u00fct\u00fcphanesi&#8217;nin ge\u00e7ici olarak \u0130stiklal Mahallesi, \u00c7al\u0131 Sokak\u2019ta bulunan \u0130lbey in\u015faat\u0131n alt k\u0131sm\u0131nda faaliyetlerini s\u00fcrd\u00fcrd\u00fc\u011f\u00fc belirtildi.<\/p>\n<p style=\"text-align: justify;\">Kaynak: http:\/\/www.malatyagercek.com\/<\/p>\n","protected":false},"excerpt":{"rendered":"<p>Bilecik&#8217;te 1967 y\u0131l\u0131nda hizmete a\u00e7\u0131larak bug\u00fcne kadar hizmet vermeye devam eden \u0130l Halk K\u00fct\u00fcphanesi binas\u0131ndaki onar\u0131m ve deprem g\u00fc\u00e7lendirme \u00e7al\u0131\u015fmalar\u0131 devam ediyor.614 Bin lira ke\u015fif bedelli k\u00fct\u00fcphane i\u00e7in g\u00fc\u00e7lendirme \u00e7al\u0131\u015fmalar\u0131nda, binan\u0131n taban\u0131 kaz\u0131larak demirle d\u00f6\u015fenip beton d\u00f6k\u00fcld\u00fckten sonra bina i\u00e7inde kolon g\u00fc\u00e7lendirmesi yap\u0131ld\u0131. Elektrik ve s\u0131hhi tesisatlar\u0131 tamamen yenilenirken, binan\u0131n d\u0131\u015f cephesine de perde beton [&hellip;]<\/p>\n","protected":false},"author":1,"featured_media":0,"comment_status":"open","ping_status":"open","sticky":false,"template":"","format":"standard","meta":{"footnotes":""},"categories":[],"tags":[848],"class_list":["post-14027","post","type-post","status-publish","format-standard","hentry","tag-halk-kutuphaneleri"],"_links":{"self":[{"href":"https:\/\/www.bbyhaber.com\/bby\/wp-json\/wp\/v2\/posts\/14027"}],"collection":[{"href":"https:\/\/www.bbyhaber.com\/bby\/wp-json\/wp\/v2\/posts"}],"about":[{"href":"https:\/\/www.bbyhaber.com\/bby\/wp-json\/wp\/v2\/types\/post"}],"author":[{"embeddable":true,"href":"https:\/\/www.bbyhaber.com\/bby\/wp-json\/wp\/v2\/users\/1"}],"replies":[{"embeddable":true,"href":"https:\/\/www.bbyhaber.com\/bby\/wp-json\/wp\/v2\/comments?post=14027"}],"version-history":[{"count":1,"href":"https:\/\/www.bbyhaber.com\/bby\/wp-json\/wp\/v2\/posts\/14027\/revisions"}],"predecessor-version":[{"id":20873,"href":"https:\/\/www.bbyhaber.com\/bby\/wp-json\/wp\/v2\/posts\/14027\/revisions\/20873"}],"wp:attachment":[{"href":"https:\/\/www.bbyhaber.com\/bby\/wp-json\/wp\/v2\/media?parent=14027"}],"wp:term":[{"taxonomy":"category","embeddable":true,"href":"https:\/\/www.bbyhaber.com\/bby\/wp-json\/wp\/v2\/categories?post=14027"},{"taxonomy":"post_tag","embeddable":true,"href":"https:\/\/www.bbyhaber.com\/bby\/wp-json\/wp\/v2\/tags?post=14027"}],"curies":[{"name":"wp","href":"https:\/\/api.w.org\/{rel}","templated":true}]}}