{"id":13977,"date":"2014-06-25T13:59:20","date_gmt":"2014-06-25T10:59:20","guid":{"rendered":"http:\/\/www.bbyhaber.com\/bby\/?p=13977"},"modified":"2014-07-24T09:19:16","modified_gmt":"2014-07-24T06:19:16","slug":"yeni-gezici-kutuphaneler-yollara-cikiyor","status":"publish","type":"post","link":"https:\/\/www.bbyhaber.com\/bby\/2014\/06\/25\/yeni-gezici-kutuphaneler-yollara-cikiyor","title":{"rendered":"Yeni Gezici K\u00fct\u00fcphaneler yollara \u00e7\u0131k\u0131yor"},"content":{"rendered":"<p style=\"text-align: justify;\"><img loading=\"lazy\" decoding=\"async\" class=\"alignleft\" src=\"http:\/\/www.bbyhaber.com\/bby\/wp-content\/uploads\/2012\/06\/gezici-kutuphane.jpg\" alt=\"\" width=\"276\" height=\"138\" \/>K\u00fclt\u00fcr ve Turizm Bakanl\u0131\u011f\u0131, toplumda okuma al\u0131\u015fkanl\u0131\u011f\u0131n\u0131 geli\u015ftirmek ve e\u011fitime katk\u0131da bulunmak i\u00e7in Bakan \u00d6mer \u00c7elik&#8217;in emriyle ata\u011fa kalkt\u0131. Bakan \u00c7elik, &#8216;Mevcut 32 gezici k\u00fct\u00fcphane arac\u0131na be\u015f yeni vas\u0131ta daha ekliyoruz&#8217; diye a\u00e7\u0131klad\u0131 . Kitapseverlerin \u00e7ok b\u00fcy\u00fck ilgi g\u00f6sterdi\u011fi gezici k\u00fct\u00fcphanelerin 2013 senesinde 187 bin 190 ki\u015fiye hizmet verdi\u011fini ifade eden Bakan \u00c7elik, &#8216;Vatanda\u015flar elektronik ortamda sunulan bilgilere de eri\u015febilecek. Yeni ara\u00e7lar Eski\u015fehir, Gaziantep, \u0130stanbul, Sinop ve U\u015fak&#8217;ta kullan\u0131ma sunulacak&#8217; diye belirtti.<!--more--><\/p>\n<p style=\"text-align: justify;\">&#8220;Her t\u00fcr iklim ko\u015fulunda kullan\u0131labilecek gezici k\u00fct\u00fcphanelerin i\u00e7inde her kesime uygun g\u00fcncel koleksiyonlar, e\u011fitici ve \u00f6\u011fretici ama\u00e7l\u0131 kullan\u0131lmak \u00fczere LCD televizyon, DVD oynat\u0131c\u0131, internet ba\u011flant\u0131s\u0131 bulunan 2 diz\u00fcst\u00fc bilgisayar, okurlar i\u00e7in tasarlanm\u0131\u015f oturma grubu ve gezici k\u00fct\u00fcphane \u00e7al\u0131\u015fanlar\u0131 i\u00e7in gerekli her t\u00fcrl\u00fc ara\u00e7 gere\u00e7 bulunmaktad\u0131r. Vatanda\u015flar\u0131m\u0131z gezici k\u00fct\u00fcphaneler arac\u0131l\u0131\u011f\u0131yla sadece bas\u0131l\u0131 bilgi kaynaklar\u0131na de\u011fil, elektronik ortamda sunulan bilgilere de eri\u015febilecekler, ayn\u0131 zamanda e-devlet uygulamalar\u0131n\u0131 kullanabileceklerdir.Gezici k\u00fct\u00fcphane ara\u00e7lar\u0131, 26 Haziran 2014 Per\u015fembe g\u00fcn\u00fc, saat 14.00\u2019te Ankara Cer Modern Sanatlar Merkezi\u2019nde ger\u00e7ekle\u015ftirilecek t\u00f6renle, Say\u0131n Bakan\u0131m\u0131z \u00d6mer \u00c7EL\u0130K taraf\u0131ndan, tahsis edildikleri \u0130l Halk K\u00fct\u00fcphanelerine teslim edileceklerdir.@<em>Dide KARA\u015eAH\u0130N<\/em>&#8220;<\/p>\n<p style=\"text-align: justify;\">Kaynak: http:\/\/www.ajans34.com\/<\/p>\n","protected":false},"excerpt":{"rendered":"<p>K\u00fclt\u00fcr ve Turizm Bakanl\u0131\u011f\u0131, toplumda okuma al\u0131\u015fkanl\u0131\u011f\u0131n\u0131 geli\u015ftirmek ve e\u011fitime katk\u0131da bulunmak i\u00e7in Bakan \u00d6mer \u00c7elik&#8217;in emriyle ata\u011fa kalkt\u0131. Bakan \u00c7elik, &#8216;Mevcut 32 gezici k\u00fct\u00fcphane arac\u0131na be\u015f yeni vas\u0131ta daha ekliyoruz&#8217; diye a\u00e7\u0131klad\u0131 . Kitapseverlerin \u00e7ok b\u00fcy\u00fck ilgi g\u00f6sterdi\u011fi gezici k\u00fct\u00fcphanelerin 2013 senesinde 187 bin 190 ki\u015fiye hizmet verdi\u011fini ifade eden Bakan \u00c7elik, &#8216;Vatanda\u015flar elektronik [&hellip;]<\/p>\n","protected":false},"author":1,"featured_media":0,"comment_status":"open","ping_status":"open","sticky":false,"template":"","format":"standard","meta":{"footnotes":""},"categories":[1,1486],"tags":[1440],"class_list":["post-13977","post","type-post","status-publish","format-standard","hentry","category-genel","category-gezici-kutuphane","tag-gezici-kutuphaneler"],"_links":{"self":[{"href":"https:\/\/www.bbyhaber.com\/bby\/wp-json\/wp\/v2\/posts\/13977"}],"collection":[{"href":"https:\/\/www.bbyhaber.com\/bby\/wp-json\/wp\/v2\/posts"}],"about":[{"href":"https:\/\/www.bbyhaber.com\/bby\/wp-json\/wp\/v2\/types\/post"}],"author":[{"embeddable":true,"href":"https:\/\/www.bbyhaber.com\/bby\/wp-json\/wp\/v2\/users\/1"}],"replies":[{"embeddable":true,"href":"https:\/\/www.bbyhaber.com\/bby\/wp-json\/wp\/v2\/comments?post=13977"}],"version-history":[{"count":0,"href":"https:\/\/www.bbyhaber.com\/bby\/wp-json\/wp\/v2\/posts\/13977\/revisions"}],"wp:attachment":[{"href":"https:\/\/www.bbyhaber.com\/bby\/wp-json\/wp\/v2\/media?parent=13977"}],"wp:term":[{"taxonomy":"category","embeddable":true,"href":"https:\/\/www.bbyhaber.com\/bby\/wp-json\/wp\/v2\/categories?post=13977"},{"taxonomy":"post_tag","embeddable":true,"href":"https:\/\/www.bbyhaber.com\/bby\/wp-json\/wp\/v2\/tags?post=13977"}],"curies":[{"name":"wp","href":"https:\/\/api.w.org\/{rel}","templated":true}]}}