{"id":13972,"date":"2014-06-24T16:18:09","date_gmt":"2014-06-24T13:18:09","guid":{"rendered":"http:\/\/www.bbyhaber.com\/bby\/?p=13972"},"modified":"2019-07-25T09:34:04","modified_gmt":"2019-07-25T06:34:04","slug":"23-ataturk-cocuklari-kutuphanesi-acildi-izmir","status":"publish","type":"post","link":"https:\/\/www.bbyhaber.com\/bby\/2014\/06\/24\/23-ataturk-cocuklari-kutuphanesi-acildi-izmir","title":{"rendered":"23. Atat\u00fcrk \u00c7ocuklar\u0131 K\u00fct\u00fcphanesi A\u00e7\u0131ld\u0131-\u0130zmir"},"content":{"rendered":"<p>G\u00fczelbah\u00e7e Belediyesi ve Haber H\u00fcrriyeti Gazetesi&#8217;nin Sosyal Sorumluluk Projesi kapsam\u0131nda hayata ge\u00e7irdi\u011fi Atat\u00fcrk \u00c7ocuklar\u0131 K\u00fct\u00fcphaneleri&#8217;nin 23&#8217;\u00fcnc\u00fcs\u00fc G\u00fczelbah\u00e7e&#8217;nin Mustafa Kemalpa\u015fa Mahallesi&#8217;nde a\u00e7\u0131ld\u0131. Atat\u00fcrk Meydan\u0131&#8217;ndaki Yelkispor Kul\u00fcb\u00fc&#8217;n\u00fcn i\u00e7inde Gazeteci \u0130brahim Irmak&#8217;\u0131n 3 y\u0131l \u00f6nce trafik kazas\u0131nda kaybetti\u011fi o\u011flu an\u0131s\u0131na d\u00fczenlenen \u00c7a\u011flayan Irmak K\u00fct\u00fcphanesi&#8217;nin a\u00e7\u0131l\u0131\u015f\u0131 k\u00fclt\u00fcrel \u015fenli\u011fe d\u00f6n\u00fc\u015ft\u00fc. G\u00fczelbah\u00e7e Belediye Ba\u015fkan\u0131 Mustafa \u0130nce, Yelkispor Ba\u015fkan\u0131 Ali Turan, belediye meclis \u00fcyelerinin yan\u0131s\u0131ra mahalle sakinlerinin kat\u0131ld\u0131\u011f\u0131 etkinlikte \u015fiirler okundu, sanat\u00e7\u0131lar g\u00f6steri yapt\u0131, halk oyunlar\u0131 oynand\u0131.<!--more--><\/p>\n<p style=\"text-align: justify;\">Sunuculu\u011funu \u0130zmirli \u015eovmen Mikrop Hikmet ve Radyocu Yazar \u00d6mer K\u00f6ro\u011flu&#8217;nun yapt\u0131\u011f\u0131 k\u00fct\u00fcphane a\u00e7\u0131l\u0131\u015f\u0131na \u015fark\u0131c\u0131 Ersin Ku\u015fkanat da kat\u0131ld\u0131. \u015eairlerin, edebiyat\u00e7\u0131lar\u0131n ve g\u00f6n\u00fcl dostlar\u0131n\u0131n yaln\u0131z b\u0131rakmad\u0131\u011f\u0131 a\u00e7\u0131l\u0131\u015fta konu\u015fan Haber H\u00fcrriyeti Genel Yay\u0131n Y\u00f6netmeni \u0130brahim Irmak, &#8220;Atat\u00fcrk \u00c7ocuklar\u0131 \u00c7a\u011flayan Irmak K\u00fct\u00fcphanesi&#8217;nin kurulmas\u0131 i\u00e7in destek veren, G\u00fczelbah\u00e7e Belediye Ba\u015fkan\u0131 Mustafa \u0130nce&#8217;ye, \u00f6nc\u00fc olan Yelkispor Ba\u015fkan\u0131 Ali Turan&#8217;a te\u015fekk\u00fcr ederim. Bu kitaplar, \u00e7ocuklar\u0131m\u0131z\u0131n, gen\u00e7lerimizin, kad\u0131nlar\u0131m\u0131z\u0131n ayd\u0131nlanmas\u0131na bir \u00e7ay ka\u015f\u0131\u011f\u0131n\u0131n ucu kadar katk\u0131 koyarsa kendimizi mutlu hissederiz. \u00c7a\u011flayan Irmak K\u00fct\u00fcphanesi, Yelki&#8217;ye hay\u0131rl\u0131 olsun bilginin \u00e7a\u011flad\u0131\u011f\u0131, \u0131rmaklara d\u00f6n\u00fc\u015fs\u00fcn&#8221; dedi.<\/p>\n<p style=\"text-align: justify;\"><strong>\u201cSOSYAL BELED\u0130YEC\u0130L\u0130K \u00d6RNE\u011e\u0130\u201d<\/strong><\/p>\n<p style=\"text-align: justify;\">G\u00fczelbah\u00e7e Belediye Ba\u015fkan\u0131 Mustafa \u0130nce a\u00e7\u0131l\u0131\u015fta yapt\u0131\u011f\u0131 konu\u015fmaya \u00c7a\u011flayan Irmak&#8217;a rahmet dileyerek ba\u015flad\u0131 ve Mustafa Kemal pa\u015fa Mahallesi&#8217;ne K\u00fct\u00fcphane kazand\u0131ran \u0130brahim Irmak&#8217;a ve Yelkispor Ba\u015fkan\u0131 Ali Turan&#8217;a te\u015fekk\u00fcr etti. Sosyal Sorumluluk alman\u0131n \u00f6zveri demek oldu\u011funu belirten Ba\u015fkan \u0130nce, &#8220;Bu g\u00fczel i\u015fte \u0130brahim Irmak&#8217;\u0131n yan\u0131nday\u0131z. Hizmetlerimize Sosyal Belediyecilik anlay\u0131\u015f\u0131yla s\u00fcrd\u00fcr\u00fcyoruz&#8221; dedi. Yelkililerin ortak kullanaca\u011f\u0131 bir hal\u0131 saha s\u00f6z\u00fc de veren Ba\u015fkan \u0130nce, &#8220;Gen\u00e7lerden tek istedi\u011fimiz, ba\u015far\u0131. Onlar\u0131n Atat\u00fcrk&#8217;\u00fcn izinde, ailelerine, vatana hay\u0131rl\u0131 evlatlar olarak yeti\u015fmesi bizim tek dile\u011fimiz&#8221; dedi.<\/p>\n<p style=\"text-align: justify;\">T\u00f6rende Mikrop Hikmet de iki \u015fark\u0131 s\u00f6yledi, davetlileri co\u015fturdu. Yakla\u015f\u0131k iki bin adet kitab\u0131n yer ald\u0131\u011f\u0131 k\u00fct\u00fcphanenin yap\u0131m\u0131na katk\u0131da bulunanlara plaket verildi.<\/p>\n<p style=\"text-align: justify;\">Kaynak: http:\/\/www.gercekgundem.com\/<\/p>\n<table border=\"1\" width=\"455\">\n<tbody>\n<tr>\n<td colspan=\"3\">\n<div align=\"center\"><span style=\"color: #000080;\"><strong><span class=\"stil8\">K\u00f6y \u00c7ocuklar\u0131 K\u00fct\u00fcphaneleri Olu\u015fturma<br \/>\nK\u00fclt\u00fcr-Sanat ve Dayan\u0131\u015fma Derne\u011finin<br \/>\nA\u00e7t\u0131\u011f\u0131 K\u00fct\u00fcphaneler<\/span><\/strong><\/span><\/div>\n<\/td>\n<\/tr>\n<tr>\n<td width=\"44\">\n<div align=\"center\"><span style=\"color: #ff0000;\"><strong><span class=\"stil4\">No<\/span><\/strong><\/span><\/div>\n<\/td>\n<td width=\"123\">\n<div class=\"stil4\" align=\"center\">\n<div align=\"center\"><span style=\"color: #ff0000;\"><strong>A\u00e7\u0131ld\u0131\u011f\u0131 Tarih<\/strong><\/span><\/div>\n<\/div>\n<\/td>\n<td width=\"266\">\n<div class=\"stil4\" align=\"center\">\n<div align=\"center\"><span style=\"color: #ff0000;\"><strong>Yer<\/strong><\/span><\/div>\n<\/div>\n<\/td>\n<\/tr>\n<tr>\n<td>\n<div class=\"stil11\" align=\"center\">1<\/div>\n<\/td>\n<td>\n<div align=\"center\"><strong>11 Ekim 2006<\/strong><\/div>\n<\/td>\n<td>\n<div class=\"stil15\" align=\"center\">\n<div align=\"center\">\u0130zmir\/Urla-Uzunkuyu K\u00f6y\u00fc<\/div>\n<\/div>\n<\/td>\n<\/tr>\n<tr>\n<td>\n<div class=\"stil11\" align=\"center\">2<\/div>\n<\/td>\n<td>\n<div align=\"center\"><strong>25 Mart 2007<\/strong><\/div>\n<\/td>\n<td>\n<div class=\"stil15\" align=\"center\">\n<div align=\"center\">\u0130zmir\/Bay\u0131nd\u0131r-Sar\u0131yurt K\u00f6y\u00fc<\/div>\n<\/div>\n<\/td>\n<\/tr>\n<tr>\n<td>\n<div class=\"stil11\" align=\"center\">3<\/div>\n<\/td>\n<td>\n<div align=\"center\"><strong>08 Ekim 2007<\/strong><\/div>\n<\/td>\n<td>\n<div class=\"stil15\" align=\"center\">\n<div align=\"center\">Rize\/F\u0131nd\u0131kl\u0131-\u00c7a\u011flayan K\u00f6y\u00fc<\/div>\n<\/div>\n<\/td>\n<\/tr>\n<tr>\n<td>\n<div class=\"stil11\" align=\"center\">4<\/div>\n<\/td>\n<td>\n<div align=\"center\"><strong>10 Haziran 2008<\/strong><\/div>\n<\/td>\n<td>\n<div class=\"stil15\" align=\"center\">\n<div align=\"center\">\u0130zmir\/Kiraz-Suludere K\u00f6y\u00fc<\/div>\n<\/div>\n<\/td>\n<\/tr>\n<tr>\n<td>\n<div class=\"stil11\" align=\"center\">5<\/div>\n<\/td>\n<td>\n<div align=\"center\"><strong>28 \u015eubat 2009<\/strong><\/div>\n<\/td>\n<td>\n<div class=\"stil15\" align=\"center\">\n<div align=\"center\">\u0130zmir\/Karaba\u011flar-Kavac\u0131k K\u00f6y\u00fc<\/div>\n<\/div>\n<\/td>\n<\/tr>\n<tr>\n<td>\n<div class=\"stil11\" align=\"center\">6<\/div>\n<\/td>\n<td>\n<div align=\"center\"><strong>04 Nisan 2009<\/strong><\/div>\n<\/td>\n<td>\n<div class=\"stil15\" align=\"center\">\n<div align=\"center\">\u0130zmir\/\u00d6demi\u015f-Hamam K\u00f6y\u00fc<\/div>\n<\/div>\n<\/td>\n<\/tr>\n<tr>\n<td>\n<div class=\"stil11\" align=\"center\">7<\/div>\n<\/td>\n<td>\n<div align=\"center\"><strong>20 Temmuz 2009<\/strong><\/div>\n<\/td>\n<td>\n<div class=\"stil15\" align=\"center\">\n<div align=\"center\">Afyon\/Emirda\u011f-Ekizce K\u00f6y\u00fc<\/div>\n<\/div>\n<\/td>\n<\/tr>\n<tr>\n<td>\n<div class=\"stil11\" align=\"center\">8<\/div>\n<\/td>\n<td>\n<div align=\"center\"><strong>23 Ekim 2009<\/strong><\/div>\n<\/td>\n<td>\n<div class=\"stil15\" align=\"center\">\n<div align=\"center\">\u0130zmir\/\u00c7i\u011fli-Kakl\u0131\u00e7 K\u00f6y\u00fc<\/div>\n<\/div>\n<\/td>\n<\/tr>\n<tr>\n<td>\n<div class=\"stil11\" align=\"center\">9<\/div>\n<\/td>\n<td>\n<div align=\"center\"><strong>26 Aral\u0131k 2009<\/strong><\/div>\n<\/td>\n<td>\n<div class=\"stil15\" align=\"center\">\n<div align=\"center\">\u0130zmir\/Bay\u0131nd\u0131r-\u00c7\u0131rp\u0131 K\u00f6y\u00fc<\/div>\n<\/div>\n<\/td>\n<\/tr>\n<tr>\n<td>\n<div class=\"stil11\" align=\"center\">10<\/div>\n<\/td>\n<td>\n<div align=\"center\"><strong>03 Nisan 2010<\/strong><\/div>\n<\/td>\n<td>\n<div class=\"stil15\" align=\"center\">\n<div align=\"center\">\u0130zmir\/Seferihisar-Orhanl\u0131 K\u00f6y\u00fc<\/div>\n<\/div>\n<\/td>\n<\/tr>\n<tr>\n<td>\n<div class=\"stil11\" align=\"center\">11<\/div>\n<\/td>\n<td>\n<div align=\"center\"><strong>16 Haziran 2010<\/strong><\/div>\n<\/td>\n<td>\n<div class=\"stil15\" align=\"center\">\n<div align=\"center\">\u0130zmir\/Torbal\u0131- Korucuk K\u00f6y\u00fc<\/div>\n<\/div>\n<\/td>\n<\/tr>\n<tr>\n<td>\n<div class=\"stil11\" align=\"center\">\n<div align=\"center\">12<\/div>\n<\/div>\n<\/td>\n<td>\n<div align=\"center\"><strong>9 Ekim 2010<\/strong><\/div>\n<\/td>\n<td>\n<div class=\"stil15\" align=\"center\">\n<div align=\"center\">\u0130zmir\/Seferihisar \u0130l\u00e7esi<\/div>\n<\/div>\n<\/td>\n<\/tr>\n<tr>\n<td>\n<div class=\"stil11\" align=\"center\">\n<div align=\"center\">13<\/div>\n<\/div>\n<\/td>\n<td>\n<div align=\"center\"><strong>25 Aral\u0131k 2010<\/strong><\/div>\n<\/td>\n<td>\n<div class=\"stil15\" align=\"center\">\n<div align=\"center\">Manisa\/Salihli-G\u00f6key\u00fcp Beldesi<\/div>\n<\/div>\n<\/td>\n<\/tr>\n<tr>\n<td>\n<div class=\"stil11\" align=\"center\">14<\/div>\n<\/td>\n<td>\n<div align=\"center\">\u200e<strong>14 Nisan 2011<\/strong><\/div>\n<\/td>\n<td>\n<div class=\"stil16\" align=\"center\">\n<div align=\"center\">\u0130zmir\/Seferihisar-G\u00f6dence K\u00f6y\u00fc<\/div>\n<\/div>\n<\/td>\n<\/tr>\n<tr>\n<td>\n<div class=\"stil11\" align=\"center\">15<\/div>\n<\/td>\n<td>\n<div align=\"center\">\u200e<strong><span class=\"stil18\">29 May\u0131s 2011<\/span><\/strong><\/div>\n<\/td>\n<td>\n<div class=\"stil16\" align=\"center\">\n<div class=\"stil15\" align=\"center\">\u0130zmir\/Tire-K\u0131rtepe K\u00f6y\u00fc<\/div>\n<\/div>\n<\/td>\n<\/tr>\n<tr>\n<td>\n<div class=\"stil19\" align=\"center\">\n<div class=\"stil11\" align=\"center\">16<\/div>\n<\/div>\n<\/td>\n<td>\n<div class=\"stil19\" align=\"center\">\n<div align=\"center\">\u200e<strong><span class=\"stil18\">25 Eyl\u00fcl 2011<\/span><\/strong><\/div>\n<\/div>\n<\/td>\n<td>\n<div class=\"stil19\" align=\"center\">\n<div align=\"center\">\n<div class=\"stil16\" align=\"center\">\u0130zmir\/\u00d6demi\u015f-B\u0131\u00e7ak\u00e7\u0131 K\u00f6y\u00fc<\/div>\n<\/div>\n<\/div>\n<\/td>\n<\/tr>\n<tr>\n<td>\n<div class=\"stil19\" align=\"center\">\n<div class=\"stil11\" align=\"center\">17<\/div>\n<\/div>\n<\/td>\n<td>\n<div align=\"center\">\n<div align=\"center\">\u200e<strong>29 Ekim 2011<\/strong><\/div>\n<\/div>\n<\/td>\n<td>\n<div align=\"center\">\n<div align=\"center\">\n<div class=\"stil16\" align=\"center\">\u0130zmir\/Bay\u0131nd\u0131r-Zeytinova Beldesi<\/div>\n<\/div>\n<\/div>\n<\/td>\n<\/tr>\n<tr>\n<td>\n<div class=\"stil19\" align=\"center\">\n<div class=\"stil11\" align=\"center\">18<\/div>\n<\/div>\n<\/td>\n<td>\n<div align=\"center\">\n<div align=\"center\">\u200e<strong>10 Mart 2012<\/strong><\/div>\n<\/div>\n<\/td>\n<td>\n<div align=\"center\">\n<div align=\"center\">\n<div class=\"stil16\" align=\"center\">\u0130zmir\/Emiralem-Alani\u00e7i K\u00f6y\u00fc<\/div>\n<\/div>\n<\/div>\n<\/td>\n<\/tr>\n<tr>\n<td>\n<div class=\"stil19\" align=\"center\">\n<div class=\"stil11\" align=\"center\"><span style=\"color: #000000;\">19<\/span><\/div>\n<\/div>\n<\/td>\n<td>\n<div align=\"center\">\n<div align=\"center\">\u200e<strong><span style=\"color: #000000;\">29 May\u0131s 2012<\/span><\/strong><\/div>\n<\/div>\n<\/td>\n<td>\n<div align=\"center\">\n<div align=\"center\">\n<div class=\"stil16\" align=\"center\"><span style=\"color: #000000;\">\u0130zmir\/\u00d6demi\u015f-Mescitli K\u00f6y\u00fc<\/span><\/div>\n<\/div>\n<\/div>\n<\/td>\n<\/tr>\n<tr>\n<td>\n<div class=\"stil19\" align=\"center\">\n<div class=\"stil11\" align=\"center\"><span style=\"color: #000000;\">20<\/span><\/div>\n<\/div>\n<\/td>\n<td>\n<div align=\"center\">\n<div align=\"center\">\u200e<span style=\"color: #000000;\"><strong>10 Kas\u0131m 2012<\/strong><\/span><\/div>\n<\/div>\n<\/td>\n<td>\n<div align=\"center\">\n<div align=\"center\">\n<div class=\"stil16\" align=\"center\"><span style=\"color: #000000;\">\u0130zmir\/Menemen-S\u00fcleymanl\u0131 K\u00f6y\u00fc<\/span><\/div>\n<\/div>\n<\/div>\n<\/td>\n<\/tr>\n<tr>\n<td>\n<div class=\"stil19\" align=\"center\">\n<div class=\"stil11\" align=\"center\"><span style=\"color: #000000;\">21<\/span><\/div>\n<\/div>\n<\/td>\n<td>\n<div align=\"center\">\n<div align=\"center\">\u200e<span style=\"color: #000000;\"><strong>21 Mart 2013<\/strong><\/span><\/div>\n<\/div>\n<\/td>\n<td>\n<div align=\"center\">\n<div align=\"center\">\n<div class=\"stil16\" align=\"center\"><span style=\"color: #000000;\">\u0130zmir\/\u00d6demi\u015f-Bozda\u011f<\/span><\/div>\n<\/div>\n<\/div>\n<\/td>\n<\/tr>\n<tr>\n<td>\n<div class=\"stil19\" align=\"center\">\n<div class=\"stil11\" align=\"center\"><span style=\"color: #000000;\">22<\/span><\/div>\n<\/div>\n<\/td>\n<td>\n<div align=\"center\">\n<div align=\"center\">\u200e<span style=\"color: #000000;\"><strong>5 Temmuz 2013<\/strong><\/span><\/div>\n<\/div>\n<\/td>\n<td>\n<div align=\"center\">\n<div align=\"center\">\n<div class=\"stil16\" align=\"center\"><span style=\"color: #000000;\">Ordu\/G\u00fclyal\u0131 \u0130l\u00e7esi-Turnasuyu K\u00f6y\u00fc<\/span><\/div>\n<\/div>\n<\/div>\n<\/td>\n<\/tr>\n<tr>\n<td>\n<div class=\"stil19\" align=\"center\">\n<div class=\"stil11\" align=\"center\"><span style=\"color: #000000;\">23<\/span><\/div>\n<\/div>\n<\/td>\n<td>\n<div align=\"center\">\n<div align=\"center\">\u200e<span style=\"color: #000000;\"><strong>24 Haziran 2014<br \/>\n<\/strong><\/span><\/div>\n<\/div>\n<\/td>\n<td>\n<div align=\"center\">\n<div align=\"center\">\n<div class=\"stil16\" align=\"center\"><span style=\"color: #000000;\">\u0130zmir\/G\u00fczelbah\u00e7e\/Mustafa Kemalpa\u015fa Mahallesi<\/span><\/div>\n<\/div>\n<\/div>\n<\/td>\n<\/tr>\n<\/tbody>\n<\/table>\n","protected":false},"excerpt":{"rendered":"<p>G\u00fczelbah\u00e7e Belediyesi ve Haber H\u00fcrriyeti Gazetesi&#8217;nin Sosyal Sorumluluk Projesi kapsam\u0131nda hayata ge\u00e7irdi\u011fi Atat\u00fcrk \u00c7ocuklar\u0131 K\u00fct\u00fcphaneleri&#8217;nin 23&#8217;\u00fcnc\u00fcs\u00fc G\u00fczelbah\u00e7e&#8217;nin Mustafa Kemalpa\u015fa Mahallesi&#8217;nde a\u00e7\u0131ld\u0131. Atat\u00fcrk Meydan\u0131&#8217;ndaki Yelkispor Kul\u00fcb\u00fc&#8217;n\u00fcn i\u00e7inde Gazeteci \u0130brahim Irmak&#8217;\u0131n 3 y\u0131l \u00f6nce trafik kazas\u0131nda kaybetti\u011fi o\u011flu an\u0131s\u0131na d\u00fczenlenen \u00c7a\u011flayan Irmak K\u00fct\u00fcphanesi&#8217;nin a\u00e7\u0131l\u0131\u015f\u0131 k\u00fclt\u00fcrel \u015fenli\u011fe d\u00f6n\u00fc\u015ft\u00fc. G\u00fczelbah\u00e7e Belediye Ba\u015fkan\u0131 Mustafa \u0130nce, Yelkispor Ba\u015fkan\u0131 Ali Turan, belediye [&hellip;]<\/p>\n","protected":false},"author":1,"featured_media":0,"comment_status":"open","ping_status":"open","sticky":false,"template":"","format":"standard","meta":{"footnotes":""},"categories":[1539,1],"tags":[],"class_list":["post-13972","post","type-post","status-publish","format-standard","hentry","category-ataturk-cocuklari-kutuphanesi","category-genel"],"_links":{"self":[{"href":"https:\/\/www.bbyhaber.com\/bby\/wp-json\/wp\/v2\/posts\/13972"}],"collection":[{"href":"https:\/\/www.bbyhaber.com\/bby\/wp-json\/wp\/v2\/posts"}],"about":[{"href":"https:\/\/www.bbyhaber.com\/bby\/wp-json\/wp\/v2\/types\/post"}],"author":[{"embeddable":true,"href":"https:\/\/www.bbyhaber.com\/bby\/wp-json\/wp\/v2\/users\/1"}],"replies":[{"embeddable":true,"href":"https:\/\/www.bbyhaber.com\/bby\/wp-json\/wp\/v2\/comments?post=13972"}],"version-history":[{"count":2,"href":"https:\/\/www.bbyhaber.com\/bby\/wp-json\/wp\/v2\/posts\/13972\/revisions"}],"predecessor-version":[{"id":26898,"href":"https:\/\/www.bbyhaber.com\/bby\/wp-json\/wp\/v2\/posts\/13972\/revisions\/26898"}],"wp:attachment":[{"href":"https:\/\/www.bbyhaber.com\/bby\/wp-json\/wp\/v2\/media?parent=13972"}],"wp:term":[{"taxonomy":"category","embeddable":true,"href":"https:\/\/www.bbyhaber.com\/bby\/wp-json\/wp\/v2\/categories?post=13972"},{"taxonomy":"post_tag","embeddable":true,"href":"https:\/\/www.bbyhaber.com\/bby\/wp-json\/wp\/v2\/tags?post=13972"}],"curies":[{"name":"wp","href":"https:\/\/api.w.org\/{rel}","templated":true}]}}