{"id":13961,"date":"2014-06-23T16:22:09","date_gmt":"2014-06-23T13:22:09","guid":{"rendered":"http:\/\/www.bbyhaber.com\/bby\/?p=13961"},"modified":"2014-12-01T08:38:41","modified_gmt":"2014-12-01T06:38:41","slug":"xix-turkiyede-internet-konferansi-26-29-kasim-2014-izmir","status":"publish","type":"post","link":"https:\/\/www.bbyhaber.com\/bby\/2014\/06\/23\/xix-turkiyede-internet-konferansi-26-29-kasim-2014-izmir","title":{"rendered":"XIX. T\u00fcrkiye&#8217;de \u0130nternet Konferans\u0131-26-29 Kas\u0131m 2014, \u0130zmir"},"content":{"rendered":"<p style=\"text-align: justify;\">T\u00fcrkiye&#8217;de Internet ile ilgili gruplar\u0131 biraraya getirerek \u0130nternet&#8217;i t\u00fcm boyutlar\u0131yla tan\u0131tmak, gelistirmek, tart\u0131\u015fmak, \u0130nternet teknolojileri arac\u0131l\u0131\u011f\u0131 ile toplumsal verimlili\u011fi art\u0131rmak ve toplumun dikkatini olabildi\u011fince bu y\u00f6ne \u00e7ekmek ama\u00e7lar\u0131yla, 1995&#8217;den beri her y\u0131l yap\u0131lan, ulusal boyutta bir konferans d\u00fczenlenmistir. Konferansa bildiri sunma, e\u011fitim semineri verme ve tart\u0131\u015fma grubu\/a\u00e7\u0131k oturum d\u00fczenleme \u015feklinde aktif kat\u0131l\u0131m davet edilmektedir. Konferans kay\u0131t olan dinleyicilere a\u00e7\u0131kt\u0131r ve \u00fccretsizdir.<!--more--><\/p>\n<p style=\"text-align: justify;\">Bu y\u0131l &#8220;Mobil Ya\u015fam&#8221;, &#8221; Bilgi Toplumu ve Bilgi Ekonomisi&#8221;, &#8220;Sosyal A\u011flar&#8221;, &#8220;Yeni Medya&#8221;, &#8220;Siber G\u00fcvenlik &#8220;, &#8221; Bireysel G\u00fcvenlik ve Mahremiyet&#8221;, &#8220;\u0130nternet ve Demokrasi\u201d, &#8220;\u0130nternet Yasaklar\u0131 &#8220;, &#8220;Fatih Projesi&#8221;, &#8220;Fikri Haklar &#8221; &#8220;Medya\/Bilgi Okuryazarl\u0131\u011f\u0131&#8221; konular\u0131 \u00f6ne \u00e7\u0131kacakt\u0131r. T\u00fcrkiye \u0130nternetinin temel ve g\u00fcncel konular\u0131n\u0131 kapsayan panel ve oturumlar yap\u0131lacakt\u0131r. \u0130nternet Ba\u015far\u0131 \u00f6yk\u00fclerini anlatan oturumlar da planlanmaktad\u0131r. Bilgi Toplumu, \u0130nternet ve G\u00fcncel sorunlar\u0131n tart\u0131\u015f\u0131laca\u011f\u0131 oturumlar ve geni\u015f toplum kesimlerine hitab edecek seminerler planlanmaktad\u0131r.<\/p>\n<p style=\"text-align: justify;\"><span style=\"color: #0000ff;\"><strong>XIX. T\u00fcrkiye&#8217;de \u0130nternet Konferans\u0131<\/strong><\/span><\/p>\n<p style=\"text-align: justify;\"><strong>Tarih: <span style=\"color: #ff0000;\">26-29 Kas\u0131m 2014<\/span><\/strong><\/p>\n<p style=\"text-align: justify;\"><strong>Yer: <span style=\"color: #ff0000;\">Ya\u015far \u00dcniversitesi-Bornova\/\u0130ZM\u0130R<\/span><\/strong><\/p>\n<p style=\"text-align: justify;\"><a href=\"http:\/\/inet-tr.org.tr\/inetconf19\/\" target=\"_blank\"><strong><span style=\"color: #0000ff;\">Web sayfas\u0131 i\u00e7in t\u0131klay\u0131n\u0131z<\/span><\/strong><\/a><\/p>\n","protected":false},"excerpt":{"rendered":"<p>T\u00fcrkiye&#8217;de Internet ile ilgili gruplar\u0131 biraraya getirerek \u0130nternet&#8217;i t\u00fcm boyutlar\u0131yla tan\u0131tmak, gelistirmek, tart\u0131\u015fmak, \u0130nternet teknolojileri arac\u0131l\u0131\u011f\u0131 ile toplumsal verimlili\u011fi art\u0131rmak ve toplumun dikkatini olabildi\u011fince bu y\u00f6ne \u00e7ekmek ama\u00e7lar\u0131yla, 1995&#8217;den beri her y\u0131l yap\u0131lan, ulusal boyutta bir konferans d\u00fczenlenmistir. Konferansa bildiri sunma, e\u011fitim semineri verme ve tart\u0131\u015fma grubu\/a\u00e7\u0131k oturum d\u00fczenleme \u015feklinde aktif kat\u0131l\u0131m davet edilmektedir. Konferans [&hellip;]<\/p>\n","protected":false},"author":1,"featured_media":0,"comment_status":"open","ping_status":"open","sticky":false,"template":"","format":"standard","meta":{"footnotes":""},"categories":[],"tags":[1395,512],"class_list":["post-13961","post","type-post","status-publish","format-standard","hentry","tag-bby-mesleki-etkinlikler-arsivi","tag-internet-konferansi"],"_links":{"self":[{"href":"https:\/\/www.bbyhaber.com\/bby\/wp-json\/wp\/v2\/posts\/13961"}],"collection":[{"href":"https:\/\/www.bbyhaber.com\/bby\/wp-json\/wp\/v2\/posts"}],"about":[{"href":"https:\/\/www.bbyhaber.com\/bby\/wp-json\/wp\/v2\/types\/post"}],"author":[{"embeddable":true,"href":"https:\/\/www.bbyhaber.com\/bby\/wp-json\/wp\/v2\/users\/1"}],"replies":[{"embeddable":true,"href":"https:\/\/www.bbyhaber.com\/bby\/wp-json\/wp\/v2\/comments?post=13961"}],"version-history":[{"count":0,"href":"https:\/\/www.bbyhaber.com\/bby\/wp-json\/wp\/v2\/posts\/13961\/revisions"}],"wp:attachment":[{"href":"https:\/\/www.bbyhaber.com\/bby\/wp-json\/wp\/v2\/media?parent=13961"}],"wp:term":[{"taxonomy":"category","embeddable":true,"href":"https:\/\/www.bbyhaber.com\/bby\/wp-json\/wp\/v2\/categories?post=13961"},{"taxonomy":"post_tag","embeddable":true,"href":"https:\/\/www.bbyhaber.com\/bby\/wp-json\/wp\/v2\/tags?post=13961"}],"curies":[{"name":"wp","href":"https:\/\/api.w.org\/{rel}","templated":true}]}}