{"id":13953,"date":"2014-06-22T16:30:10","date_gmt":"2014-06-22T13:30:10","guid":{"rendered":"http:\/\/www.bbyhaber.com\/bby\/?p=13953"},"modified":"2014-06-22T16:30:10","modified_gmt":"2014-06-22T13:30:10","slug":"kusadasi-kutuphane-yaptirma-yasatma-kultur-ve-sanat-dernegi-yeniden-yapilaniyor","status":"publish","type":"post","link":"https:\/\/www.bbyhaber.com\/bby\/2014\/06\/22\/kusadasi-kutuphane-yaptirma-yasatma-kultur-ve-sanat-dernegi-yeniden-yapilaniyor","title":{"rendered":"Ku\u015fadas\u0131 K\u00fct\u00fcphane Yapt\u0131rma Ya\u015fatma K\u00fclt\u00fcr ve Sanat Derne\u011fi Yeniden Yap\u0131lan\u0131yor"},"content":{"rendered":"<p style=\"text-align: justify;\"><a href=\"http:\/\/www.ozdenhaber.net\/wp-content\/uploads\/20140621AW123892_01_resized.jpg\"><img loading=\"lazy\" decoding=\"async\" class=\"alignleft\" src=\"http:\/\/www.ozdenhaber.net\/wp-content\/uploads\/20140621AW123892_01_resized.jpg\" alt=\"\" width=\"184\" height=\"132\" \/><\/a>Ku\u015fadas\u0131\u2019n\u0131n en \u00f6nemli k\u00fclt\u00fcr ve sanat kurulu\u015flar\u0131ndan biri olan Ku\u015fadas\u0131 K\u00fct\u00fcphane Yapt\u0131rma Ya\u015fatma K\u00fclt\u00fcr ve Sanat Derne\u011fi (K\u00dcKSAD) yeniden yap\u0131lanmaya gidiyor. K\u00dcKSAD y\u00f6netimi, d\u00fczenledi\u011fi toplant\u0131yla 50. y\u0131la \u00f6zel proje ve etkinliklerini kamuoyuna duyurdu. Setur Marina\u2019da d\u00fczenlenen toplant\u0131da bas\u0131n mensuplar\u0131 ile bir araya gelen K\u00dcKSAD y\u00f6netim kurulu \u00fcyeleri, 1964 y\u0131l\u0131nda kurulan derne\u011fin yeniden yap\u0131lanma \u00e7al\u0131\u015fmalar\u0131 ile ilgili a\u00e7\u0131klamalar yapt\u0131. K\u00dcKSAD Ba\u015fkan\u0131 Necati K\u00fc\u00e7\u00fck, Ku\u015fadas\u0131 K\u00fct\u00fcphane Yapt\u0131rma Ya\u015fatma K\u00fclt\u00fcr ve Sanat Derne\u011fi\u2019nin<!--more--> 1964 y\u0131l\u0131nda kuruldu\u011funa dikkati \u00e7ekerek, \u201c2004 y\u0131l\u0131 bizim i\u00e7in \u00e7ok \u00f6nemli. Bug\u00fcne kadar derne\u011fimiz \u00e7e\u015fitli ba\u015fkan ve y\u00f6netim kurulu \u00fcyelerimizin \u00e7abalar\u0131yla Ku\u015fadas\u0131\u2019na \u00f6nemli k\u00fclt\u00fcr ve sanat etkinlikleri ger\u00e7ekle\u015ftirdi. Yeniden yap\u0131lanma s\u00fcrecinde 50. y\u0131l\u0131m\u0131z nedeniyle Ku\u015fadas\u0131\u2019nda K\u00dcKSAD 50.Y\u0131l Orman\u0131, Dernek Halk M\u00fczi\u011fi Korosu Konserleri, Ney Kursu, D\u00fcnya Tiyatro G\u00fcn\u00fc\u2019ne \u00f6zel Tiyatro oyunlar\u0131, Ku\u015fadas\u0131 K\u00fclt\u00fcr ve Sanat \u00d6d\u00fclleri gibi proje ve etkinlikleri ger\u00e7ekle\u015ftirece\u011fiz. Ayr\u0131ca bir Ku\u015fadas\u0131 klasi\u011fi haline gelen ADA TV\u2019den ba\u015flayan Mustafa Veli\u2019nin \u015eiir Dostlar\u0131n\u0131, K\u00dcKSAD \u015eiir Dostlar\u0131 ismiyle yeniden sanatseverlerle bir araya getirece\u011fiz\u201d dedi.<\/p>\n<p style=\"text-align: justify;\">Toplant\u0131da konu\u015fan eski Ku\u015fadas\u0131 K\u00dcKSAD Ba\u015fkan\u0131 Murat Yakar \u201c K\u00dcKSAD bir d\u00f6nem Ku\u015fadas\u0131\u2019n\u0131n k\u00fclt\u00fcrel ve sanatsal etkinliklerine damga vurmu\u015f bir kurulu\u015f. Yeni bir yap\u0131lanma i\u00e7erisindeyiz. Y\u00f6netim kurulumuzun 50.y\u0131la \u00f6zel bir\u00e7ok sanatsal ve k\u00fclt\u00fcrel faaliyetleri olacak. Amac\u0131m\u0131z, t\u00fcm Ku\u015fadas\u0131\u2019n\u0131 kucaklayan etkinlikler ger\u00e7ekle\u015ftirmek ve Ku\u015fadas\u0131\u2019n\u0131n yeniden K\u00dcKSAD\u2019a sahip \u00e7\u0131kmas\u0131. Derne\u011fimizin kurulu\u015fundan itibaren Ku\u015fadas\u0131\u2019na, Ku\u015fadas\u0131 halk\u0131 ad\u0131na bir\u00e7ok sanatsal ve k\u00fclt\u00fcrel etkinlikleri, faaliyetleri oldu. \u0130lk sinema g\u00f6sterimi, k\u00fct\u00fcphane salonu, tiyatro salonu, say\u0131s\u0131z s\u00f6yle\u015fi ve sergi gibi bir\u00e7ok projeyi, aktiviteyi hayata ge\u00e7irdik. Amac\u0131m\u0131z daha \u00e7ok sanatsal, k\u00fclt\u00fcrel faaliyeti Ku\u015fadas\u0131\u2019nda ger\u00e7ekle\u015ftirmek\u201c diye konu\u015ftu.<\/p>\n<p style=\"text-align: justify;\">Kaynak: http:\/\/www.ozdenhaber.net\/<\/p>\n","protected":false},"excerpt":{"rendered":"<p>Ku\u015fadas\u0131\u2019n\u0131n en \u00f6nemli k\u00fclt\u00fcr ve sanat kurulu\u015flar\u0131ndan biri olan Ku\u015fadas\u0131 K\u00fct\u00fcphane Yapt\u0131rma Ya\u015fatma K\u00fclt\u00fcr ve Sanat Derne\u011fi (K\u00dcKSAD) yeniden yap\u0131lanmaya gidiyor. K\u00dcKSAD y\u00f6netimi, d\u00fczenledi\u011fi toplant\u0131yla 50. y\u0131la \u00f6zel proje ve etkinliklerini kamuoyuna duyurdu. Setur Marina\u2019da d\u00fczenlenen toplant\u0131da bas\u0131n mensuplar\u0131 ile bir araya gelen K\u00dcKSAD y\u00f6netim kurulu \u00fcyeleri, 1964 y\u0131l\u0131nda kurulan derne\u011fin yeniden yap\u0131lanma \u00e7al\u0131\u015fmalar\u0131 ile [&hellip;]<\/p>\n","protected":false},"author":1,"featured_media":0,"comment_status":"open","ping_status":"open","sticky":false,"template":"","format":"standard","meta":{"footnotes":""},"categories":[1],"tags":[],"class_list":["post-13953","post","type-post","status-publish","format-standard","hentry","category-genel"],"_links":{"self":[{"href":"https:\/\/www.bbyhaber.com\/bby\/wp-json\/wp\/v2\/posts\/13953"}],"collection":[{"href":"https:\/\/www.bbyhaber.com\/bby\/wp-json\/wp\/v2\/posts"}],"about":[{"href":"https:\/\/www.bbyhaber.com\/bby\/wp-json\/wp\/v2\/types\/post"}],"author":[{"embeddable":true,"href":"https:\/\/www.bbyhaber.com\/bby\/wp-json\/wp\/v2\/users\/1"}],"replies":[{"embeddable":true,"href":"https:\/\/www.bbyhaber.com\/bby\/wp-json\/wp\/v2\/comments?post=13953"}],"version-history":[{"count":0,"href":"https:\/\/www.bbyhaber.com\/bby\/wp-json\/wp\/v2\/posts\/13953\/revisions"}],"wp:attachment":[{"href":"https:\/\/www.bbyhaber.com\/bby\/wp-json\/wp\/v2\/media?parent=13953"}],"wp:term":[{"taxonomy":"category","embeddable":true,"href":"https:\/\/www.bbyhaber.com\/bby\/wp-json\/wp\/v2\/categories?post=13953"},{"taxonomy":"post_tag","embeddable":true,"href":"https:\/\/www.bbyhaber.com\/bby\/wp-json\/wp\/v2\/tags?post=13953"}],"curies":[{"name":"wp","href":"https:\/\/api.w.org\/{rel}","templated":true}]}}