{"id":13945,"date":"2014-06-21T13:51:53","date_gmt":"2014-06-21T10:51:53","guid":{"rendered":"http:\/\/www.bbyhaber.com\/bby\/?p=13945"},"modified":"2014-06-21T14:11:02","modified_gmt":"2014-06-21T11:11:02","slug":"suriyeli-siginmacilara-kutuphane-hizmeti","status":"publish","type":"post","link":"https:\/\/www.bbyhaber.com\/bby\/2014\/06\/21\/suriyeli-siginmacilara-kutuphane-hizmeti","title":{"rendered":"Suriyeli s\u0131\u011f\u0131nmac\u0131lara k\u00fct\u00fcphane hizmeti"},"content":{"rendered":"<p style=\"text-align: justify;\"><img loading=\"lazy\" decoding=\"async\" class=\"alignleft\" src=\"http:\/\/i.sabah.com.tr\/sbh\/2014\/06\/20\/Haber\/1403258945590.jpg\" alt=\"\" width=\"200\" height=\"200\" \/>\u00dclkelerindeki i\u00e7 sava\u015ftan ka\u00e7arak T\u00fcrkiye&#8217;ye s\u0131\u011f\u0131nan ve Cevdetiye beldesindeki konaklama tesisinde misafir edilen Suriyeliler i\u00e7in 4 bin kitab\u0131n bulundu\u011fu k\u00fct\u00fcphane olu\u015fturuldu. Roman, hikaye, tarih, genel k\u00fclt\u00fcr, \u015fiir ve \u00e7ocuk geli\u015fim kitaplar\u0131ndan olu\u015fan k\u00fct\u00fcphanede, Suriyeliler&#8217;in zamanlar\u0131n\u0131 iyi de\u011ferlendirmesi ve okuma al\u0131\u015fkanl\u0131klar\u0131n\u0131 geli\u015ftirilmesi ama\u00e7lan\u0131yor. Konaklama tesisinden sorumlu vali yard\u0131mc\u0131s\u0131 Murat Uzunparmak, AA muhabirine yapt\u0131\u011f\u0131 a\u00e7\u0131klamada, tesisteki 5 mahallede k\u00fc\u00e7\u00fck k\u00fct\u00fcphaneler bulundu\u011funu, yeni kurulan k\u00fct\u00fcphanenin tesis geneline hitap etmesinin d\u00fc\u015f\u00fcn\u00fcld\u00fc\u011f\u00fcn\u00fc s\u00f6yledi.<!--more--><\/p>\n<p style=\"text-align: justify;\"><strong>\u00d6zellikle Suriyeli \u00f6\u011frencilerin k\u00fct\u00fcphaneden faydalanmas\u0131n\u0131 arzu ettiklerini ifade eden Uzunparmak, \u015funlar\u0131 kaydetti:<\/strong><\/p>\n<p style=\"text-align: justify;\">&#8220;Tesislerde bir\u00e7ok alanda verilen hizmetlere k\u00fct\u00fcphaneyi de eklemenin mutlulu\u011funu ya\u015f\u0131yoruz. Bilindi\u011fi gibi burada da okullar tatil oldu. \u0130n\u015fallah bundan sonraki s\u00fcre\u00e7te k\u00fct\u00fcphanemiz, \u00f6\u011frencilerin \u00fc\u00e7 ayl\u0131k s\u00fcre zarf\u0131nda okuma becerilerini geli\u015ftirmeleri ve buradaki kitaplardan istifade etmeleri ad\u0131na g\u00fczel hizmet verecek. Bu vesileyle bo\u015f zamanlar\u0131n\u0131 burada kitap okuyarak de\u011ferlendirmi\u015f olacaklar.&#8221;<\/p>\n<p style=\"text-align: justify;\">Uzunparmak, k\u00fct\u00fcphaneye g\u00f6sterilen ilgiden mutlu oldu\u011funu, kitap say\u0131s\u0131n\u0131 artt\u0131rmak istediklerini belirtti.<\/p>\n<p style=\"text-align: justify;\"><strong>&#8220;Suriyeliler&#8217;in, sava\u015f ortam\u0131n\u0131 unutmas\u0131 i\u00e7in \u00e7al\u0131\u015f\u0131yoruz&#8221;<br \/>\n<\/strong><br \/>\n<strong>Suriyeli misafirlerin sava\u015f psikolojisinden kurtulmalar\u0131na yard\u0131mc\u0131 olmay\u0131 hedeflediklerini de dile getiren Uzunparmak, \u015f\u00f6yle devam etti:<\/strong><\/p>\n<p style=\"text-align: justify;\">&#8220;Suriye&#8217;deki i\u00e7 sava\u015ftan ka\u00e7arak buraya gelen insanlar\u0131n, sava\u015f ortam\u0131n\u0131 unutmalar\u0131 ve normal bir ya\u015fam s\u00fcrmeleri i\u00e7in \u00e7al\u0131\u015f\u0131yoruz. Bu kapsamda tesisimizde sosyal, e\u011fitim ve spor alanlar\u0131 olu\u015fturmaya devam ediyoruz. K\u00fct\u00fcphane de bu \u00e7al\u0131\u015fmalar\u0131n bir par\u00e7as\u0131. \u015eu ana kadar g\u00f6sterilen ilgiden memnunuz. Kitap say\u0131m\u0131z\u0131 da art\u0131rmak istiyoruz. Kitap ba\u011f\u0131\u015flamak isteyen olursa da o ba\u011f\u0131\u015flar\u0131 kabul ederiz.&#8221;<\/p>\n<p style=\"text-align: justify;\">Uzunparmak, g\u00fcn\u00fcn belli saatlerinde tesisteki personelin de kitap okumas\u0131 i\u00e7in uygulama ba\u015flat\u0131laca\u011f\u0131n\u0131 s\u00f6zlerine ekledi.<\/p>\n<p style=\"text-align: justify;\">Kaynak: http:\/\/www.sabah.com.tr\/<\/p>\n","protected":false},"excerpt":{"rendered":"<p>\u00dclkelerindeki i\u00e7 sava\u015ftan ka\u00e7arak T\u00fcrkiye&#8217;ye s\u0131\u011f\u0131nan ve Cevdetiye beldesindeki konaklama tesisinde misafir edilen Suriyeliler i\u00e7in 4 bin kitab\u0131n bulundu\u011fu k\u00fct\u00fcphane olu\u015fturuldu. Roman, hikaye, tarih, genel k\u00fclt\u00fcr, \u015fiir ve \u00e7ocuk geli\u015fim kitaplar\u0131ndan olu\u015fan k\u00fct\u00fcphanede, Suriyeliler&#8217;in zamanlar\u0131n\u0131 iyi de\u011ferlendirmesi ve okuma al\u0131\u015fkanl\u0131klar\u0131n\u0131 geli\u015ftirilmesi ama\u00e7lan\u0131yor. Konaklama tesisinden sorumlu vali yard\u0131mc\u0131s\u0131 Murat Uzunparmak, AA muhabirine yapt\u0131\u011f\u0131 a\u00e7\u0131klamada, tesisteki 5 [&hellip;]<\/p>\n","protected":false},"author":1,"featured_media":0,"comment_status":"open","ping_status":"open","sticky":false,"template":"","format":"standard","meta":{"footnotes":""},"categories":[1],"tags":[],"class_list":["post-13945","post","type-post","status-publish","format-standard","hentry","category-genel"],"_links":{"self":[{"href":"https:\/\/www.bbyhaber.com\/bby\/wp-json\/wp\/v2\/posts\/13945"}],"collection":[{"href":"https:\/\/www.bbyhaber.com\/bby\/wp-json\/wp\/v2\/posts"}],"about":[{"href":"https:\/\/www.bbyhaber.com\/bby\/wp-json\/wp\/v2\/types\/post"}],"author":[{"embeddable":true,"href":"https:\/\/www.bbyhaber.com\/bby\/wp-json\/wp\/v2\/users\/1"}],"replies":[{"embeddable":true,"href":"https:\/\/www.bbyhaber.com\/bby\/wp-json\/wp\/v2\/comments?post=13945"}],"version-history":[{"count":0,"href":"https:\/\/www.bbyhaber.com\/bby\/wp-json\/wp\/v2\/posts\/13945\/revisions"}],"wp:attachment":[{"href":"https:\/\/www.bbyhaber.com\/bby\/wp-json\/wp\/v2\/media?parent=13945"}],"wp:term":[{"taxonomy":"category","embeddable":true,"href":"https:\/\/www.bbyhaber.com\/bby\/wp-json\/wp\/v2\/categories?post=13945"},{"taxonomy":"post_tag","embeddable":true,"href":"https:\/\/www.bbyhaber.com\/bby\/wp-json\/wp\/v2\/tags?post=13945"}],"curies":[{"name":"wp","href":"https:\/\/api.w.org\/{rel}","templated":true}]}}