{"id":13935,"date":"2014-06-18T15:13:04","date_gmt":"2014-06-18T12:13:04","guid":{"rendered":"http:\/\/www.bbyhaber.com\/bby\/?p=13935"},"modified":"2014-06-18T15:13:04","modified_gmt":"2014-06-18T12:13:04","slug":"kutuphaneler-arasi-esgudum-toplantisi-yapildi-kayseri","status":"publish","type":"post","link":"https:\/\/www.bbyhaber.com\/bby\/2014\/06\/18\/kutuphaneler-arasi-esgudum-toplantisi-yapildi-kayseri","title":{"rendered":"K\u00fct\u00fcphaneler Aras\u0131 E\u015fg\u00fcd\u00fcm Toplant\u0131s\u0131 Yap\u0131ld\u0131-Kayseri"},"content":{"rendered":"<p style=\"text-align: justify;\"><img loading=\"lazy\" decoding=\"async\" class=\"alignleft\" src=\"http:\/\/i.milliyet.com.tr\/LocalArticle606x304\/2014\/06\/17\/fft261_mf3557057.Jpeg\" alt=\"\" width=\"229\" height=\"119\" \/>K\u00fct\u00fcphaneler aras\u0131 ileti\u015fim ve i\u015fbirli\u011finin sa\u011flanmas\u0131, il ve il\u00e7elerde bulunan k\u00fct\u00fcphanelerin sorunlar\u0131n\u0131n yerelinde belirlenmesi ve \u00e7\u00f6z\u00fclmesi amac\u0131yla y\u0131lda iki kez yap\u0131lan K\u00fct\u00fcphaneler Aras\u0131 E\u015fg\u00fcd\u00fcm Toplant\u0131s\u0131n\u0131n ikincisi Talas Fatma Kemal Timu\u00e7in \u0130l\u00e7e Halk K\u00fct\u00fcphanesinde ger\u00e7ekle\u015ftirildi. \u0130l K\u00fclt\u00fcr ve Turizm M\u00fcd\u00fcr Yard\u0131mc\u0131s\u0131 Hac\u0131 Mehmet \u00d6zt\u00fcrk ba\u015fkanl\u0131\u011f\u0131nda ger\u00e7ekle\u015ftirilen toplant\u0131ya \u0130l K\u00fclt\u00fcr ve Turizm M\u00fcd\u00fcrl\u00fc\u011f\u00fc Ayniyat Sayman\u0131 Dilek \u00d6zkan, K\u00fct\u00fcphanelerden sorumlu \u015eef Mahmut Harmanc\u0131,<!--more--> 75.Y\u0131l \u0130l Halk K\u00fct\u00fcphanesi M\u00fcd\u00fcr\u00fc Asl\u0131han Uygun ve t\u00fcm il\u00e7e halk k\u00fct\u00fcphaneleri m\u00fcd\u00fcrlerinin kat\u0131l\u0131m\u0131yla yap\u0131ld\u0131. Toplant\u0131da; bina onar\u0131mlar\u0131, malzeme durumu, k\u00fct\u00fcphane a\u00e7ma-kapama-birle\u015ftirme teklifleri, yerinden materyal al\u0131m\u0131, ciltleme i\u015fleri, teknik hizmetlerde kar\u015f\u0131la\u015f\u0131lan sorunlar, ay\u0131klama ve d\u00fc\u015f\u00fcm i\u015flemleri, ortak k\u00fclt\u00fcrel etkinlikler, derleme hizmetleri, k\u00fct\u00fcphaneler aras\u0131 i\u015fbirli\u011fi gibi konular g\u00fcndeme al\u0131narak g\u00f6r\u00fc\u015f\u00fcld\u00fc.<\/p>\n<p style=\"text-align: justify;\">Kaynak: http:\/\/www.milliyet.com.tr<\/p>\n","protected":false},"excerpt":{"rendered":"<p>K\u00fct\u00fcphaneler aras\u0131 ileti\u015fim ve i\u015fbirli\u011finin sa\u011flanmas\u0131, il ve il\u00e7elerde bulunan k\u00fct\u00fcphanelerin sorunlar\u0131n\u0131n yerelinde belirlenmesi ve \u00e7\u00f6z\u00fclmesi amac\u0131yla y\u0131lda iki kez yap\u0131lan K\u00fct\u00fcphaneler Aras\u0131 E\u015fg\u00fcd\u00fcm Toplant\u0131s\u0131n\u0131n ikincisi Talas Fatma Kemal Timu\u00e7in \u0130l\u00e7e Halk K\u00fct\u00fcphanesinde ger\u00e7ekle\u015ftirildi. \u0130l K\u00fclt\u00fcr ve Turizm M\u00fcd\u00fcr Yard\u0131mc\u0131s\u0131 Hac\u0131 Mehmet \u00d6zt\u00fcrk ba\u015fkanl\u0131\u011f\u0131nda ger\u00e7ekle\u015ftirilen toplant\u0131ya \u0130l K\u00fclt\u00fcr ve Turizm M\u00fcd\u00fcrl\u00fc\u011f\u00fc Ayniyat Sayman\u0131 Dilek \u00d6zkan, [&hellip;]<\/p>\n","protected":false},"author":1,"featured_media":0,"comment_status":"open","ping_status":"open","sticky":false,"template":"","format":"standard","meta":{"footnotes":""},"categories":[1],"tags":[848],"class_list":["post-13935","post","type-post","status-publish","format-standard","hentry","category-genel","tag-halk-kutuphaneleri"],"_links":{"self":[{"href":"https:\/\/www.bbyhaber.com\/bby\/wp-json\/wp\/v2\/posts\/13935"}],"collection":[{"href":"https:\/\/www.bbyhaber.com\/bby\/wp-json\/wp\/v2\/posts"}],"about":[{"href":"https:\/\/www.bbyhaber.com\/bby\/wp-json\/wp\/v2\/types\/post"}],"author":[{"embeddable":true,"href":"https:\/\/www.bbyhaber.com\/bby\/wp-json\/wp\/v2\/users\/1"}],"replies":[{"embeddable":true,"href":"https:\/\/www.bbyhaber.com\/bby\/wp-json\/wp\/v2\/comments?post=13935"}],"version-history":[{"count":0,"href":"https:\/\/www.bbyhaber.com\/bby\/wp-json\/wp\/v2\/posts\/13935\/revisions"}],"wp:attachment":[{"href":"https:\/\/www.bbyhaber.com\/bby\/wp-json\/wp\/v2\/media?parent=13935"}],"wp:term":[{"taxonomy":"category","embeddable":true,"href":"https:\/\/www.bbyhaber.com\/bby\/wp-json\/wp\/v2\/categories?post=13935"},{"taxonomy":"post_tag","embeddable":true,"href":"https:\/\/www.bbyhaber.com\/bby\/wp-json\/wp\/v2\/tags?post=13935"}],"curies":[{"name":"wp","href":"https:\/\/api.w.org\/{rel}","templated":true}]}}