{"id":13906,"date":"2014-06-16T15:56:30","date_gmt":"2014-06-16T12:56:30","guid":{"rendered":"http:\/\/www.bbyhaber.com\/bby\/?p=13906"},"modified":"2014-06-16T15:56:49","modified_gmt":"2014-06-16T12:56:49","slug":"kutuphane-binasinda-guclendirme-calismasi-van","status":"publish","type":"post","link":"https:\/\/www.bbyhaber.com\/bby\/2014\/06\/16\/kutuphane-binasinda-guclendirme-calismasi-van","title":{"rendered":"K\u00fct\u00fcphane Binas\u0131nda G\u00fc\u00e7lendirme \u00c7al\u0131\u015fmas\u0131-Van"},"content":{"rendered":"<p style=\"text-align: justify;\"><img loading=\"lazy\" decoding=\"async\" class=\"alignleft\" src=\"http:\/\/cdn.haberfx.net\/images\/news\/300x250\/1002605.jpg\" alt=\"\" width=\"300\" height=\"200\" \/>Van\u2019\u0131n Muradiye il\u00e7esindeki 24 y\u0131ll\u0131k k\u00fct\u00fcphane binas\u0131nda g\u00fc\u00e7lendirme \u00e7al\u0131\u015fmalar\u0131 ba\u015flat\u0131ld\u0131. \u0130l\u00e7ede 24 y\u0131l \u00f6nce yap\u0131lan k\u00fct\u00fcphane binas\u0131, Van depreminde binas\u0131 hasar g\u00f6ren Emniyet M\u00fcd\u00fcrl\u00fc\u011f\u00fc\u2019ne tahsis edilirken, k\u00fct\u00fcphane hizmeti ise bir prefabrikte verilmeye ba\u015fland\u0131.<!--more--> Binan\u0131n bo\u015falt\u0131lmas\u0131 \u00fczerine g\u00fc\u00e7lendirme \u00e7al\u0131\u015fmalar\u0131na ba\u015flan\u0131l\u0131rken, bu y\u0131l ekim-kas\u0131m aylar\u0131nda faaliyete ge\u00e7mesi planlan\u0131l\u0131yor.<\/p>\n<p style=\"text-align: justify;\">Kaynak:\u00a0http:\/\/www.haberfx.net\/<\/p>\n","protected":false},"excerpt":{"rendered":"<p>Van\u2019\u0131n Muradiye il\u00e7esindeki 24 y\u0131ll\u0131k k\u00fct\u00fcphane binas\u0131nda g\u00fc\u00e7lendirme \u00e7al\u0131\u015fmalar\u0131 ba\u015flat\u0131ld\u0131. \u0130l\u00e7ede 24 y\u0131l \u00f6nce yap\u0131lan k\u00fct\u00fcphane binas\u0131, Van depreminde binas\u0131 hasar g\u00f6ren Emniyet M\u00fcd\u00fcrl\u00fc\u011f\u00fc\u2019ne tahsis edilirken, k\u00fct\u00fcphane hizmeti ise bir prefabrikte verilmeye ba\u015fland\u0131.<\/p>\n","protected":false},"author":1,"featured_media":0,"comment_status":"open","ping_status":"open","sticky":false,"template":"","format":"standard","meta":{"footnotes":""},"categories":[1555,1],"tags":[],"class_list":["post-13906","post","type-post","status-publish","format-standard","hentry","category-deprem-kutuphane","category-genel"],"_links":{"self":[{"href":"https:\/\/www.bbyhaber.com\/bby\/wp-json\/wp\/v2\/posts\/13906"}],"collection":[{"href":"https:\/\/www.bbyhaber.com\/bby\/wp-json\/wp\/v2\/posts"}],"about":[{"href":"https:\/\/www.bbyhaber.com\/bby\/wp-json\/wp\/v2\/types\/post"}],"author":[{"embeddable":true,"href":"https:\/\/www.bbyhaber.com\/bby\/wp-json\/wp\/v2\/users\/1"}],"replies":[{"embeddable":true,"href":"https:\/\/www.bbyhaber.com\/bby\/wp-json\/wp\/v2\/comments?post=13906"}],"version-history":[{"count":0,"href":"https:\/\/www.bbyhaber.com\/bby\/wp-json\/wp\/v2\/posts\/13906\/revisions"}],"wp:attachment":[{"href":"https:\/\/www.bbyhaber.com\/bby\/wp-json\/wp\/v2\/media?parent=13906"}],"wp:term":[{"taxonomy":"category","embeddable":true,"href":"https:\/\/www.bbyhaber.com\/bby\/wp-json\/wp\/v2\/categories?post=13906"},{"taxonomy":"post_tag","embeddable":true,"href":"https:\/\/www.bbyhaber.com\/bby\/wp-json\/wp\/v2\/tags?post=13906"}],"curies":[{"name":"wp","href":"https:\/\/api.w.org\/{rel}","templated":true}]}}