{"id":13878,"date":"2014-06-11T21:32:10","date_gmt":"2014-06-11T18:32:10","guid":{"rendered":"http:\/\/www.bbyhaber.com\/bby\/?p=13878"},"modified":"2016-05-20T13:19:36","modified_gmt":"2016-05-20T10:19:36","slug":"birlesmis-milletler-sinavla-uzman-alacak-son-basvuru-tarihi-27-agustos-2014","status":"publish","type":"post","link":"https:\/\/www.bbyhaber.com\/bby\/2014\/06\/11\/birlesmis-milletler-sinavla-uzman-alacak-son-basvuru-tarihi-27-agustos-2014","title":{"rendered":"Birle\u015fmi\u015f Milletler s\u0131navla uzman alacak-Son Ba\u015fvuru Tarihi-27 A\u011fustos 2014"},"content":{"rendered":"<p style=\"text-align: justify;\"><a href=\"http:\/\/www.bbyhaber.com\/bby\/category\/bby-is-ilanlari\/\"><img loading=\"lazy\" decoding=\"async\" class=\"alignleft colorbox-9771\" src=\"http:\/\/www.bbyhaber.com\/bby\/wp-content\/uploads\/is-ilanlari-arsivi.jpg\" alt=\"\" width=\"250\" height=\"150\" \/><\/a>Birle\u015fmi\u015f Milletler, personel istihdam politikas\u0131 \u00e7er\u00e7evesinde, nitelikli T\u00fcrk gen\u00e7lerine y\u00f6nelik olarak \u00fclkemizde de bir s\u0131nav (Gen\u00e7 Profesyonel Program S\u0131nav\u0131-Young Professional Programme Competitive Examinations) a\u00e7acakt\u0131r. Ekonomik \u0130\u015fler, Enformasyon Sistemleri ve Teknoloji, \u0130nsan Haklar\u0131, <strong><span style=\"color: #0000ff;\">K\u00fct\u00fcphane \/ Bilgi Y\u00f6netimi<\/span><\/strong>,<!--more--> Foto\u011fraf\u00e7\u0131l\u0131k, Siyasi \u0130\u015fler ve Radyo Yap\u0131mc\u0131l\u0131\u011f\u0131 (Arap\u00e7a, \u00c7ince, Svahili, Rus\u00e7a, \u0130spanyolca) olmak \u00fczere 7 meslek grubuna y\u00f6nelik olarak a\u00e7\u0131lacak s\u0131nav\u0131n <strong>4 Aral\u0131k 2014 tarihinde BM ofislerinin bulundu\u011fu \u015fehirlerin yan\u0131s\u0131ra Ankara&#8217;da da ger\u00e7ekle\u015ftirilmesi \u00f6ng\u00f6r\u00fclmektedir.<\/strong> S\u0131nav standart oldu\u011fu i\u00e7in adaylar s\u0131navlara diledikleri s\u0131nav merkezinde, seyahat masraflar\u0131 kendilerine ait olmak \u00fczere girebilecektir.<\/p>\n<p style=\"text-align: justify;\">Adaylar\u0131n bu s\u0131nava ba\u015fvurabilmeleri i\u00e7in, <strong>meslek kategorilerine uygun lisans diplomas\u0131na sahip ve 32 ya\u015f\u0131ndan k\u00fc\u00e7\u00fck olmalar\u0131<\/strong> (1 Ocak 1982 ve sonras\u0131 do\u011fmu\u015f olmak), \u0130ngilizce ve\/veya Frans\u0131zca dillerini \u00e7ok iyi derecede bilmeleri ve kat\u0131lacak \u00fclkeler listesinde yer alan \u00fclke vatanda\u015f\u0131 olmalar\u0131 gerekmektedir.<\/p>\n<p style=\"text-align: justify;\">S\u0131nava her bir meslek grubunda her \u00fclke i\u00e7in en fazla 40 aday kabul edilecektir. Herhangi bir meslek kategorisinde 40 ki\u015fiden fazla ba\u015fvuru olmas\u0131 halinde en iyi 40 aday, y\u00fcksek lisans ve doktora e\u011fitimi, i\u015f tecr\u00fcbesi, \u0130ngilizce ve Frans\u0131zcan\u0131n yan\u0131s\u0131ra, di\u011fer BM resmi dillerinden (Arap\u00e7a, \u00c7ince, Rus\u00e7a ve \u0130spanyolca) birini bilmesi gibi nitelikler dikkate al\u0131narak se\u00e7ilecektir.<\/p>\n<p style=\"text-align: justify;\">Yaz\u0131l\u0131 s\u0131nav, genel ve uzmanl\u0131k sorular\u0131 olmak \u00fczere iki b\u00f6l\u00fcmden olu\u015facak ve 4,5 saat s\u00fcrecektir. BM Yazmanl\u0131\u011f\u0131, yaz\u0131l\u0131 s\u0131navda ba\u015far\u0131l\u0131 olan adaylar\u0131 internet arac\u0131l\u0131\u011f\u0131yla yap\u0131lacak s\u00f6zl\u00fc s\u0131nava (m\u00fclakat) davet edecektir.<\/p>\n<p style=\"text-align: justify;\">S\u0131navda ba\u015far\u0131l\u0131 olan adaylar, P-1 ve P-2 seviyelerinde i\u015fe al\u0131nacak olup, BM merkezlerinin oldu\u011fu yerlerde veya Bar\u0131\u015f\u0131 Koruma Operasyonlar\u0131 b\u00f6l\u00fcmlerinde g\u00f6revlendirilecektir.<\/p>\n<p style=\"text-align: justify;\"><strong>Ba\u015fvurular<\/strong>\u0131n <a href=\"https:\/\/careers.un.org\/lbw\/home.aspx\" target=\"_blank\">https:\/\/careers.un.org\/lbw\/home.aspx?viewtype=NCE<\/a> adresi arac\u0131l\u0131l\u0131\u011f\u0131yla <span style=\"color: #ff0000;\"><strong>14 Haziran &#8211; 27 A\u011fustos 2014<\/strong><\/span> tarihleri aras\u0131nda yap\u0131lmas\u0131 gerekmektedir. Bu y\u0131l, ba\u015fvuru s\u00fcresi \u00fc\u00e7 b\u00f6l\u00fcme ayr\u0131lm\u0131\u015f olup, Enformasyon Sistemleri ve Teknoloji ile Siyasi \u0130\u015fler b\u00f6l\u00fcmlerine yap\u0131lacak ba\u015fvurular 14 Haziran &#8211; 13 A\u011fustos tarihleri aras\u0131nda; Ekonomik \u0130\u015fler ve Radyo Yap\u0131mc\u0131l\u0131\u011f\u0131 (Arap\u00e7a, \u00c7ince, Svahili, Rus\u00e7a, \u0130spanyolca) b\u00f6l\u00fcmlerine yap\u0131lacak ba\u015fvurular 21 Haziran &#8211; 20 A\u011fustos tarihleri aras\u0131nda; \u0130nsan Haklar\u0131, <strong><span style=\"color: #0000ff;\">K\u00fct\u00fcphane \/ Bilgi Y\u00f6netimi<\/span><\/strong> ve Foto\u011fraf\u00e7\u0131l\u0131k b\u00f6l\u00fcmlerine yap\u0131lacak ba\u015fvurular <span style=\"color: #0000ff;\"><strong>28 Haziran &#8211; 27 A\u011fustos<\/strong><\/span> tarihlerinde kabul edilecektir.<\/p>\n<p style=\"text-align: justify;\">Konu hakk\u0131nda ilave bilgilere yukar\u0131da kay\u0131tl\u0131 internet sayfas\u0131ndan ula\u015f\u0131lmas\u0131 m\u00fcmk\u00fcnd\u00fcr.<\/p>\n<p style=\"text-align: justify;\">S\u0131nav tamam\u0131yla BM taraf\u0131ndan yap\u0131lmakta olup, Bakanl\u0131\u011f\u0131m\u0131z\u0131n s\u0131nav\u0131n haz\u0131rlanmas\u0131 ve sonu\u00e7land\u0131r\u0131lmas\u0131nda herhangi bir rol\u00fc bulunmamaktad\u0131r.<\/p>\n<p style=\"text-align: justify;\">Kaynak: <a href=\"http:\/\/www.memurlar.net\/\" target=\"_blank\">http:\/\/www.memurlar.net<\/a>\/<\/p>\n","protected":false},"excerpt":{"rendered":"<p>Birle\u015fmi\u015f Milletler, personel istihdam politikas\u0131 \u00e7er\u00e7evesinde, nitelikli T\u00fcrk gen\u00e7lerine y\u00f6nelik olarak \u00fclkemizde de bir s\u0131nav (Gen\u00e7 Profesyonel Program S\u0131nav\u0131-Young Professional Programme Competitive Examinations) a\u00e7acakt\u0131r. Ekonomik \u0130\u015fler, Enformasyon Sistemleri ve Teknoloji, \u0130nsan Haklar\u0131, K\u00fct\u00fcphane \/ Bilgi Y\u00f6netimi,<\/p>\n","protected":false},"author":1,"featured_media":0,"comment_status":"open","ping_status":"open","sticky":false,"template":"","format":"standard","meta":{"footnotes":""},"categories":[],"tags":[1393],"class_list":["post-13878","post","type-post","status-publish","format-standard","hentry","tag-bby-is-ilanlari-arsivi"],"_links":{"self":[{"href":"https:\/\/www.bbyhaber.com\/bby\/wp-json\/wp\/v2\/posts\/13878"}],"collection":[{"href":"https:\/\/www.bbyhaber.com\/bby\/wp-json\/wp\/v2\/posts"}],"about":[{"href":"https:\/\/www.bbyhaber.com\/bby\/wp-json\/wp\/v2\/types\/post"}],"author":[{"embeddable":true,"href":"https:\/\/www.bbyhaber.com\/bby\/wp-json\/wp\/v2\/users\/1"}],"replies":[{"embeddable":true,"href":"https:\/\/www.bbyhaber.com\/bby\/wp-json\/wp\/v2\/comments?post=13878"}],"version-history":[{"count":0,"href":"https:\/\/www.bbyhaber.com\/bby\/wp-json\/wp\/v2\/posts\/13878\/revisions"}],"wp:attachment":[{"href":"https:\/\/www.bbyhaber.com\/bby\/wp-json\/wp\/v2\/media?parent=13878"}],"wp:term":[{"taxonomy":"category","embeddable":true,"href":"https:\/\/www.bbyhaber.com\/bby\/wp-json\/wp\/v2\/categories?post=13878"},{"taxonomy":"post_tag","embeddable":true,"href":"https:\/\/www.bbyhaber.com\/bby\/wp-json\/wp\/v2\/tags?post=13878"}],"curies":[{"name":"wp","href":"https:\/\/api.w.org\/{rel}","templated":true}]}}