{"id":13874,"date":"2014-06-10T16:14:43","date_gmt":"2014-06-10T13:14:43","guid":{"rendered":"http:\/\/www.bbyhaber.com\/bby\/?p=13874"},"modified":"2014-06-10T16:14:43","modified_gmt":"2014-06-10T13:14:43","slug":"universite-kutuphanelerini-yeniden-dusunmek-ve-acik-arsiv-prof-dr-gokhan-cetinsaya","status":"publish","type":"post","link":"https:\/\/www.bbyhaber.com\/bby\/2014\/06\/10\/universite-kutuphanelerini-yeniden-dusunmek-ve-acik-arsiv-prof-dr-gokhan-cetinsaya","title":{"rendered":"\u00dcniversite K\u00fct\u00fcphanelerini Yeniden D\u00fc\u015f\u00fcnmek ve A\u00e7\u0131k Ar\u015fiv-Prof. Dr. G\u00f6khan \u00c7etinsaya"},"content":{"rendered":"<p style=\"text-align: justify;\"><img loading=\"lazy\" decoding=\"async\" class=\"alignleft\" src=\"http:\/\/memurlar.net\/common\/news\/images\/471219\/headline.jpg\" alt=\"\" width=\"199\" height=\"107\" \/>Y\u00d6K Ba\u015fkan\u0131 Prof. Dr. G\u00f6khan \u00c7etinsaya, \u00fcniversite k\u00fct\u00fcphaneleri i\u00e7in standart geli\u015ftirmeyi ama\u00e7lad\u0131klar\u0131n\u0131 belirterek, &#8220;\u00dcniversite y\u00f6neticilerimizden bu standartlar do\u011frultusunda k\u00fct\u00fcphanelerini geli\u015ftirmelerini bekliyoruz. Bizler de mali ve mevzuat boyutlar\u0131nda \u00fczerimize d\u00fc\u015feni yapaca\u011f\u0131z&#8221; dedi. \u00c7etinsaya, Y\u00d6K Konferans Salonunda d\u00fczenlenen &#8220;\u00dcniversite K\u00fct\u00fcphanelerini Yeniden D\u00fc\u015f\u00fcnmek&#8221; konferans\u0131n\u0131n a\u00e7\u0131l\u0131\u015f\u0131ndaki konu\u015fmas\u0131nda, bilgiye eri\u015fmek ve bilgiyi kullan\u0131ma sunmada k\u00fct\u00fcphanelerin b\u00fcy\u00fck \u00f6nem kazand\u0131\u011f\u0131na i\u015faret etti.<!--more--><\/p>\n<p style=\"text-align: justify;\">\u00dcniversitelerin etkili bir bilgi alt yap\u0131s\u0131na sahip olmalar\u0131n\u0131 ve bu alt yap\u0131y\u0131 g\u00fcn\u00fcn gereklerine g\u00f6re s\u00fcrekli g\u00fcncellemelerini zorunlu g\u00f6rd\u00fcklerini belirten \u00c7etinsaya, \u00fcniversite k\u00fct\u00fcphanelerinin de bas\u0131l\u0131 ve elektronik formattaki bilgiyi sa\u011flamalar\u0131, organize etmeleri ve mekandan ba\u011f\u0131ms\u0131z olarak 7 g\u00fcn 24 saat hizmete sunmalar\u0131n\u0131n, ola\u011fan hizmetler haline geldi\u011fini s\u00f6yledi.<\/p>\n<p style=\"text-align: justify;\">&#8220;T\u00fcrkiye&#8217;nin d\u00fcnyada geldi\u011fi yerle \u00fcniversitelerin elektronik yay\u0131nlara eri\u015fiminde T\u00fcrkiye y\u00fcksek\u00f6\u011fretim sisteminin bulundu\u011fu yerin kar\u015f\u0131la\u015ft\u0131r\u0131lmas\u0131 halinde rakamlar\u0131n m\u00fctevaz\u0131&#8221; oldu\u011funu s\u00f6yleyen \u00c7etinsaya, &#8220;Bunlar\u0131 T\u00fcrkiye \u00fcniversiteleri ve k\u00fct\u00fcphaneleri haketmiyor&#8221; dedi.<\/p>\n<p style=\"text-align: justify;\">\u00c7etinsaya, \u00fcniversite k\u00fct\u00fcphanelerinin, \u00fczerinde herkesin mutabakat sa\u011flad\u0131\u011f\u0131 standartlar do\u011frultusunda organize edilmesi gerekti\u011fini belirterek, bunun i\u00e7in k\u00fct\u00fcphanelere yeterli mali kayna\u011f\u0131n, nitelikli insan g\u00fcc\u00fcn\u00fcn ve bilgi toplumunun gereklerine uygun mekanlar\u0131n sa\u011flanmas\u0131 gerekti\u011fine i\u015faret etti.<\/p>\n<p style=\"text-align: justify;\">-Y\u00d6K&#8217;te \u00fcniversite k\u00fct\u00fcphaneleri masada<\/p>\n<p style=\"text-align: justify;\">Prof. Dr. \u00c7etinsaya, \u00fcniversite k\u00fct\u00fcphaneleri \u00fczerine Y\u00d6K b\u00fcnyesinde &#8220;\u00fcniversite k\u00fct\u00fcphaneleri standartlar\u0131&#8221; ile &#8220;akademik ar\u015fiv projesi-a\u00e7\u0131k eri\u015fim projesi&#8221; \u00fczerine \u00e7al\u0131\u015fmalar y\u00fcr\u00fctt\u00fcklerini bildirdi.<\/p>\n<p style=\"text-align: justify;\">Y\u00d6K&#8217;te olu\u015fturulan \u00e7al\u0131\u015fma grubu taraf\u0131ndan haz\u0131rlanan &#8220;2023&#8217;e Do\u011fru T\u00fcrkiye&#8217;de \u00dcniversite K\u00fct\u00fcphaneleri Mevcut Durum, Sorunlar, Standartlar ve \u00c7\u00f6z\u00fcm \u00d6nerileri&#8221; ba\u015fl\u0131kl\u0131 taslak raporda, y\u00fcksek\u00f6\u011fretim kurumlar\u0131n\u0131n g\u00f6r\u00fc\u015f ve \u00f6nerileri do\u011frultusunda m\u00fckemmel hale getirilerek \u00fcniversite k\u00fct\u00fcphaneleri i\u00e7in bir standart geli\u015ftirmeyi ama\u00e7lad\u0131klar\u0131n\u0131 kaydeden \u00c7etinsaya, &#8220;\u00dcniversite y\u00f6neticilerimizden bu standartlar do\u011frultusunda k\u00fct\u00fcphanelerini geli\u015ftirmelerini bekliyoruz. Bizler de mali ve mevzuat boyutlar\u0131nda \u00fczerimize d\u00fc\u015feni yapaca\u011f\u0131z&#8221; dedi.<\/p>\n<p style=\"text-align: justify;\">Denetleme Kurulu \u00fcyelerinden de y\u0131ll\u0131k rutin denetimlerde \u00fcniversite k\u00fct\u00fcphanelerinin bu standartlara uygun olup olmad\u0131\u011f\u0131n\u0131 denetlemelerini ve raporlamalar\u0131n\u0131 istediklerini dile getiren \u00c7etinsaya, \u00e7al\u0131\u015fmalar\u0131 y\u0131ll\u0131k raporlar halinde kamuoyuyla payla\u015fmay\u0131 hedeflediklerini s\u00f6yledi. \u00c7etinsaya, &#8220;Y\u0131ll\u0131k raporlamalar ve s\u0131ralamalar\u0131n, \u00fcniversite k\u00fct\u00fcphaneleri i\u00e7in te\u015fvik edici olaca\u011f\u0131n\u0131 ve \u00fcniversiteleri tatl\u0131 bir rekabete sokaca\u011f\u0131n\u0131 d\u00fc\u015f\u00fcn\u00fcyoruz&#8221; diye konu\u015ftu.<\/p>\n<p style=\"text-align: justify;\">-1987 \u00f6ncesi tezler de sisteme al\u0131nacak<\/p>\n<p style=\"text-align: justify;\">\u00c7etinsaya, ikinci \u00e7al\u0131\u015fmalar\u0131 olan &#8220;akademik ar\u015fiv projesi&#8221;yle T\u00fcrkiye&#8217;de olu\u015fturulan bilimsel \u00e7al\u0131\u015fmalar\u0131n her \u00fcniversitenin kurumsal ar\u015fivlerinde toplanmas\u0131, uluslararas\u0131 standartlara g\u00f6re organize edilmesi ve ara\u015ft\u0131rmac\u0131lar\u0131n kullan\u0131m\u0131na a\u00e7\u0131lmas\u0131n\u0131n planland\u0131\u011f\u0131n\u0131 bildirdi. Projeyle kurulan sistemlerin uluslararas\u0131 sistemlere entegre edilece\u011fini, b\u00f6ylece \u00fcniversitelerin ara\u015ft\u0131rma ve yay\u0131m performanslar\u0131n\u0131n izlenebilece\u011fini aktard\u0131.<\/p>\n<p style=\"text-align: justify;\">Sistemin daha sonra Y\u00d6K&#8217;\u00fcn ortak veri taban\u0131 Y\u00d6KS\u0130S ile entegre edilece\u011fini kaydeden \u00c7etinsaya, \u015f\u00f6yle konu\u015ftu:<\/p>\n<p style=\"text-align: justify;\">&#8220;B\u00f6ylece uluslararas\u0131 standartlara uygun olarak \u00fcniversiteler taraf\u0131ndan b\u00fct\u00fcn bilimsel \u00e7\u0131kt\u0131lar\u0131m\u0131z toplanacak. \u00d6ncelikle her \u00fcniversite kendi a\u00e7\u0131k ar\u015fivini olu\u015fturacak. Y\u00d6K b\u00fcnyesinde kurulacak bir harmanlama veya genel bir arama motoru \u00fczerinden b\u00fct\u00fcn bu \u00e7\u0131kt\u0131lar\u0131n toplu taramas\u0131 yap\u0131labilecek ve d\u00fcnyayla payla\u015f\u0131labilecek.<\/p>\n<p style=\"text-align: justify;\">Tezlerin toplanmaya ba\u015flad\u0131\u011f\u0131 1987&#8217;den sonra yaz\u0131lan 350 binden fazla tez, bu sistem i\u00e7erisinde yay\u0131mlanacak.Tezlerin yan\u0131 s\u0131ra T\u00fcrkiye y\u00fcksek\u00f6\u011fretim tarihi boyunca yap\u0131lm\u0131\u015f t\u00fcm \u00e7al\u0131\u015fmalar ve makaleler ile yurt d\u0131\u015f\u0131ndaki T\u00fcrk akademisyenler taraf\u0131ndan yaz\u0131lan tezler de sisteme dahil edilecek. 1987 \u00f6ncesi yap\u0131lm\u0131\u015f 50 bin tezi de Tez Bankam\u0131za kataca\u011f\u0131z. \u015eu ana kadar T\u00fcrkiye \u00fcniversite tarihi boyunca yap\u0131lm\u0131\u015f 400 bin dolay\u0131nda tez olacak.<\/p>\n<p style=\"text-align: justify;\">Ara\u015ft\u0131rmac\u0131lar\u0131m\u0131z\u0131n birbirinden haberdar olmas\u0131 i\u00e7in devam eden tezleri de sisteme dahil edece\u011fiz. Bunun da \u00f6tesine ge\u00e7iyoruz ve T\u00fcrkiye \u00fcniversitelerinin tarihi boyunca yay\u0131nlad\u0131klar\u0131 b\u00fct\u00fcn kitaplar, yay\u0131nlad\u0131klar\u0131 b\u00fct\u00fcn dergiler ve bu dergilerdeki makaleler, tezler de dahil a\u00e7\u0131k ar\u015fiv sistemine dahil edilecek. \u00dcniversitelerdeki nadir eserler kolleksiyonlar\u0131n\u0131 da ulusal a\u00e7\u0131k ar\u015fiv motoruna dahil edilerek, b\u00fct\u00fcn d\u00fcnyan\u0131n istifadesine a\u00e7mak istiyoruz.&#8221;<\/p>\n<p style=\"text-align: justify;\">\u00c7etinsaya, rekt\u00f6rlerden ve k\u00fct\u00fcphane y\u00f6neticilerinden projeye sahip \u00e7\u0131kmalar\u0131n\u0131 istedi. Teknik ve alt yap\u0131 olarak her\u015feyin haz\u0131r oldu\u011funu bildiren \u00c7etinsaya, bundan sonra projenin eyl\u00fcl\u00fcn sonuna kadar tamamlanmas\u0131n\u0131 beklediklerini, ekimde projeyi T\u00fcrkiye&#8217;ye ve d\u00fcnyaya ilan edeceklerini belirtti.<\/p>\n<p style=\"text-align: justify;\">\u00c7etinsaya, &#8220;Art\u0131k g\u00f6revin \u00fcniversitelerde oldu\u011funu ilan ediyorum. Bu yaz k\u00fct\u00fcphaneciler i\u00e7in hem zor bir yaz olacak ama ayn\u0131 zamanda T\u00fcrkiye&#8217;nin ve k\u00fct\u00fcphanecili\u011fin yar\u0131nlar\u0131 i\u00e7in \u00e7ok g\u00fczel bir yaz olacak&#8221; diye konu\u015ftu.<\/p>\n<p style=\"text-align: justify;\">Harvard \u00dcniversitesi K\u00fct\u00fcphaneleri Ba\u015fkan Yard\u0131mc\u0131s\u0131 Sarah. E. Thomas da Harvard \u00dcniversitesindeki k\u00fct\u00fcphane sistemini anlatt\u0131. Harvard \u00dcniversitesi&#8217;nde 50 milyon yay\u0131n bulundu\u011funu ve \u00f6d\u00fcn\u00e7 alma sisteminin bulundu\u011funu aktaran Thomas, \u00fcniversite b\u00fcnyesinde olu\u015fturulan fon sayesinde yazarlar\u0131n desteklendi\u011fini s\u00f6yledi.<\/p>\n<p style=\"text-align: justify;\">Thomas, sunumunda Cumhurba\u015fkan\u0131 Abdullah G\u00fcl ve e\u015fi Hayrunnisa G\u00fcl&#8217;\u00fcn o\u011fullar\u0131 Mehmet Emre G\u00fcl&#8217;\u00fcn Harvard \u00dcniversitesindeki mezuniyet t\u00f6renine kat\u0131ld\u0131\u011f\u0131 foto\u011frafa da yer vererek, &#8220;harika bir aile foto\u011fraf\u0131yd\u0131&#8221; yorumunu yapt\u0131.<\/p>\n<p style=\"text-align: justify;\">Kaynak: http:\/\/memurlar.net<\/p>\n","protected":false},"excerpt":{"rendered":"<p>Y\u00d6K Ba\u015fkan\u0131 Prof. Dr. G\u00f6khan \u00c7etinsaya, \u00fcniversite k\u00fct\u00fcphaneleri i\u00e7in standart geli\u015ftirmeyi ama\u00e7lad\u0131klar\u0131n\u0131 belirterek, &#8220;\u00dcniversite y\u00f6neticilerimizden bu standartlar do\u011frultusunda k\u00fct\u00fcphanelerini geli\u015ftirmelerini bekliyoruz. Bizler de mali ve mevzuat boyutlar\u0131nda \u00fczerimize d\u00fc\u015feni yapaca\u011f\u0131z&#8221; dedi. \u00c7etinsaya, Y\u00d6K Konferans Salonunda d\u00fczenlenen &#8220;\u00dcniversite K\u00fct\u00fcphanelerini Yeniden D\u00fc\u015f\u00fcnmek&#8221; konferans\u0131n\u0131n a\u00e7\u0131l\u0131\u015f\u0131ndaki konu\u015fmas\u0131nda, bilgiye eri\u015fmek ve bilgiyi kullan\u0131ma sunmada k\u00fct\u00fcphanelerin b\u00fcy\u00fck \u00f6nem kazand\u0131\u011f\u0131na i\u015faret etti.<\/p>\n","protected":false},"author":1,"featured_media":0,"comment_status":"open","ping_status":"open","sticky":false,"template":"","format":"standard","meta":{"footnotes":""},"categories":[1472,1473,1,1501],"tags":[],"class_list":["post-13874","post","type-post","status-publish","format-standard","hentry","category-acik-arsiv","category-acik-erisim","category-genel","category-open-access"],"_links":{"self":[{"href":"https:\/\/www.bbyhaber.com\/bby\/wp-json\/wp\/v2\/posts\/13874"}],"collection":[{"href":"https:\/\/www.bbyhaber.com\/bby\/wp-json\/wp\/v2\/posts"}],"about":[{"href":"https:\/\/www.bbyhaber.com\/bby\/wp-json\/wp\/v2\/types\/post"}],"author":[{"embeddable":true,"href":"https:\/\/www.bbyhaber.com\/bby\/wp-json\/wp\/v2\/users\/1"}],"replies":[{"embeddable":true,"href":"https:\/\/www.bbyhaber.com\/bby\/wp-json\/wp\/v2\/comments?post=13874"}],"version-history":[{"count":0,"href":"https:\/\/www.bbyhaber.com\/bby\/wp-json\/wp\/v2\/posts\/13874\/revisions"}],"wp:attachment":[{"href":"https:\/\/www.bbyhaber.com\/bby\/wp-json\/wp\/v2\/media?parent=13874"}],"wp:term":[{"taxonomy":"category","embeddable":true,"href":"https:\/\/www.bbyhaber.com\/bby\/wp-json\/wp\/v2\/categories?post=13874"},{"taxonomy":"post_tag","embeddable":true,"href":"https:\/\/www.bbyhaber.com\/bby\/wp-json\/wp\/v2\/tags?post=13874"}],"curies":[{"name":"wp","href":"https:\/\/api.w.org\/{rel}","templated":true}]}}