{"id":13852,"date":"2014-06-05T16:14:08","date_gmt":"2014-06-05T13:14:08","guid":{"rendered":"http:\/\/www.bbyhaber.com\/bby\/?p=13852"},"modified":"2014-06-09T23:47:08","modified_gmt":"2014-06-09T20:47:08","slug":"somali-cocuklar-icin-karne-hediye-gunu","status":"publish","type":"post","link":"https:\/\/www.bbyhaber.com\/bby\/2014\/06\/05\/somali-cocuklar-icin-karne-hediye-gunu","title":{"rendered":"Soma&#8217;l\u0131 \u00e7ocuklar i\u00e7in &#8220;Karne Hediye G\u00fcn\u00fc&#8221;"},"content":{"rendered":"<p style=\"text-align: justify;\"><a href=\"http:\/\/www.bbyhaber.com\/bby\/wp-content\/uploads\/2014\/06\/soma-tkd.jpg\"><img loading=\"lazy\" decoding=\"async\" class=\"alignleft size-medium wp-image-13853\" title=\"soma-tkd\" src=\"http:\/\/www.bbyhaber.com\/bby\/wp-content\/uploads\/2014\/06\/soma-tkd.jpg\" alt=\"\" width=\"150\" height=\"200\" \/><\/a>T\u00fcm STK\u2019lar b\u00f6lgede Soma\u2019da yaralar\u0131 sarmak, hayat\u0131 normalle\u015ftirmek i\u00e7in seferber oluyor. Soma\u2019da ac\u0131lar taze. Bizler; yay\u0131n sekt\u00f6r\u00fc emek\u00e7ileri; yay\u0131nc\u0131, yazar, \u00e7izer, kitap\u00e7\u0131, da\u011f\u0131t\u0131mc\u0131, kitabevi \u00e7al\u0131\u015fanlar\u0131 ve kitaplar\u0131 toplum hizmetine sunan <strong>k\u00fct\u00fcphaneciler<\/strong> \u00e7al\u0131\u015fma alan\u0131m\u0131za uygun olarak Soma\u2019da ya\u015fanan s\u00fcre\u00e7te ac\u0131lara ortak olmak i\u00e7in kollar\u0131m\u0131z\u0131 s\u0131v\u0131yoruz. Somal\u0131 \u00e7ocuklar\u0131 mutlu etmek, ya\u015fanan ac\u0131l\u0131 s\u00fcreci bir an olsun \u00e7ocuklara unutturmak i\u00e7in <strong>11 Haziran \u00c7ar\u015famba<\/strong> g\u00fcn\u00fc Soma\u2019da ya\u015fayan ilk\u00f6\u011fretim \u00f6\u011frencilerine karne hediyesi olarak kitap arma\u011fan edece\u011fiz.<!--more--><\/p>\n<p style=\"text-align: justify;\">\u0130stanbul\u2019dan, Ankara\u2019dan, \u0130zmir\u2019den, Manisa\u2019dan yani T\u00fcrkiye\u2019nin bir \u00e7ok yerinden yazar, \u00e7izer, yay\u0131nc\u0131, drama e\u011fitmeni ve <strong>k\u00fct\u00fcphaneci<\/strong>ler ortakla\u015fa organize etti\u011fimiz \u201cKarne Hediye G\u00fcn\u00fc\u201d i\u00e7in 11 Haziran \u00c7ar\u015famba g\u00fcn\u00fc Soma\u2019da ilk\u00f6\u011fretim \u00f6\u011frencileri ile bulu\u015faca\u011f\u0131z.<\/p>\n<p style=\"text-align: justify;\">Yay\u0131nc\u0131lar, yazarlar, <strong>k\u00fct\u00fcphaneciler<\/strong> ve payda\u015f STK\u2019lar taraf\u0131ndan ba\u011f\u0131\u015flanan yeni kitaplar\u0131 yazarlar, \u00e7izerler, drama e\u011fitmenleri, yay\u0131nc\u0131lar ve k\u00fct\u00fcphaneciler e\u015fli\u011finde okul okul da\u011f\u0131taca\u011f\u0131z. \u00d6\u011frencilerle s\u00f6yle\u015filer, at\u00f6lyeler d\u00fczenleyece\u011fiz.<\/p>\n<p style=\"text-align: justify;\"><strong>T\u00fcrk K\u00fct\u00fcphaneciler Derne\u011fi Genel Merkezi<\/strong> taraf\u0131ndan organize edilen etkinlik T\u00fcrkiye Yay\u0131nc\u0131lar Birli\u011fi (TYB), <strong>Okul K\u00fct\u00fcphanecileri Derne\u011fi<\/strong> (OKD) \u00c7ocuk ve Gen\u00e7lik Yay\u0131nlar\u0131 Derne\u011fi (\u00c7GYD), Okuma Ajans\u0131, Kar Toplumsal D\u00f6n\u00fc\u015f\u00fcm Derne\u011fi (KAR), <strong>\u00dcniversite ve Ara\u015ft\u0131rma K\u00fct\u00fcphanecileri Derne\u011fi<\/strong> (\u00dcNAK), Kad\u0131k\u00f6y Belediyesi taraf\u0131ndan desteklenmektedir.<\/p>\n<p style=\"text-align: justify;\">T\u00fcrkiye\u2019nin \u00f6nde gelen yay\u0131nevleri, yazarlar\u0131, drama liderleri kitap ba\u011f\u0131\u015flar\u0131 ve etkinli\u011fe kat\u0131l\u0131mlar\u0131yla destek sunmaktad\u0131r.<\/p>\n<p style=\"text-align: justify;\">Sosyal medyada destek sunmak isteyenle @KarneHediye Twitter hesab\u0131n\u0131 takip edebilir.<\/p>\n<p style=\"text-align: justify;\">#KarneHediyeG\u00fcn\u00fc #Somal\u0131\u00c7ocuklaraKitap #KitaplarSomaya hastaglar\u0131n\u0131 kullanabilir.<\/p>\n<p style=\"text-align: justify;\">\u00c7al\u0131\u015fmaya destek sunmak isteyen ki\u015fi ve kurumlar <span style=\"color: #0000ff;\"><strong>karnehediyesi@gmail.com<\/strong><\/span> adresine mail atabilir. <strong>T\u00fcrk K\u00fct\u00fcphaneciler Derne\u011fi Genel Ba\u015fkan Yard\u0131mc\u0131s\u0131 Ayd\u0131n \u0130leri<\/strong> ile ileti\u015fime ge\u00e7ebilir.<\/p>\n<p style=\"text-align: justify;\">HAYD\u0130 DAYANI\u015eMAYA\u2026<\/p>\n<p style=\"text-align: justify;\"><strong>Ayd\u0131n \u0130leri<\/strong><br \/>\n<strong>aydinileri@gmail.com<\/strong><\/p>\n<p style=\"text-align: justify;\">Not: Etkinlik Soma Kaymakaml\u0131\u011f\u0131 oluru ve Soma \u0130l\u00e7e Milli E\u011fitim M\u00fcd\u00fcrl\u00fc\u011f\u00fc \u0130\u015fbirli\u011fiyle ger\u00e7ekle\u015fmektedir<\/p>\n<div id=\"skype_c2c_menu_container\" class=\"skype_c2c_menu_container notranslate\" style=\"display: none; text-align: justify;\" onmouseover=\"SkypeClick2Call.MenuInjectionHandler.showMenu(this, event)\" onmouseout=\"SkypeClick2Call.MenuInjectionHandler.hideMenu(this, event)\" data-uiid=\"0\" data-murl=\"https:\/\/pipe.skype.com\/Client\/2.0\/\" data-fp=\"{07B67DE4-710C-43B2-BF1F-6F8E1254637C}\">\n<div class=\"skype_c2c_menu_click2call\"><a id=\"skype_c2c_menu_click2call_action\" class=\"skype_c2c_menu_click2call_action\" target=\"_self\">Call<\/a><\/div>\n<div class=\"skype_c2c_menu_click2sms\"><a id=\"skype_c2c_menu_click2sms_action\" class=\"skype_c2c_menu_click2sms_action\" target=\"_self\">Send SMS<\/a><\/div>\n<div class=\"skype_c2c_menu_add2skype\"><a id=\"skype_c2c_menu_add2skype_text\" class=\"skype_c2c_menu_add2skype_text\" target=\"_self\">Add to Skype<\/a><\/div>\n<div class=\"skype_c2c_menu_toll_info\"><span class=\"skype_c2c_menu_toll_callcredit\">You&#8217;ll need Skype Credit<\/span><span class=\"skype_c2c_menu_toll_free\">Free via Skype<\/span><\/div>\n<\/div>\n","protected":false},"excerpt":{"rendered":"<p>T\u00fcm STK\u2019lar b\u00f6lgede Soma\u2019da yaralar\u0131 sarmak, hayat\u0131 normalle\u015ftirmek i\u00e7in seferber oluyor. Soma\u2019da ac\u0131lar taze. Bizler; yay\u0131n sekt\u00f6r\u00fc emek\u00e7ileri; yay\u0131nc\u0131, yazar, \u00e7izer, kitap\u00e7\u0131, da\u011f\u0131t\u0131mc\u0131, kitabevi \u00e7al\u0131\u015fanlar\u0131 ve kitaplar\u0131 toplum hizmetine sunan k\u00fct\u00fcphaneciler \u00e7al\u0131\u015fma alan\u0131m\u0131za uygun olarak Soma\u2019da ya\u015fanan s\u00fcre\u00e7te ac\u0131lara ortak olmak i\u00e7in kollar\u0131m\u0131z\u0131 s\u0131v\u0131yoruz. Somal\u0131 \u00e7ocuklar\u0131 mutlu etmek, ya\u015fanan ac\u0131l\u0131 s\u00fcreci bir an olsun \u00e7ocuklara [&hellip;]<\/p>\n","protected":false},"author":1,"featured_media":0,"comment_status":"open","ping_status":"open","sticky":false,"template":"","format":"standard","meta":{"footnotes":""},"categories":[1],"tags":[532],"class_list":["post-13852","post","type-post","status-publish","format-standard","hentry","category-genel","tag-soma"],"_links":{"self":[{"href":"https:\/\/www.bbyhaber.com\/bby\/wp-json\/wp\/v2\/posts\/13852"}],"collection":[{"href":"https:\/\/www.bbyhaber.com\/bby\/wp-json\/wp\/v2\/posts"}],"about":[{"href":"https:\/\/www.bbyhaber.com\/bby\/wp-json\/wp\/v2\/types\/post"}],"author":[{"embeddable":true,"href":"https:\/\/www.bbyhaber.com\/bby\/wp-json\/wp\/v2\/users\/1"}],"replies":[{"embeddable":true,"href":"https:\/\/www.bbyhaber.com\/bby\/wp-json\/wp\/v2\/comments?post=13852"}],"version-history":[{"count":0,"href":"https:\/\/www.bbyhaber.com\/bby\/wp-json\/wp\/v2\/posts\/13852\/revisions"}],"wp:attachment":[{"href":"https:\/\/www.bbyhaber.com\/bby\/wp-json\/wp\/v2\/media?parent=13852"}],"wp:term":[{"taxonomy":"category","embeddable":true,"href":"https:\/\/www.bbyhaber.com\/bby\/wp-json\/wp\/v2\/categories?post=13852"},{"taxonomy":"post_tag","embeddable":true,"href":"https:\/\/www.bbyhaber.com\/bby\/wp-json\/wp\/v2\/tags?post=13852"}],"curies":[{"name":"wp","href":"https:\/\/api.w.org\/{rel}","templated":true}]}}