{"id":13820,"date":"2014-05-25T00:41:25","date_gmt":"2014-05-24T21:41:25","guid":{"rendered":"http:\/\/www.bbyhaber.com\/bby\/?p=13820"},"modified":"2018-08-13T16:14:29","modified_gmt":"2018-08-13T13:14:29","slug":"marmara%e2%80%99dan-gaziantepe-kutuphane-marmara-universitesi-bilgi-yonetimi-kulubu","status":"publish","type":"post","link":"https:\/\/www.bbyhaber.com\/bby\/2014\/05\/25\/marmara%e2%80%99dan-gaziantepe-kutuphane-marmara-universitesi-bilgi-yonetimi-kulubu","title":{"rendered":"Marmara\u2019dan Gaziantep&#8217;e K\u00fct\u00fcphane-Marmara \u00dcniversitesi Bilgi Y\u00f6netimi Kul\u00fcb\u00fc"},"content":{"rendered":"<p style=\"text-align: justify;\">\u015eubat ay\u0131 i\u00e7erisinde <span style=\"color: #0000ff;\"><a href=\"http:\/\/www.bbyhaber.com\/bby\/2014\/02\/21\/marmaradan-agriya-kutuphane-kurdular-marmara-universitesi-bilgi-yonetimi-kulubu\/\"><span style=\"color: #0000ff;\">A\u011fr\u0131\/Do\u011fubayaz\u0131t&#8217;ta<\/span><\/a><\/span> okul k\u00fct\u00fcphanesi kuran Marmara \u00dcniversitesi Bilgi Y\u00f6netimi Kul\u00fcb\u00fc \u00fcyesi \u00f6\u011frencileri ve akademisyenleri, bir proje de Gaziantep i\u00e7in yapt\u0131. \u2018Marmara&#8217;dan Gazi \u015eehrimize K\u00fct\u00fcphane&#8217; projesinde, ilk olarak Marmara \u00dcniversitesi kampuslar\u0131nda kitap toplama kutular\u0131 ile akademik\/idari personel ve \u00f6\u011frencilerden ba\u011f\u0131\u015f olarak gelen yakla\u015f\u0131k 8 bin kitap yakla\u015f\u0131k 15 g\u00f6n\u00fcll\u00fc \u00f6\u011frenci taraf\u0131ndan d\u00fczenlendi ve katalog giri\u015fleri yap\u0131ld\u0131.<!--more--> Bu proje, Gaziantep B\u00fcy\u00fck\u015fehir Belediyesi, Gaziantep \u015eehitkamil Kaymakaml\u0131\u011f\u0131 ve THY taraf\u0131ndan destek al\u0131narak Marmara \u00dcniversitesi Bilgi Y\u00f6netimi Kul\u00fcb\u00fc taraf\u0131ndan tamamland\u0131.<\/p>\n<p style=\"text-align: justify;\">Gaziantpe&#8217;e Marmara \u00dcniversitesi&#8217;nden gelen Ar\u015f. G\u00f6r. \u00d6zg\u00fcr Polat ve beraberindeki 6 \u00f6\u011frenci, Gaziantep&#8217;teki 3 g\u00fcnl\u00fck \u00e7al\u0131\u015fma neticesinde \u015e\u00fckr\u00fcye G\u00f6\u011f\u00fc\u015f \u0130lkokulu k\u00fct\u00fcphanesine kavu\u015furken, a\u00e7\u0131l\u0131\u015f\u0131 Per\u015fembe g\u00fcn\u00fc (22 May\u0131s) yap\u0131lan Kaplan Karde\u015fler Ortaokula da yakla\u015f\u0131k 4 bin kitap teslim edildi. Kaplan Karde\u015fler Orta Okulu&#8217;nun a\u00e7\u0131l\u0131\u015f\u0131nda Ar\u015f. G\u00f6r. \u00d6zg\u00fcr Polat ve beraberindeki 6 \u00f6\u011frenciye \u0130l Milli E\u011fitim M\u00fcd\u00fcr\u00fc Celalettin Ekici taraf\u0131ndan plaket verildi.<\/p>\n<p style=\"text-align: justify;\">\u015e\u00fckriye G\u00f6\u011f\u00fc\u015f \u0130lk\u00f6\u011fretim Okulu M\u00fcd\u00fcr\u00fc Abdullah \u00c7ift\u00e7i, M\u00fcd\u00fcr Yard\u0131mc\u0131lar\u0131 Ahmet Ergin, Seydi Avc\u0131 ve S\u0131n\u0131f \u00d6\u011fretmeni Halil Polat, k\u00fct\u00fcphane a\u00e7\u0131l\u0131\u015f\u0131n\u0131n ard\u0131ndan okuma saati ile \u00f6\u011frencilerle bir araya geldi. K\u00fct\u00fcphanenin a\u00e7\u0131l\u0131\u015f\u0131 i\u00e7in salonu dolduran 1\/A s\u0131n\u0131f\u0131 \u00f6\u011frencilerine hediye kitaplar verildi ve s\u0131n\u0131f \u00f6\u011fretmeni Halil Polat taraf\u0131ndan k\u00fct\u00fcphanenin \u00f6nemi hakk\u0131nda \u00f6\u011frenci ve ziyaret\u00e7ilere bilgiler verildi.<\/p>\n<p style=\"text-align: justify;\"><a href=\"http:\/\/image.haber7.com\/haber\/haber7\/archive\/marmaradan-gazi-sehrimize-kutuphane-projesi-1-1400916727.jpg\"><img loading=\"lazy\" decoding=\"async\" class=\"alignnone\" src=\"http:\/\/image.haber7.com\/haber\/haber7\/archive\/marmaradan-gazi-sehrimize-kutuphane-projesi-1-1400916727.jpg\" alt=\"\" width=\"200\" height=\"150\" \/><\/a> <a href=\"http:\/\/image.haber7.com\/haber\/haber7\/archive\/marmaradan-gazi-sehrimize-kutuphane-projesi-2-1400916727.jpg\"><img loading=\"lazy\" decoding=\"async\" class=\"alignnone\" src=\"http:\/\/image.haber7.com\/haber\/haber7\/archive\/marmaradan-gazi-sehrimize-kutuphane-projesi-2-1400916727.jpg\" alt=\"\" width=\"200\" height=\"150\" \/><\/a><\/p>\n<p style=\"text-align: justify;\"><a href=\"http:\/\/image.haber7.com\/haber\/haber7\/archive\/marmaradan-gazi-sehrimize-kutuphane-projesi-4-1400916728.jpg\"><img loading=\"lazy\" decoding=\"async\" class=\"alignnone\" src=\"http:\/\/image.haber7.com\/haber\/haber7\/archive\/marmaradan-gazi-sehrimize-kutuphane-projesi-4-1400916728.jpg\" alt=\"\" width=\"200\" height=\"150\" \/><\/a> <a href=\"http:\/\/image.haber7.com\/haber\/haber7\/archive\/marmaradan-gazi-sehrimize-kutuphane-projesi-5-1400916728.jpg\"><img loading=\"lazy\" decoding=\"async\" class=\"alignnone\" src=\"http:\/\/image.haber7.com\/haber\/haber7\/archive\/marmaradan-gazi-sehrimize-kutuphane-projesi-5-1400916728.jpg\" alt=\"\" width=\"200\" height=\"150\" \/><\/a><\/p>\n<p style=\"text-align: justify;\"><a href=\"http:\/\/image.cdn.haber7.com\/haber\/haber7\/photos\/marmaradan-gazi-sehrimize-kutuphane-projesi-1400916726.jpg\"><img loading=\"lazy\" decoding=\"async\" class=\"alignnone\" src=\"http:\/\/image.cdn.haber7.com\/haber\/haber7\/photos\/marmaradan-gazi-sehrimize-kutuphane-projesi-1400916726.jpg\" alt=\"\" width=\"200\" height=\"150\" \/><\/a><\/p>\n<p style=\"text-align: justify;\">Kaynak: http:\/\/www.haber7.com\/<\/p>\n","protected":false},"excerpt":{"rendered":"<p>\u015eubat ay\u0131 i\u00e7erisinde A\u011fr\u0131\/Do\u011fubayaz\u0131t&#8217;ta okul k\u00fct\u00fcphanesi kuran Marmara \u00dcniversitesi Bilgi Y\u00f6netimi Kul\u00fcb\u00fc \u00fcyesi \u00f6\u011frencileri ve akademisyenleri, bir proje de Gaziantep i\u00e7in yapt\u0131. \u2018Marmara&#8217;dan Gazi \u015eehrimize K\u00fct\u00fcphane&#8217; projesinde, ilk olarak Marmara \u00dcniversitesi kampuslar\u0131nda kitap toplama kutular\u0131 ile akademik\/idari personel ve \u00f6\u011frencilerden ba\u011f\u0131\u015f olarak gelen yakla\u015f\u0131k 8 bin kitap yakla\u015f\u0131k 15 g\u00f6n\u00fcll\u00fc \u00f6\u011frenci taraf\u0131ndan d\u00fczenlendi ve katalog [&hellip;]<\/p>\n","protected":false},"author":1,"featured_media":0,"comment_status":"open","ping_status":"open","sticky":false,"template":"","format":"standard","meta":{"footnotes":""},"categories":[1588],"tags":[1413,1462],"class_list":["post-13820","post","type-post","status-publish","format-standard","hentry","category-marmara-universitesi-bby-bolumu-bilgi-yonetimi-kulubu","tag-bby-bilgi-toplulugu-gruplari","tag-marmara-bby"],"_links":{"self":[{"href":"https:\/\/www.bbyhaber.com\/bby\/wp-json\/wp\/v2\/posts\/13820"}],"collection":[{"href":"https:\/\/www.bbyhaber.com\/bby\/wp-json\/wp\/v2\/posts"}],"about":[{"href":"https:\/\/www.bbyhaber.com\/bby\/wp-json\/wp\/v2\/types\/post"}],"author":[{"embeddable":true,"href":"https:\/\/www.bbyhaber.com\/bby\/wp-json\/wp\/v2\/users\/1"}],"replies":[{"embeddable":true,"href":"https:\/\/www.bbyhaber.com\/bby\/wp-json\/wp\/v2\/comments?post=13820"}],"version-history":[{"count":1,"href":"https:\/\/www.bbyhaber.com\/bby\/wp-json\/wp\/v2\/posts\/13820\/revisions"}],"predecessor-version":[{"id":24922,"href":"https:\/\/www.bbyhaber.com\/bby\/wp-json\/wp\/v2\/posts\/13820\/revisions\/24922"}],"wp:attachment":[{"href":"https:\/\/www.bbyhaber.com\/bby\/wp-json\/wp\/v2\/media?parent=13820"}],"wp:term":[{"taxonomy":"category","embeddable":true,"href":"https:\/\/www.bbyhaber.com\/bby\/wp-json\/wp\/v2\/categories?post=13820"},{"taxonomy":"post_tag","embeddable":true,"href":"https:\/\/www.bbyhaber.com\/bby\/wp-json\/wp\/v2\/tags?post=13820"}],"curies":[{"name":"wp","href":"https:\/\/api.w.org\/{rel}","templated":true}]}}