{"id":13809,"date":"2014-05-24T15:00:20","date_gmt":"2014-05-24T12:00:20","guid":{"rendered":"http:\/\/www.bbyhaber.com\/bby\/?p=13809"},"modified":"2014-05-24T15:12:01","modified_gmt":"2014-05-24T12:12:01","slug":"yok-baskani-cetinsaya-ulusal-acik-arsiv-projesine-degindi","status":"publish","type":"post","link":"https:\/\/www.bbyhaber.com\/bby\/2014\/05\/24\/yok-baskani-cetinsaya-ulusal-acik-arsiv-projesine-degindi","title":{"rendered":"Y\u00d6K Ba\u015fkan\u0131 \u00c7etinsaya &#8220;Ulusal A\u00e7\u0131k Ar\u015fiv Projesine&#8221; de\u011findi"},"content":{"rendered":"<p style=\"text-align: justify;\"><img loading=\"lazy\" decoding=\"async\" class=\"alignleft\" src=\"http:\/\/i.milliyet.com.tr\/LocalArticle572x336\/2014\/05\/23\/fft256_mf3150766.Jpeg\" alt=\"\" width=\"287\" height=\"138\" \/>Y\u00d6K Ba\u015fkan\u0131 G\u00f6khan \u00c7etinsaya, \u0130stanbul \u00dcniversitesi Baltaliman\u0131 Sosyal Tesisleri\u2019nde \u201c2.A\u00e7\u0131k ve Uzaktan E\u011fitim Ulusal Vizyon \u00c7al\u0131\u015ftay\u0131\u201d program\u0131na kat\u0131ld\u0131. \u00c7etinsaya, burada ulusal a\u00e7\u0131k ar\u015fiv projesine de\u011findi: &#8220;Tez merkezimizi b\u00fct\u00fcn d\u00fcnyan\u0131n istifadesine sunaca\u011f\u0131z. Ulusal A\u00e7\u0131k Ar\u015fiv Projesi kapsam\u0131nda tez merkezini hayata ge\u00e7ireceklerini s\u00f6yleyen \u00c7etinsaya s\u00f6zlerini \u015f\u00f6yle tamamlad\u0131:\u201cBu tez merkezimiz de 1987 sonras\u0131 350 bin tezimiz mevcut.<!--more--> Tez merkezimizi geli\u015ftiriyoruz. Ayn\u0131 zamanda bu tez merkezimizin i\u00e7ine yurt d\u0131\u015f\u0131ndaki T\u00fcrk vatanda\u015flar\u0131m\u0131z\u0131n tezlerini de ekledik. Daha da \u00f6tesine ge\u00e7iyoruz. T\u00fcrk \u00fcniversite tarihi boyunca \u00fcretilmi\u015f, yap\u0131lm\u0131\u015f b\u00fct\u00fcn resmi yay\u0131nlar\u0131 da bu merkezimize ekleyece\u011fiz. Yani \u0130stanbul \u00dcniversitesi\u2019ndeki hocalar\u0131n yapm\u0131\u015f oldu\u011fu makaleleri, tezleri ulusal a\u00e7\u0131k eri\u015fim sistemi i\u00e7erisinde b\u00fct\u00fcn d\u00fcnyan\u0131n istifadesine sunaca\u011f\u0131z. Bunun i\u00e7in b\u00fct\u00fcn alt yap\u0131lar tamamland\u0131. Bunu da Dspace yaz\u0131l\u0131m\u0131 ile yap\u0131yoruz. Bu sayede b\u00fct\u00fcn arama motorlar\u0131nda kullan\u0131ma a\u00e7\u0131lacak. Eyl\u00fcl sonu- Ekim ba\u015f\u0131nda a\u00e7\u0131l\u0131\u015f\u0131n\u0131 ger\u00e7ekle\u015ftirece\u011fiz.\u201d<\/p>\n<p>Kaynak: http:\/\/yurthaber.mynet.com\/<\/p>\n","protected":false},"excerpt":{"rendered":"<p>Y\u00d6K Ba\u015fkan\u0131 G\u00f6khan \u00c7etinsaya, \u0130stanbul \u00dcniversitesi Baltaliman\u0131 Sosyal Tesisleri\u2019nde \u201c2.A\u00e7\u0131k ve Uzaktan E\u011fitim Ulusal Vizyon \u00c7al\u0131\u015ftay\u0131\u201d program\u0131na kat\u0131ld\u0131. \u00c7etinsaya, burada ulusal a\u00e7\u0131k ar\u015fiv projesine de\u011findi: &#8220;Tez merkezimizi b\u00fct\u00fcn d\u00fcnyan\u0131n istifadesine sunaca\u011f\u0131z. Ulusal A\u00e7\u0131k Ar\u015fiv Projesi kapsam\u0131nda tez merkezini hayata ge\u00e7ireceklerini s\u00f6yleyen \u00c7etinsaya s\u00f6zlerini \u015f\u00f6yle tamamlad\u0131:\u201cBu tez merkezimiz de 1987 sonras\u0131 350 bin tezimiz mevcut.<\/p>\n","protected":false},"author":1,"featured_media":0,"comment_status":"open","ping_status":"open","sticky":false,"template":"","format":"standard","meta":{"footnotes":""},"categories":[1472,1473,1,1501],"tags":[],"class_list":["post-13809","post","type-post","status-publish","format-standard","hentry","category-acik-arsiv","category-acik-erisim","category-genel","category-open-access"],"_links":{"self":[{"href":"https:\/\/www.bbyhaber.com\/bby\/wp-json\/wp\/v2\/posts\/13809"}],"collection":[{"href":"https:\/\/www.bbyhaber.com\/bby\/wp-json\/wp\/v2\/posts"}],"about":[{"href":"https:\/\/www.bbyhaber.com\/bby\/wp-json\/wp\/v2\/types\/post"}],"author":[{"embeddable":true,"href":"https:\/\/www.bbyhaber.com\/bby\/wp-json\/wp\/v2\/users\/1"}],"replies":[{"embeddable":true,"href":"https:\/\/www.bbyhaber.com\/bby\/wp-json\/wp\/v2\/comments?post=13809"}],"version-history":[{"count":0,"href":"https:\/\/www.bbyhaber.com\/bby\/wp-json\/wp\/v2\/posts\/13809\/revisions"}],"wp:attachment":[{"href":"https:\/\/www.bbyhaber.com\/bby\/wp-json\/wp\/v2\/media?parent=13809"}],"wp:term":[{"taxonomy":"category","embeddable":true,"href":"https:\/\/www.bbyhaber.com\/bby\/wp-json\/wp\/v2\/categories?post=13809"},{"taxonomy":"post_tag","embeddable":true,"href":"https:\/\/www.bbyhaber.com\/bby\/wp-json\/wp\/v2\/tags?post=13809"}],"curies":[{"name":"wp","href":"https:\/\/api.w.org\/{rel}","templated":true}]}}