{"id":13800,"date":"2014-05-23T20:17:31","date_gmt":"2014-05-23T17:17:31","guid":{"rendered":"http:\/\/www.bbyhaber.com\/bby\/?p=13800"},"modified":"2014-06-03T20:35:06","modified_gmt":"2014-06-03T17:35:06","slug":"kutuphanecilikte-stk-isbirligi-guclu-dernekler-guclu-toplumlar-3-haziran-2014-istanbul","status":"publish","type":"post","link":"https:\/\/www.bbyhaber.com\/bby\/2014\/05\/23\/kutuphanecilikte-stk-isbirligi-guclu-dernekler-guclu-toplumlar-3-haziran-2014-istanbul","title":{"rendered":"K\u00fct\u00fcphanecilikte STK \u0130\u015fbirli\u011fi: &#8220;G\u00fc\u00e7l\u00fc dernekler, g\u00fc\u00e7l\u00fc toplumlar&#8221;-3 Haziran 2014, \u0130stanbul"},"content":{"rendered":"<p style=\"text-align: justify;\">2007 y\u0131l\u0131ndan beri yap\u0131lmakta olan IFLA Ba\u015fkanl\u0131k Toplant\u0131lar\u0131n\u0131n sekizincisi 2015\u2019de \u0130stanbul\u2019da T\u00fcrk K\u00fct\u00fcphaneciler Derne\u011fi ve ANKOS\u2019un ev sahipli\u011finde ger\u00e7ekle\u015ftirilecektir. Toplant\u0131 haz\u0131rl\u0131klar\u0131yla ilgili g\u00f6r\u00fc\u015fmeler i\u00e7in IFLA Ba\u015fkan\u0131 Sinikka Sipil\u00e4 ve Helsinki \u015eehir K\u00fct\u00fcphanesi\u2019nden Kristina Virtanen <span style=\"color: #0000ff;\"><strong>3-6 Haziran 2014<\/strong><\/span> tarihlerinde \u0130stanbul\u2019u ziyaret edeceklerdir. Bu ziyaret s\u0131ras\u0131nda IFLA Ba\u015fkan\u0131\u2019n\u0131n <span style=\"color: #0000ff;\"><a href=\"http:\/\/www.ifla.org\/files\/assets\/hq\/presidents-program\/acceptance-speech-sinikka-sipila-2013.pdf\" target=\"_blank\"><span style=\"color: #0000ff;\">ana temas\u0131<\/span><\/a><\/span> ve <a href=\"http:\/\/trends.ifla.org\/\" target=\"_blank\"><span style=\"color: #0000ff;\">IFLA <span style=\"color: #0000ff;\">Trend Report<\/span><\/span><\/a> ile ilgili olarak bir toplant\u0131 ger\u00e7ekle\u015ftirilecektir. <strong>Kadir Has \u00dcniversitesi\u2019nde ger\u00e7ekle\u015ftirilecek<\/strong> olan bu toplant\u0131 ilgili herkese a\u00e7\u0131kt\u0131r.<!--more--><\/p>\n<p style=\"text-align: justify;\"><span style=\"color: #ff0000;\"><strong>Program<\/strong><\/span><\/p>\n<p style=\"text-align: justify;\">K\u00fct\u00fcphanecilikte STK \u0130\u015fbirli\u011fi: \u201cG\u00fc\u00e7l\u00fc Dernekler, G\u00fc\u00e7l\u00fc Toplumlar\u201d<br \/>\n<strong><br \/>\n3 Haziran, Sal\u0131:<\/strong><\/p>\n<p style=\"text-align: justify;\">14.00 &#8211; 15.30 Oturum 1:<br \/>\nModerat\u00f6r: Yrd. Do\u00e7. Dr. Esin Sultan O\u011fuz (Y\u0131ld\u0131r\u0131m Beyaz\u0131t \u00dcniversitesi)<br \/>\nKonu\u015fmac\u0131lar:<br \/>\nErtu\u011frul \u00c7imen (Ba\u015fkan, ANKOS)<br \/>\nAli Fuat Kartal (Ba\u015fkan, TKD)<\/p>\n<p style=\"text-align: justify;\">Kristina Virtanen (Helsinki \u015eehir K\u00fct\u00fcphanesi)<\/p>\n<p style=\"text-align: justify;\">15.30 &#8211; 16.00 \u00c7ay\/Kahve<br \/>\n16.00 &#8211; 16.30 Oturum 2:<br \/>\nModerat\u00f6r: Tuba Akbayt\u00fcrk \u00c7anak (Direkt\u00f6r, Ko\u00e7 \u00dcniversitesi K\u00fct\u00fcphanesi)<\/p>\n<p style=\"text-align: justify;\">Konu\u015fmac\u0131: Sinikka Sipil\u00e4 (Ba\u015fkan, IFLA)<\/p>\n<p style=\"text-align: justify;\">16.30 &#8211; 17.30 Tart\u0131\u015fma Oturumu<\/p>\n<p style=\"text-align: justify;\"><strong>Yer:<\/strong><\/p>\n<p>Cibali Salonu<br \/>\nKadir Has \u00dcniversitesi Cibali Merkez Kamp\u00fcs\u00fc, Fatih &#8211; \u0130stanbul<\/p>\n<p style=\"text-align: justify;\"><strong>\u0130leti\u015fim ve Kay\u0131t:<\/strong><\/p>\n<p>rcelik@khas.edu.tr rumeysa.colden@khas.edu.tr<\/p>\n","protected":false},"excerpt":{"rendered":"<p>2007 y\u0131l\u0131ndan beri yap\u0131lmakta olan IFLA Ba\u015fkanl\u0131k Toplant\u0131lar\u0131n\u0131n sekizincisi 2015\u2019de \u0130stanbul\u2019da T\u00fcrk K\u00fct\u00fcphaneciler Derne\u011fi ve ANKOS\u2019un ev sahipli\u011finde ger\u00e7ekle\u015ftirilecektir. Toplant\u0131 haz\u0131rl\u0131klar\u0131yla ilgili g\u00f6r\u00fc\u015fmeler i\u00e7in IFLA Ba\u015fkan\u0131 Sinikka Sipil\u00e4 ve Helsinki \u015eehir K\u00fct\u00fcphanesi\u2019nden Kristina Virtanen 3-6 Haziran 2014 tarihlerinde \u0130stanbul\u2019u ziyaret edeceklerdir. Bu ziyaret s\u0131ras\u0131nda IFLA Ba\u015fkan\u0131\u2019n\u0131n ana temas\u0131 ve IFLA Trend Report ile ilgili olarak [&hellip;]<\/p>\n","protected":false},"author":1,"featured_media":0,"comment_status":"open","ping_status":"open","sticky":false,"template":"","format":"standard","meta":{"footnotes":""},"categories":[1578],"tags":[1395],"class_list":["post-13800","post","type-post","status-publish","format-standard","hentry","category-ifla","tag-bby-mesleki-etkinlikler-arsivi"],"_links":{"self":[{"href":"https:\/\/www.bbyhaber.com\/bby\/wp-json\/wp\/v2\/posts\/13800"}],"collection":[{"href":"https:\/\/www.bbyhaber.com\/bby\/wp-json\/wp\/v2\/posts"}],"about":[{"href":"https:\/\/www.bbyhaber.com\/bby\/wp-json\/wp\/v2\/types\/post"}],"author":[{"embeddable":true,"href":"https:\/\/www.bbyhaber.com\/bby\/wp-json\/wp\/v2\/users\/1"}],"replies":[{"embeddable":true,"href":"https:\/\/www.bbyhaber.com\/bby\/wp-json\/wp\/v2\/comments?post=13800"}],"version-history":[{"count":0,"href":"https:\/\/www.bbyhaber.com\/bby\/wp-json\/wp\/v2\/posts\/13800\/revisions"}],"wp:attachment":[{"href":"https:\/\/www.bbyhaber.com\/bby\/wp-json\/wp\/v2\/media?parent=13800"}],"wp:term":[{"taxonomy":"category","embeddable":true,"href":"https:\/\/www.bbyhaber.com\/bby\/wp-json\/wp\/v2\/categories?post=13800"},{"taxonomy":"post_tag","embeddable":true,"href":"https:\/\/www.bbyhaber.com\/bby\/wp-json\/wp\/v2\/tags?post=13800"}],"curies":[{"name":"wp","href":"https:\/\/api.w.org\/{rel}","templated":true}]}}