{"id":1380,"date":"2010-01-06T19:59:54","date_gmt":"2010-01-06T19:59:54","guid":{"rendered":"http:\/\/www.bbyhaber.com\/bby\/?p=1380"},"modified":"2012-09-07T13:11:06","modified_gmt":"2012-09-07T10:11:06","slug":"kutuphanelerin-kitaplarini-halk-sececek","status":"publish","type":"post","link":"https:\/\/www.bbyhaber.com\/bby\/2010\/01\/06\/kutuphanelerin-kitaplarini-halk-sececek","title":{"rendered":"K\u00fct\u00fcphanelerin Kitaplar\u0131n\u0131 Halk Se\u00e7ecek"},"content":{"rendered":"<p style=\"text-align: justify;\">K\u00fclt\u00fcr ve Turizm Bakanl\u0131\u011f\u0131&#8217;n\u0131n uygulamas\u0131 kapsam\u0131nda halk k\u00fct\u00fcphanelerinde vatanda\u015flar\u0131n iste\u011fine g\u00f6re kitaplar temin edilerek raflarda yerini alacak.K\u00fct\u00fcphaneler ve Yay\u0131nlar Genel M\u00fcd\u00fcrl\u00fc\u011f\u00fc, ev ham\u0131n\u0131n, \u00f6\u011fretmen, polisin, i\u015f\u00e7inin, \u00f6\u011frencinin, \u00e7ocu\u011fun, ya\u015fl\u0131n\u0131n, gencin okur taleplerini dikkate alarak k\u00fct\u00fcphanede kitap say\u0131s\u0131n\u0131 art\u0131rmak i\u00e7in \u00e7al\u0131\u015fma ba\u015flatt\u0131. Yay\u0131n Se\u00e7me Y\u00f6netmeli\u011fi do\u011frultusunda halk\u0131n isteklerine \u00f6ncelik tan\u0131nmas\u0131 i\u00e7in 30 Mart&#8217;a kadar kitap listesi olu\u015fturulmaya \u00e7al\u0131\u015f\u0131lacak.<!--more--><\/p>\n<p>Samsun Gazi Halk K\u00fct\u00fcphanesi M\u00fcd\u00fcr\u00fc T\u00fcrkan Koca, genel m\u00fcd\u00fcrl\u00fc\u011f\u00fcn halk\u0131n iste\u011fi do\u011frultusunda kitap listesi olu\u015fumu i\u00e7in \u00e7al\u0131\u015fma ba\u015flatt\u0131\u011f\u0131n\u0131 s\u00f6yledi. Y\u00f6netmelik kapsam\u0131nda okuyuculardan gelen talep, k\u00fct\u00fcphane koleksiyonu eksikli\u011fi, ihtiya\u00e7lar ve konular aras\u0131ndaki dengelerin g\u00f6zetilmesi, b\u00f6lgenin k\u00fclt\u00fcrel \u00f6zellikleri gibi kriterlere g\u00f6re liste olu\u015fturulaca\u011f\u0131n\u0131 ifade eden Koca, vatanda\u015flardan taleplerini beklediklerini, k\u00fct\u00fcphaneye gelerek okumak istedikleri kitap ismini bildirmelerini talep etti. K\u00fct\u00fcphanenin kitap zenginli\u011finin art\u0131r\u0131lmas\u0131 i\u00e7in gerekli \u00e7al\u0131\u015fmalar\u0131n yap\u0131ld\u0131\u011f\u0131n\u0131 vurgulayan T\u00fcrkan Koca, ikametgah \u00f6rne\u011fi, n\u00fcfus c\u00fczdan\u0131 ve foto\u011fraf ile k\u00fct\u00fcphaneye kay\u0131t yapt\u0131r\u0131larak k\u00fct\u00fcphanenin t\u00fcm imkanlar\u0131ndan yararlan\u0131labilece\u011fini belirtti.<\/p>\n<p>Kaynak: http:\/\/www.kenthaber.com\/<\/p>\n","protected":false},"excerpt":{"rendered":"<p>K\u00fclt\u00fcr ve Turizm Bakanl\u0131\u011f\u0131&#8217;n\u0131n uygulamas\u0131 kapsam\u0131nda halk k\u00fct\u00fcphanelerinde vatanda\u015flar\u0131n iste\u011fine g\u00f6re kitaplar temin edilerek raflarda yerini alacak.K\u00fct\u00fcphaneler ve Yay\u0131nlar Genel M\u00fcd\u00fcrl\u00fc\u011f\u00fc, ev ham\u0131n\u0131n, \u00f6\u011fretmen, polisin, i\u015f\u00e7inin, \u00f6\u011frencinin, \u00e7ocu\u011fun, ya\u015fl\u0131n\u0131n, gencin okur taleplerini dikkate alarak k\u00fct\u00fcphanede kitap say\u0131s\u0131n\u0131 art\u0131rmak i\u00e7in \u00e7al\u0131\u015fma ba\u015flatt\u0131. Yay\u0131n Se\u00e7me Y\u00f6netmeli\u011fi do\u011frultusunda halk\u0131n isteklerine \u00f6ncelik tan\u0131nmas\u0131 i\u00e7in 30 Mart&#8217;a kadar kitap listesi [&hellip;]<\/p>\n","protected":false},"author":1,"featured_media":0,"comment_status":"open","ping_status":"open","sticky":false,"template":"","format":"standard","meta":{"footnotes":""},"categories":[],"tags":[848],"class_list":["post-1380","post","type-post","status-publish","format-standard","hentry","tag-halk-kutuphaneleri"],"_links":{"self":[{"href":"https:\/\/www.bbyhaber.com\/bby\/wp-json\/wp\/v2\/posts\/1380"}],"collection":[{"href":"https:\/\/www.bbyhaber.com\/bby\/wp-json\/wp\/v2\/posts"}],"about":[{"href":"https:\/\/www.bbyhaber.com\/bby\/wp-json\/wp\/v2\/types\/post"}],"author":[{"embeddable":true,"href":"https:\/\/www.bbyhaber.com\/bby\/wp-json\/wp\/v2\/users\/1"}],"replies":[{"embeddable":true,"href":"https:\/\/www.bbyhaber.com\/bby\/wp-json\/wp\/v2\/comments?post=1380"}],"version-history":[{"count":0,"href":"https:\/\/www.bbyhaber.com\/bby\/wp-json\/wp\/v2\/posts\/1380\/revisions"}],"wp:attachment":[{"href":"https:\/\/www.bbyhaber.com\/bby\/wp-json\/wp\/v2\/media?parent=1380"}],"wp:term":[{"taxonomy":"category","embeddable":true,"href":"https:\/\/www.bbyhaber.com\/bby\/wp-json\/wp\/v2\/categories?post=1380"},{"taxonomy":"post_tag","embeddable":true,"href":"https:\/\/www.bbyhaber.com\/bby\/wp-json\/wp\/v2\/tags?post=1380"}],"curies":[{"name":"wp","href":"https:\/\/api.w.org\/{rel}","templated":true}]}}