{"id":13796,"date":"2014-05-23T19:58:33","date_gmt":"2014-05-23T16:58:33","guid":{"rendered":"http:\/\/www.bbyhaber.com\/bby\/?p=13796"},"modified":"2014-05-26T18:27:17","modified_gmt":"2014-05-26T15:27:17","slug":"uluslararasi-kutuphanecilik-etkinligi-26-mayis-2014-istanbul","status":"publish","type":"post","link":"https:\/\/www.bbyhaber.com\/bby\/2014\/05\/23\/uluslararasi-kutuphanecilik-etkinligi-26-mayis-2014-istanbul","title":{"rendered":"Uluslararas\u0131 K\u00fct\u00fcphanecilik Etkinli\u011fi- 26 May\u0131s 2014, \u0130stanbul"},"content":{"rendered":"<p style=\"text-align: justify;\"><span style=\"color: #0000ff;\"><strong>26 May\u0131s 2014<\/strong><\/span> tarihinde, <strong>11:00-13:00<\/strong> saatleri aras\u0131nda, <strong>\u0130stanbul \u00dcniversitesi, Edebiyat Fak\u00fcltesi Kurul Odas\u0131<\/strong>\u2019nda, Do\u00e7.Dr. \u0130shak Keskin\u2019in d\u00fczenledi\u011fi ve moderat\u00f6rl\u00fc\u011f\u00fcn\u00fc \u00fcstlendi\u011fi <strong><span style=\"color: #ff0000;\">Uluslararas\u0131 K\u00fct\u00fcphanecilik Etkinli\u011fi<\/span><\/strong>&#8216;nde, <a href=\"http:\/\/www.bibliopegia.org\/esther_burgos.html\" target=\"_blank\"><strong>Prof.Dr. Esther Burgos-Bordonau<\/strong><\/a> (Faculty of Documentation -Department of Library and Documentation-, Complutense University of Madrid) \u201cLos fondos musicales y sonoros de la Biblioteca Nacional de Espa\u00f1a \/ Musical and sound collections of the National Library of Spain\u201d <!--more-->ve <a href=\"http:\/\/www.bibliopegia.org\/antonio_carpallo.html\" target=\"_blank\"><strong>Prof.Dr. Antonio Carpallo-Bautista<\/strong><\/a> (Faculty of Documentation -Department of Library and Documentation-, Complutense University of Madrid) \u201cLas encuadernaciones mud\u00e9jares: estructuras decorativas \/ The Mud\u00e9jar bookbindings: decorative structures\u201d ba\u015fl\u0131kl\u0131 konu\u015fmalar yapacaklard\u0131r.<\/p>\n<p style=\"text-align: justify;\">Konu\u015fmalar \u0130spanyolca olacak ve t\u00fcm etkinlik ard\u0131l \u00e7eviriyle T\u00fcrk\u00e7eye aktar\u0131lacakt\u0131r.<\/p>\n<p style=\"text-align: justify;\">Etkinlik t\u00fcm \u00f6\u011fretim \u00fcye ve yard\u0131mc\u0131lar\u0131 ile \u00f6\u011frencilere ve meslekta\u015flar\u0131m\u0131za a\u00e7\u0131kt\u0131r.<\/p>\n","protected":false},"excerpt":{"rendered":"<p>26 May\u0131s 2014 tarihinde, 11:00-13:00 saatleri aras\u0131nda, \u0130stanbul \u00dcniversitesi, Edebiyat Fak\u00fcltesi Kurul Odas\u0131\u2019nda, Do\u00e7.Dr. \u0130shak Keskin\u2019in d\u00fczenledi\u011fi ve moderat\u00f6rl\u00fc\u011f\u00fcn\u00fc \u00fcstlendi\u011fi Uluslararas\u0131 K\u00fct\u00fcphanecilik Etkinli\u011fi&#8216;nde, Prof.Dr. Esther Burgos-Bordonau (Faculty of Documentation -Department of Library and Documentation-, Complutense University of Madrid) \u201cLos fondos musicales y sonoros de la Biblioteca Nacional de Espa\u00f1a \/ Musical and sound collections of [&hellip;]<\/p>\n","protected":false},"author":1,"featured_media":0,"comment_status":"open","ping_status":"open","sticky":false,"template":"","format":"standard","meta":{"footnotes":""},"categories":[],"tags":[1395],"class_list":["post-13796","post","type-post","status-publish","format-standard","hentry","tag-bby-mesleki-etkinlikler-arsivi"],"_links":{"self":[{"href":"https:\/\/www.bbyhaber.com\/bby\/wp-json\/wp\/v2\/posts\/13796"}],"collection":[{"href":"https:\/\/www.bbyhaber.com\/bby\/wp-json\/wp\/v2\/posts"}],"about":[{"href":"https:\/\/www.bbyhaber.com\/bby\/wp-json\/wp\/v2\/types\/post"}],"author":[{"embeddable":true,"href":"https:\/\/www.bbyhaber.com\/bby\/wp-json\/wp\/v2\/users\/1"}],"replies":[{"embeddable":true,"href":"https:\/\/www.bbyhaber.com\/bby\/wp-json\/wp\/v2\/comments?post=13796"}],"version-history":[{"count":0,"href":"https:\/\/www.bbyhaber.com\/bby\/wp-json\/wp\/v2\/posts\/13796\/revisions"}],"wp:attachment":[{"href":"https:\/\/www.bbyhaber.com\/bby\/wp-json\/wp\/v2\/media?parent=13796"}],"wp:term":[{"taxonomy":"category","embeddable":true,"href":"https:\/\/www.bbyhaber.com\/bby\/wp-json\/wp\/v2\/categories?post=13796"},{"taxonomy":"post_tag","embeddable":true,"href":"https:\/\/www.bbyhaber.com\/bby\/wp-json\/wp\/v2\/tags?post=13796"}],"curies":[{"name":"wp","href":"https:\/\/api.w.org\/{rel}","templated":true}]}}