{"id":13792,"date":"2014-05-23T15:08:56","date_gmt":"2014-05-23T12:08:56","guid":{"rendered":"http:\/\/www.bbyhaber.com\/bby\/?p=13792"},"modified":"2014-05-23T15:09:34","modified_gmt":"2014-05-23T12:09:34","slug":"soma-sehitleri-adina-kutuphane-yaptilar","status":"publish","type":"post","link":"https:\/\/www.bbyhaber.com\/bby\/2014\/05\/23\/soma-sehitleri-adina-kutuphane-yaptilar","title":{"rendered":"Soma \u015eehitleri Ad\u0131na K\u00fct\u00fcphane Yapt\u0131lar"},"content":{"rendered":"<p style=\"text-align: justify;\"><img loading=\"lazy\" decoding=\"async\" class=\"alignleft\" src=\"http:\/\/www.platinhaber.com\/d\/news\/198223.jpg\" alt=\"\" width=\"250\" height=\"190\" \/>Adana G\u00fcndo\u011fdu Koleji (AGK) \u00f6\u011frencileri karde\u015f okul \u00f6\u011frencileri ile birlikte Soma \u015fehitlerini k\u00fct\u00fcphane de ya\u015fatacaklar.\u00a0Kolejin 5. s\u0131n\u0131f \u00f6\u011frencileri karde\u015f okullar\u0131 Y\u00fcre\u011fir\u2019deki Prof. Dr. Salih \u00d6ven \u00c7olako\u011flu \u0130lk\u00f6\u011fretim okulunun \u00f6\u011frencilerini ziyaret etti. G\u00fcndo\u011fdu&#8217;lu \u00f6\u011frenciler karde\u015f okul \u00f6\u011frencileri arkada\u015flar\u0131 ile birlikte okulun bah\u00e7esine fidan dikti. Yine iki okul \u00f6\u011frencilerinin olu\u015fturdu\u011fu k\u00fct\u00fcphaneye \u2018<strong>G\u00fcndo\u011fdu Soma \u0130\u015f\u00e7ileri K\u00fct\u00fcphanesi<\/strong>\u2019 ismi verildi.<!--more--><\/p>\n<p style=\"text-align: justify;\">G\u00fcndo\u011fdu Koleji, i\u015f\u00e7ilerin ailelerine g\u00f6nderilmek \u00fczere yard\u0131m kampanyas\u0131 ba\u015flatm\u0131\u015ft\u0131.\u00a0\u00d6\u011frencileri, karde\u015f okul \u00f6\u011frencilerini s\u0131k s\u0131k ziyaret ederek aralar\u0131ndaki karde\u015flik ba\u011flar\u0131n\u0131 g\u00fc\u00e7lendireceklerini ve sosyal projeler i\u00e7in fikir al\u0131\u015f-veri\u015finde bulunacaklar\u0131n\u0131 s\u00f6ylediler.<\/p>\n<p style=\"text-align: justify;\">Kaynak:\u00a0http:\/\/www.platinhaber.com\/<\/p>\n","protected":false},"excerpt":{"rendered":"<p>Adana G\u00fcndo\u011fdu Koleji (AGK) \u00f6\u011frencileri karde\u015f okul \u00f6\u011frencileri ile birlikte Soma \u015fehitlerini k\u00fct\u00fcphane de ya\u015fatacaklar.\u00a0Kolejin 5. s\u0131n\u0131f \u00f6\u011frencileri karde\u015f okullar\u0131 Y\u00fcre\u011fir\u2019deki Prof. Dr. Salih \u00d6ven \u00c7olako\u011flu \u0130lk\u00f6\u011fretim okulunun \u00f6\u011frencilerini ziyaret etti. G\u00fcndo\u011fdu&#8217;lu \u00f6\u011frenciler karde\u015f okul \u00f6\u011frencileri arkada\u015flar\u0131 ile birlikte okulun bah\u00e7esine fidan dikti. Yine iki okul \u00f6\u011frencilerinin olu\u015fturdu\u011fu k\u00fct\u00fcphaneye \u2018G\u00fcndo\u011fdu Soma \u0130\u015f\u00e7ileri K\u00fct\u00fcphanesi\u2019 ismi verildi.<\/p>\n","protected":false},"author":1,"featured_media":0,"comment_status":"open","ping_status":"open","sticky":false,"template":"","format":"standard","meta":{"footnotes":""},"categories":[1],"tags":[532],"class_list":["post-13792","post","type-post","status-publish","format-standard","hentry","category-genel","tag-soma"],"_links":{"self":[{"href":"https:\/\/www.bbyhaber.com\/bby\/wp-json\/wp\/v2\/posts\/13792"}],"collection":[{"href":"https:\/\/www.bbyhaber.com\/bby\/wp-json\/wp\/v2\/posts"}],"about":[{"href":"https:\/\/www.bbyhaber.com\/bby\/wp-json\/wp\/v2\/types\/post"}],"author":[{"embeddable":true,"href":"https:\/\/www.bbyhaber.com\/bby\/wp-json\/wp\/v2\/users\/1"}],"replies":[{"embeddable":true,"href":"https:\/\/www.bbyhaber.com\/bby\/wp-json\/wp\/v2\/comments?post=13792"}],"version-history":[{"count":0,"href":"https:\/\/www.bbyhaber.com\/bby\/wp-json\/wp\/v2\/posts\/13792\/revisions"}],"wp:attachment":[{"href":"https:\/\/www.bbyhaber.com\/bby\/wp-json\/wp\/v2\/media?parent=13792"}],"wp:term":[{"taxonomy":"category","embeddable":true,"href":"https:\/\/www.bbyhaber.com\/bby\/wp-json\/wp\/v2\/categories?post=13792"},{"taxonomy":"post_tag","embeddable":true,"href":"https:\/\/www.bbyhaber.com\/bby\/wp-json\/wp\/v2\/tags?post=13792"}],"curies":[{"name":"wp","href":"https:\/\/api.w.org\/{rel}","templated":true}]}}