{"id":1378,"date":"2010-01-07T19:58:10","date_gmt":"2010-01-07T19:58:10","guid":{"rendered":"http:\/\/www.bbyhaber.com\/bby\/?p=1378"},"modified":"2012-12-18T22:54:43","modified_gmt":"2012-12-18T20:54:43","slug":"turkiyenin-ilk-oyuncak-kutuphanesi-acildi","status":"publish","type":"post","link":"https:\/\/www.bbyhaber.com\/bby\/2010\/01\/07\/turkiyenin-ilk-oyuncak-kutuphanesi-acildi","title":{"rendered":"T\u00fcrkiye\u2019nin \u0130lk Oyuncak K\u00fct\u00fcphanesi A\u00e7\u0131ld\u0131"},"content":{"rendered":"<p style=\"text-align: justify;\">T\u00fcrkiye\u2019nin ilk oyuncak k\u00fct\u00fcphanesi, ilkler kenti olarak bilinen ve \u00fc\u00e7 bin y\u0131ll\u0131k tarihi ge\u00e7mi\u015fiyle bir d\u00fcnya markas\u0131 olan Bergama\u2019da a\u00e7\u0131ld\u0131. A\u00e7\u0131l\u0131\u015f t\u00f6reninde ev sahibi olarak ilk konu\u015fmay\u0131 yapan Bergama Belediye Ba\u015fkan\u0131 Mehmet G\u00f6nen\u00e7, \u201cBurada bu oyuncaklarla oynayacak \u00e7ocuklar\u0131m\u0131z\u0131n mutlaka yarat\u0131c\u0131l\u0131k y\u00f6nleri geli\u015fecek. Ayd\u0131nl\u0131k giri\u015fimcili\u011fe sahip olacaklar ve \u00fclkemizin ayd\u0131nl\u0131k geli\u015fimine katk\u0131lar\u0131 olacak\u201d dedi.<!--more--><\/p>\n<p style=\"text-align: justify;\">Bergama Belediyesi\u2019nin katk\u0131lar\u0131 ile yine Bergama Belediyesi\u2019ne devredilen Tekstil Fabrikas\u0131 bah\u00e7esindeki eski kre\u015f binas\u0131 yeniden d\u00fczenlenerek oyuncak k\u00fct\u00fcphanesine d\u00f6n\u00fc\u015ft\u00fcr\u00fcld\u00fc. \u00d6nceki g\u00fcn d\u00fczenlenen co\u015fkulu t\u00f6renle Oyuncak K\u00fct\u00fcphanesi, 3 \u2013 8 ya\u015f \u00e7ocuklar i\u00e7in kap\u0131lar\u0131n\u0131 a\u00e7t\u0131. Bergama Belediyesi \u0130l Milli E\u011fitim M\u00fcd\u00fcrl\u00fc\u011f\u00fc, \u0130zmir Kalk\u0131nma Ajans\u0131, Ba\u015fbakanl\u0131k Devlet Planlama Te\u015fkilat\u0131, Ege \u00dcniversitesi E\u011fitim Fak\u00fcltesi, Ege \u00c7a\u011fda\u015f E\u011fitim Vakf\u0131 ve \u00c7a\u011fda\u015f Ya\u015fam\u0131 Destekleme Derne\u011fi\u2019nin haz\u0131rlad\u0131\u011f\u0131 ortak proje ile olu\u015fturulan Oyuncak K\u00fct\u00fcphanesi, ayn\u0131 zamanda T\u00fcrkiye\u2019de ilk olma \u00f6zelli\u011fini de kazanm\u0131\u015f oldu.<\/p>\n<p style=\"text-align: justify;\">A\u00c7ILI\u015e T\u00d6REN\u0130 CO\u015eKULU GE\u00c7T\u0130<\/p>\n<p style=\"text-align: justify;\">Oyuncak K\u00fct\u00fcphanesi\u2019nin a\u00e7\u0131l\u0131\u015f t\u00f6renine, \u0130zmir\u2019den ve Bergama\u2019dan yo\u011fun bir kat\u0131l\u0131m oldu. T\u00f6rene, \u0130zmir Vali Vekili Sait Topo\u011flu, Ege \u00dcniversitesi Rekt\u00f6r\u00fc Prof. Dr. Cande\u011fer Y\u0131lmaz, Bergama Kaymakam\u0131 Ahmet Ertan Y\u00fccel, Belediye Ba\u015fkan\u0131 Mehmet G\u00f6nen\u00e7, Belediye Ba\u015fkan Yard\u0131mc\u0131s\u0131 H\u00fcseyin G\u00fcng\u00f6r, \u0130l Milli E\u011fitim M\u00fcd\u00fcr\u00fc Rag\u0131p \u00dcye, Belediye Meclis \u00dcyeleri, \u0130l Genel Meclisi \u00dcyeleri, Bergama protokol \u00fcyeleri, e\u011fitimciler ve \u00e7ok say\u0131da vatanda\u015f kat\u0131ld\u0131. T\u00f6renin a\u00e7\u0131l\u0131\u015f konu\u015fmas\u0131n\u0131 yapan Belediye Ba\u015fkan\u0131 G\u00f6nen\u00e7, \u201cBurada bu oyuncaklarla oynayacak \u00e7ocuklar\u0131m\u0131z\u0131n mutlaka yarat\u0131c\u0131l\u0131k y\u00f6nleri geli\u015fecek. Ayd\u0131nl\u0131k bir giri\u015fimcili\u011fe sahip olacaklar ve \u00fclkemizin ayd\u0131nl\u0131k geli\u015fimine katk\u0131lar\u0131 olacak\u201d dedi. Ba\u015fkan G\u00f6nen\u00e7 konu\u015fmas\u0131na, 1950\u2019li y\u0131llarda kurulan, il\u00e7enin sosyal ve ekonomik geli\u015fimine unutulmaz katk\u0131lar\u0131 olan Bergama S\u00fcmerbank Tekstil Fabrikas\u0131\u2019n\u0131n ge\u00e7mi\u015finden bahsederek ba\u015flad\u0131. G\u00f6nen\u00e7, \u201cBuras\u0131 T\u00fcrkiye Cumhuriyeti\u2019nin idealist ku\u015faklar\u0131n\u0131n \u00fclkemize kazand\u0131rd\u0131\u011f\u0131 g\u00fczel sanayi tesislerinden birisiydi. Fabrika \u00e7al\u0131\u015ft\u0131\u011f\u0131 d\u00f6nemlerde i\u015f\u00e7i say\u0131s\u0131 1000\u2013 500\u2019lere kadar \u00e7\u0131km\u0131\u015ft\u0131r. Buras\u0131 Bergama ekonomisinin en b\u00fcy\u00fck sanayi kurulu\u015fuydu. Ne yaz\u0131k ki; \u00fclkemizdeki bir\u00e7ok i\u015fletme gibi bu kurulu\u015fta, belki bir tak\u0131m siyasal yanl\u0131\u015fl\u0131klardan, belki fabrikada yap\u0131lmayan ya da yap\u0131lamayan yeniliklerden dolay\u0131 kapand\u0131. Ve fabrika \u00d6zelle\u015ftirme \u0130daresi\u2019ne ard\u0131ndan Bergama Belediyesi\u2019ne devredildi. \u015euanda da bo\u015f ve at\u0131l bir \u015fekilde duruyor\u201d dedi.<\/p>\n<p style=\"text-align: justify;\">Ba\u015fkan G\u00f6nen\u00e7, bu fabrikan\u0131n e\u011fitim kurumu olarak bir \u00fcniversite olarak ya\u015fam\u0131na devam etmesi y\u00f6n\u00fcndeki Belediyenin il\u00e7e kamuoyu ile birlikte y\u00fcr\u00fctt\u00fc\u011f\u00fc \u00e7al\u0131\u015fmalar\u0131 da anlatt\u0131\u011f\u0131 konu\u015fmas\u0131nda, \u201cBug\u00fcn burada yapt\u0131\u011f\u0131m\u0131z a\u00e7\u0131l\u0131\u015f gibi bir a\u00e7\u0131l\u0131\u015f\u0131 \u00e7ok yak\u0131n bir gelecekte fabrikan\u0131n geneli i\u00e7in yapaca\u011f\u0131z. Meslek Y\u00fcksek Okulu ve ard\u0131ndan \u00fcniversite olu\u015fumu i\u00e7in \u00e7abalar\u0131m\u0131z s\u00fcr\u00fcyor. Buras\u0131na Bergamal\u0131lar duygusal ba\u011flarla ba\u011fl\u0131d\u0131r. Bu fabrikadan emekli maa\u015f\u0131 alan i\u015f\u00e7iler g\u00fcn\u00fcm\u00fcz T\u00fcrkiye\u2019sinde i\u015fsiz olan \u00e7ocuklar\u0131na halen bu emekli maa\u015f\u0131 ile bak\u0131yorlar. O y\u00fczden Bergama halk\u0131 istiyor ki, bu fabrika yeniden kamu yarar\u0131na hizmet eder bir hale gelsin. \u0130\u015fte bu anlay\u0131\u015fla ortak bir proje geli\u015ftirildi. \u2018Gel oyna al oyna\u2019 slogan\u0131yla Oyuncak K\u00fct\u00fcphanesi olu\u015fturuldu. Ger\u00e7ekten tam bir kolektif \u00e7al\u0131\u015fma oldu. Ayn\u0131 zamanda bizim i\u00e7in de fabrikan\u0131n di\u011fer binalar\u0131n\u0131n \u00fcniversiteye d\u00f6n\u00fc\u015fmesi y\u00f6n\u00fcnde yapaca\u011f\u0131m\u0131z tadilatlar \u00f6ncesi bir antrenman d\u00f6nemi olmu\u015f oldu. Oyuncak K\u00fct\u00fcphanesi i\u00e7in eme\u011fi ge\u00e7en, katk\u0131 koyan herkese, kurumlara ve hay\u0131rseverlere \u00e7ok te\u015fekk\u00fcr ederim\u201d dedi.<\/p>\n<p style=\"text-align: justify;\">Ba\u015fkan G\u00f6nen\u00e7\u2019in konu\u015fmas\u0131n\u0131n ard\u0131ndan \u0130l Milli E\u011fitim M\u00fcd\u00fcr\u00fc Rag\u0131p \u00dcye, Ege \u00dcniversitesi Rekt\u00f6r\u00fc Prof. Dr. Cande\u011fer Y\u0131lmaz ve \u0130zmir Vali Vekili Sait Topo\u011flu g\u00fcn\u00fcn anlam ve \u00f6nemi belirten konu\u015fmalar yapt\u0131lar. Daha sonra Oyuncak K\u00fct\u00fcphanesi\u2019nin Ana S\u0131n\u0131flar\u0131\u2019nda yap\u0131lan tadilatlara katk\u0131 koyan i\u015f adam\u0131 Hasan \u015eent\u00fcrk ve ana s\u0131n\u0131flar\u0131n\u0131n donan\u0131m eksiklerinin giderilmesine katk\u0131 koyan Bedia \u00d6l\u00e7er\u2019e, Bergama Kaymakam\u0131 Ahmet Ertan Y\u00fccel taraf\u0131ndan birer plaket sunuldu. Ard\u0131ndan Oyuncak K\u00fct\u00fcphanesi\u2019nin a\u00e7\u0131l\u0131\u015f\u0131 ger\u00e7ekle\u015ftirildi. Ve t\u00f6rene kat\u0131lan t\u00fcm konuklar, Oyuncak K\u00fct\u00fcphanesi\u2019ni gezdiler.<\/p>\n<p style=\"text-align: justify;\">Kaynak: www.kenthaber.com<\/p>\n","protected":false},"excerpt":{"rendered":"<p>T\u00fcrkiye\u2019nin ilk oyuncak k\u00fct\u00fcphanesi, ilkler kenti olarak bilinen ve \u00fc\u00e7 bin y\u0131ll\u0131k tarihi ge\u00e7mi\u015fiyle bir d\u00fcnya markas\u0131 olan Bergama\u2019da a\u00e7\u0131ld\u0131. A\u00e7\u0131l\u0131\u015f t\u00f6reninde ev sahibi olarak ilk konu\u015fmay\u0131 yapan Bergama Belediye Ba\u015fkan\u0131 Mehmet G\u00f6nen\u00e7, \u201cBurada bu oyuncaklarla oynayacak \u00e7ocuklar\u0131m\u0131z\u0131n mutlaka yarat\u0131c\u0131l\u0131k y\u00f6nleri geli\u015fecek. Ayd\u0131nl\u0131k giri\u015fimcili\u011fe sahip olacaklar ve \u00fclkemizin ayd\u0131nl\u0131k geli\u015fimine katk\u0131lar\u0131 olacak\u201d dedi.<\/p>\n","protected":false},"author":1,"featured_media":0,"comment_status":"open","ping_status":"open","sticky":false,"template":"","format":"standard","meta":{"footnotes":""},"categories":[1594],"tags":[1439,1442],"class_list":["post-1378","post","type-post","status-publish","format-standard","hentry","category-oyuncak-kutuphanesi","tag-cocuk-kutuphaneleri","tag-oyuncak-kutuphaneleri"],"_links":{"self":[{"href":"https:\/\/www.bbyhaber.com\/bby\/wp-json\/wp\/v2\/posts\/1378"}],"collection":[{"href":"https:\/\/www.bbyhaber.com\/bby\/wp-json\/wp\/v2\/posts"}],"about":[{"href":"https:\/\/www.bbyhaber.com\/bby\/wp-json\/wp\/v2\/types\/post"}],"author":[{"embeddable":true,"href":"https:\/\/www.bbyhaber.com\/bby\/wp-json\/wp\/v2\/users\/1"}],"replies":[{"embeddable":true,"href":"https:\/\/www.bbyhaber.com\/bby\/wp-json\/wp\/v2\/comments?post=1378"}],"version-history":[{"count":0,"href":"https:\/\/www.bbyhaber.com\/bby\/wp-json\/wp\/v2\/posts\/1378\/revisions"}],"wp:attachment":[{"href":"https:\/\/www.bbyhaber.com\/bby\/wp-json\/wp\/v2\/media?parent=1378"}],"wp:term":[{"taxonomy":"category","embeddable":true,"href":"https:\/\/www.bbyhaber.com\/bby\/wp-json\/wp\/v2\/categories?post=1378"},{"taxonomy":"post_tag","embeddable":true,"href":"https:\/\/www.bbyhaber.com\/bby\/wp-json\/wp\/v2\/tags?post=1378"}],"curies":[{"name":"wp","href":"https:\/\/api.w.org\/{rel}","templated":true}]}}