{"id":13776,"date":"2014-05-21T23:02:25","date_gmt":"2014-05-21T20:02:25","guid":{"rendered":"http:\/\/www.bbyhaber.com\/bby\/?p=13776"},"modified":"2014-05-21T23:02:25","modified_gmt":"2014-05-21T20:02:25","slug":"avrupa-arastirma-kutuphaneleri-derneginden-soma-icin-mesaj","status":"publish","type":"post","link":"https:\/\/www.bbyhaber.com\/bby\/2014\/05\/21\/avrupa-arastirma-kutuphaneleri-derneginden-soma-icin-mesaj","title":{"rendered":"Avrupa Ara\u015ft\u0131rma K\u00fct\u00fcphaneleri Derne\u011fi&#8217;nden SOMA i\u00e7in mesaj"},"content":{"rendered":"<p style=\"text-align: justify;\">Ali Fuat Kartal<br \/>\nBa\u015fkan<br \/>\nT\u00fcrk K\u00fct\u00fcphaneciler Derne\u011fi<\/p>\n<p style=\"text-align: justify;\">Say\u0131n Ba\u015fkan,<\/p>\n<p style=\"text-align: justify;\"><img loading=\"lazy\" decoding=\"async\" class=\"alignleft\" src=\"http:\/\/www.kutuphaneci.org.tr\/sites\/default\/files\/haber\/liberlogo.jpg\" alt=\"\" width=\"96\" height=\"84\" \/>LIBER (Avrupa Ara\u015ft\u0131rma K\u00fct\u00fcphaneleri Derne\u011fi) Y\u00f6netim Kurulu ad\u0131na Soma\u2019da ya\u015fanan maden felaketi dolay\u0131s\u0131yla ya\u015fad\u0131\u011f\u0131n\u0131z derin \u00fcz\u00fcnt\u00fcy\u00fc payla\u015f\u0131yor ve meslekta\u015flar\u0131m\u0131za ba\u015fsa\u011fl\u0131\u011f\u0131 dileklerimizi iletiyorum. Modern teknolojilerin kullan\u0131ld\u0131\u011f\u0131 bir d\u00f6nemde b\u00f6ylesi korkun\u00e7 bir olay\u0131n ya\u015fan\u0131ld\u0131\u011f\u0131na inanmak g\u00fc\u00e7.<!--more--> 301 vatanda\u015f\u0131n\u0131z\u0131n bu felakette hayat\u0131n\u0131 kaybetmi\u015f olmas\u0131n\u0131n ve bu olay\u0131n ailelerinin ve yak\u0131nlar\u0131n\u0131n \u00fczerinde yarataca\u011f\u0131 etki kar\u015f\u0131s\u0131nda \u015fa\u015fk\u0131nl\u0131k i\u00e7indeyiz. Bu zor g\u00fcnlerde d\u00fc\u015f\u00fcncelerimizin sizlerle ve bu deh\u015fet verici olaydan etkilenen herkesle birlikte oldu\u011funu bilmenizi isteriz.<\/p>\n<p style=\"text-align: justify;\">Paul Ayris<br \/>\nLIBER Y\u00f6netim Kurulu Ad\u0131na<\/p>\n<p style=\"text-align: justify;\">Kaynak: http:\/\/www.kutuphaneci.org.tr\/<\/p>\n","protected":false},"excerpt":{"rendered":"<p>Ali Fuat Kartal Ba\u015fkan T\u00fcrk K\u00fct\u00fcphaneciler Derne\u011fi Say\u0131n Ba\u015fkan, LIBER (Avrupa Ara\u015ft\u0131rma K\u00fct\u00fcphaneleri Derne\u011fi) Y\u00f6netim Kurulu ad\u0131na Soma\u2019da ya\u015fanan maden felaketi dolay\u0131s\u0131yla ya\u015fad\u0131\u011f\u0131n\u0131z derin \u00fcz\u00fcnt\u00fcy\u00fc payla\u015f\u0131yor ve meslekta\u015flar\u0131m\u0131za ba\u015fsa\u011fl\u0131\u011f\u0131 dileklerimizi iletiyorum. Modern teknolojilerin kullan\u0131ld\u0131\u011f\u0131 bir d\u00f6nemde b\u00f6ylesi korkun\u00e7 bir olay\u0131n ya\u015fan\u0131ld\u0131\u011f\u0131na inanmak g\u00fc\u00e7.<\/p>\n","protected":false},"author":1,"featured_media":0,"comment_status":"open","ping_status":"open","sticky":false,"template":"","format":"standard","meta":{"footnotes":""},"categories":[1],"tags":[],"class_list":["post-13776","post","type-post","status-publish","format-standard","hentry","category-genel"],"_links":{"self":[{"href":"https:\/\/www.bbyhaber.com\/bby\/wp-json\/wp\/v2\/posts\/13776"}],"collection":[{"href":"https:\/\/www.bbyhaber.com\/bby\/wp-json\/wp\/v2\/posts"}],"about":[{"href":"https:\/\/www.bbyhaber.com\/bby\/wp-json\/wp\/v2\/types\/post"}],"author":[{"embeddable":true,"href":"https:\/\/www.bbyhaber.com\/bby\/wp-json\/wp\/v2\/users\/1"}],"replies":[{"embeddable":true,"href":"https:\/\/www.bbyhaber.com\/bby\/wp-json\/wp\/v2\/comments?post=13776"}],"version-history":[{"count":0,"href":"https:\/\/www.bbyhaber.com\/bby\/wp-json\/wp\/v2\/posts\/13776\/revisions"}],"wp:attachment":[{"href":"https:\/\/www.bbyhaber.com\/bby\/wp-json\/wp\/v2\/media?parent=13776"}],"wp:term":[{"taxonomy":"category","embeddable":true,"href":"https:\/\/www.bbyhaber.com\/bby\/wp-json\/wp\/v2\/categories?post=13776"},{"taxonomy":"post_tag","embeddable":true,"href":"https:\/\/www.bbyhaber.com\/bby\/wp-json\/wp\/v2\/tags?post=13776"}],"curies":[{"name":"wp","href":"https:\/\/api.w.org\/{rel}","templated":true}]}}