{"id":13773,"date":"2014-05-21T22:44:17","date_gmt":"2014-05-21T19:44:17","guid":{"rendered":"http:\/\/www.bbyhaber.com\/bby\/?p=13773"},"modified":"2014-05-21T22:44:17","modified_gmt":"2014-05-21T19:44:17","slug":"bir-ilce-kitap-okudu-samsunasarcik","status":"publish","type":"post","link":"https:\/\/www.bbyhaber.com\/bby\/2014\/05\/21\/bir-ilce-kitap-okudu-samsunasarcik","title":{"rendered":"Bir \u0130l\u00e7e Kitap Okudu-Samsun\/Asarc\u0131k"},"content":{"rendered":"<p style=\"text-align: justify;\"><img loading=\"lazy\" decoding=\"async\" class=\"alignleft\" src=\"http:\/\/www.hakimiyet.com\/images\/haberler\/bir_ilce_kitap_okudu.jpg\" alt=\"\" width=\"283\" height=\"150\" \/>Samsun\u2019un 2 bin 500 n\u00fcfuslu Asarc\u0131k il\u00e7esinde 2 bin 500 ki\u015fi ayn\u0131 anda kitap okudu. Asarc\u0131k Kaymakaml\u0131\u011f\u0131 taraf\u0131ndan haz\u0131rlanan \u201cBize Her Yer K\u00fct\u00fcphane\u201d projesi kapsam\u0131nda il\u00e7e n\u00fcfusu kadar ki\u015finin kat\u0131l\u0131m\u0131yla kitap okuma etkinli\u011fi d\u00fczenlendi. Etkinli\u011fe Asarc\u0131k Kaymakam\u0131 Selman Kibaro\u011flu, \u00f6\u011frenciler, \u00f6\u011fretmenler ve veliler kat\u0131ld\u0131. \u0130l\u00e7e meydan\u0131nda yap\u0131lmas\u0131 planlanan kitap okuma etkinli\u011fi, elveri\u015fiz hava nedeniyle Asarc\u0131k Yat\u0131l\u0131 B\u00f6lge Ortaokulu Spor Salonu\u2019nda ger\u00e7ekle\u015ftirildi. \u00d6\u011frenciler, \u00f6\u011fretmenler ve veliler 15 dakika boyunca kitap okudular.<!--more--><\/p>\n<p style=\"text-align: justify;\">Kampanya \u00f6ncesi 12 May\u0131s 2014 tarihinde Asarc\u0131k Yat\u0131l\u0131 B\u00f6lge Ortaokulu\u2019nda ilkokul, ortaokul ve liseler aras\u0131 \u201cBize Her Yer K\u00fct\u00fcphane\u201d projesi kapsam\u0131nda \u201cOkuyorum Kazanaca\u011f\u0131m\u201d kitap okuma yar\u0131\u015fmas\u0131 d\u00fczenlendi. Yar\u0131\u015fmaya 29 okuldan toplam 175 ilkokul, 144 ortaokul ve 132 lise \u00f6\u011frencisi kat\u0131ld\u0131. \u0130lkokul, ortaokul ve lise k\u0131s\u0131mlar\u0131ndan ayr\u0131 ayr\u0131 dereceye girenlere de \u00f6d\u00fclleri verildi.Kampanya hakk\u0131nda bilgi veren Asarc\u0131k Kaymakam\u0131 Selman Kibaro\u011flu, \u201cCehaletle m\u00fccadelede ilk ad\u0131m olan okuma al\u0131\u015fkanl\u0131\u011f\u0131n\u0131 \u00f6\u011frencilerimize kazand\u0131rabilmek i\u00e7in \u2018Okuyan Asarc\u0131k\u2019 kampanyas\u0131 ba\u015flatt\u0131k. Asarc\u0131k il\u00e7esine ba\u011fl\u0131 merkez ve k\u00f6y okullar\u0131nda okuyan \u00f6\u011frenciler bug\u00fcn burada il\u00e7e protokol\u00fc ile beraber 15 dakikal\u0131k kitap okuma kampanyas\u0131n\u0131 ba\u015flatm\u0131\u015f bulunmaktay\u0131z. Ba\u015fta yavrular\u0131m\u0131z olmak \u00fczere t\u00fcm Asarc\u0131k il\u00e7esi ad\u0131na hay\u0131rl\u0131 olmas\u0131n\u0131 temenni ederim\u201d dedi. Kitap okumay\u0131 sevdiklerini belirten \u00f6\u011frenciler ise, \u201cBuraya kitap okumak i\u00e7in geldik. \u00c7ok g\u00fczel bir etkinlik oldu. En g\u00fczel ba\u011f\u0131ml\u0131l\u0131k kitap okumakt\u0131r. Kitap okuman\u0131n \u00e7ok g\u00fczel bir duygu oldu\u011funu d\u00fc\u015f\u00fcn\u00fcyoruz&#8221; diye konu\u015ftular.<\/p>\n<p>Kaynak: http:\/\/www.hakimiyet.com\/<\/p>\n","protected":false},"excerpt":{"rendered":"<p>Samsun\u2019un 2 bin 500 n\u00fcfuslu Asarc\u0131k il\u00e7esinde 2 bin 500 ki\u015fi ayn\u0131 anda kitap okudu. Asarc\u0131k Kaymakaml\u0131\u011f\u0131 taraf\u0131ndan haz\u0131rlanan \u201cBize Her Yer K\u00fct\u00fcphane\u201d projesi kapsam\u0131nda il\u00e7e n\u00fcfusu kadar ki\u015finin kat\u0131l\u0131m\u0131yla kitap okuma etkinli\u011fi d\u00fczenlendi. Etkinli\u011fe Asarc\u0131k Kaymakam\u0131 Selman Kibaro\u011flu, \u00f6\u011frenciler, \u00f6\u011fretmenler ve veliler kat\u0131ld\u0131. \u0130l\u00e7e meydan\u0131nda yap\u0131lmas\u0131 planlanan kitap okuma etkinli\u011fi, elveri\u015fiz hava nedeniyle Asarc\u0131k [&hellip;]<\/p>\n","protected":false},"author":1,"featured_media":0,"comment_status":"open","ping_status":"open","sticky":false,"template":"","format":"standard","meta":{"footnotes":""},"categories":[1,1496],"tags":[78],"class_list":["post-13773","post","type-post","status-publish","format-standard","hentry","category-genel","category-kitap-okuma-etkinligi","tag-okuma-eylemi"],"_links":{"self":[{"href":"https:\/\/www.bbyhaber.com\/bby\/wp-json\/wp\/v2\/posts\/13773"}],"collection":[{"href":"https:\/\/www.bbyhaber.com\/bby\/wp-json\/wp\/v2\/posts"}],"about":[{"href":"https:\/\/www.bbyhaber.com\/bby\/wp-json\/wp\/v2\/types\/post"}],"author":[{"embeddable":true,"href":"https:\/\/www.bbyhaber.com\/bby\/wp-json\/wp\/v2\/users\/1"}],"replies":[{"embeddable":true,"href":"https:\/\/www.bbyhaber.com\/bby\/wp-json\/wp\/v2\/comments?post=13773"}],"version-history":[{"count":0,"href":"https:\/\/www.bbyhaber.com\/bby\/wp-json\/wp\/v2\/posts\/13773\/revisions"}],"wp:attachment":[{"href":"https:\/\/www.bbyhaber.com\/bby\/wp-json\/wp\/v2\/media?parent=13773"}],"wp:term":[{"taxonomy":"category","embeddable":true,"href":"https:\/\/www.bbyhaber.com\/bby\/wp-json\/wp\/v2\/categories?post=13773"},{"taxonomy":"post_tag","embeddable":true,"href":"https:\/\/www.bbyhaber.com\/bby\/wp-json\/wp\/v2\/tags?post=13773"}],"curies":[{"name":"wp","href":"https:\/\/api.w.org\/{rel}","templated":true}]}}