{"id":13770,"date":"2014-05-20T23:56:44","date_gmt":"2014-05-20T20:56:44","guid":{"rendered":"http:\/\/www.bbyhaber.com\/bby\/?p=13770"},"modified":"2014-05-20T23:56:44","modified_gmt":"2014-05-20T20:56:44","slug":"omude-mesleki-yenilenme-toplantisi-samsun","status":"publish","type":"post","link":"https:\/\/www.bbyhaber.com\/bby\/2014\/05\/20\/omude-mesleki-yenilenme-toplantisi-samsun","title":{"rendered":"OM\u00dc&#8217;de Mesleki Yenilenme Toplant\u0131s\u0131-Samsun"},"content":{"rendered":"<p style=\"text-align: justify;\"><a href=\"http:\/\/www.samsunhaber.tc\/images\/haberler\/omude_mesleki_yenilenme_toplantisi_h266200.jpg\"><img loading=\"lazy\" decoding=\"async\" class=\"alignleft\" src=\"http:\/\/www.samsunhaber.tc\/images\/haberler\/omude_mesleki_yenilenme_toplantisi_h266200.jpg\" alt=\"\" width=\"314\" height=\"170\" \/><\/a>Ondokuz May\u0131s \u00dcniversitesi (OM\u00dc) K\u00fct\u00fcphane ve Dok\u00fcmantasyon Daire Ba\u015fkanl\u0131\u011f\u0131 taraf\u0131ndan d\u00fczenlenen \u201cMesleki Yenilenme Karadeniz B\u00f6lge Toplant\u0131s\u0131\u201d yap\u0131ld\u0131. Atat\u00fcrk K\u00fclt\u00fcr ve Kongre Merkezi Pembe Salon\u2019da yap\u0131lan toplant\u0131ya Karadeniz B\u00f6lgesi\u2019ndeki t\u00fcm k\u00fct\u00fcphane \u00e7al\u0131\u015fanlar\u0131 ve OM\u00dc \u00f6\u011fretim \u00fcyeleri kat\u0131ld\u0131. Toplant\u0131n\u0131n a\u00e7\u0131l\u0131\u015f konu\u015fmas\u0131n\u0131 yapan OM\u00dc K\u00fct\u00fcphane ve Dok\u00fcmantasyon Daire Ba\u015fkan\u0131 \u00d6mer Bozkurt, \u201c\u0130lkini Trakya\u2019da yapt\u0131\u011f\u0131m\u0131z mesleki yenilenme toplant\u0131m\u0131z\u0131n ikincisi Karadeniz\u2019de yap\u0131lmaktad\u0131r.<!--more--> Toplant\u0131m\u0131z meslek i\u00e7ersindeki geli\u015fmelerin burada bir araya gelip tart\u0131\u015f\u0131l\u0131p yeniliklerin sunuldu\u011fu bir toplant\u0131 olarak yap\u0131lacakt\u0131r\u201d dedi.<\/p>\n<p style=\"text-align: justify;\">K\u00fct\u00fcphane isminin birle\u015fik bir isim oldu\u011funu ifade eden OM\u00dc Rekt\u00f6r Yard\u0131mc\u0131s\u0131 Prof. Dr. Halis \u00d6lmez, \u201cBilindi\u011fi gibi k\u00fct\u00fcphane birle\u015fik bir isimdir. K\u00fct\u00fcp ve hane kelimelerinden ibarettir. K\u00fct\u00fcp, Arap\u00e7a\u2019da kitaplar demektir. Hane ise Fars\u00e7a\u2019da ev anlam\u0131na geliyor. Dolay\u0131s\u0131yla k\u00fct\u00fcphane de kitaplar evi anlam\u0131na geliyor. K\u00fct\u00fcphanecilik bilindi\u011fi gibi insanl\u0131k tarihi kadar eskidir. \u00c7\u00fcnk\u00fc kitaplar insanl\u0131k tarihi kadar eskidir. \u0130lk insan ve ilk Peygamber Hazreti Adem\u2019e ve sonraki peygamberlere Allah yasaklar\u0131n\u0131 kitaplar vas\u0131tas\u0131 ile bildirmi\u015ftir. Kitaplar da ilk insan ile ya\u015f\u0131tt\u0131r. O y\u00fczden de k\u00fct\u00fcphanecilik son derece faydal\u0131, \u015ferefli ve onurlu bir meslektir\u201d diye konu\u015ftu.<\/p>\n<p style=\"text-align: justify;\">Ankara\u2019da 1946 y\u0131l\u0131nda kurulan Milli K\u00fct\u00fcphane\u2019nin 2 cilt eserle kuruldu\u011funa dikkat \u00e7eken \u00d6lmez, \u201cAnkara\u2019daki milli k\u00fct\u00fcphane 1946 y\u0131l\u0131nda kuruldu\u011funda sadece 2 cilt eser ile kuruldu. Ama zaman i\u00e7ersinde bug\u00fcnk\u00fc duruma gelmi\u015ftir. Dolay\u0131s\u0131yla k\u00fct\u00fcphanecilik s\u0131f\u0131rdan ba\u015fl\u0131yor. K\u00fct\u00fcphanecilerin de\u011ferli katk\u0131lar\u0131, gayretleriyle, \u00e7abalar\u0131yla b\u00fcy\u00fcyor ve geli\u015fiyor. \u0130nsanl\u0131k tarihinde ger\u00e7ekten de iftihar edilecek durumlara ula\u015f\u0131yor\u201d \u015feklinde konu\u015ftu.<\/p>\n<p style=\"text-align: justify;\">Konu\u015fmalar\u0131n ard\u0131ndan Karadeniz\u2019in di\u011fer \u00fcniversitelerinden gelen k\u00fct\u00fcphaneciler sunumlar\u0131n\u0131 yapt\u0131.<\/p>\n<p style=\"text-align: justify;\"><a href=\"http:\/\/www.omu.edu.tr\/files\/images\/PROGRAM.jpg\"><img loading=\"lazy\" decoding=\"async\" class=\"alignnone\" src=\"http:\/\/www.omu.edu.tr\/files\/images\/PROGRAM.jpg\" alt=\"\" width=\"248\" height=\"325\" \/><\/a><\/p>\n<p style=\"text-align: justify;\">Kaynak: http:\/\/www.samsunhaber.tc\/<\/p>\n","protected":false},"excerpt":{"rendered":"<p>Ondokuz May\u0131s \u00dcniversitesi (OM\u00dc) K\u00fct\u00fcphane ve Dok\u00fcmantasyon Daire Ba\u015fkanl\u0131\u011f\u0131 taraf\u0131ndan d\u00fczenlenen \u201cMesleki Yenilenme Karadeniz B\u00f6lge Toplant\u0131s\u0131\u201d yap\u0131ld\u0131. Atat\u00fcrk K\u00fclt\u00fcr ve Kongre Merkezi Pembe Salon\u2019da yap\u0131lan toplant\u0131ya Karadeniz B\u00f6lgesi\u2019ndeki t\u00fcm k\u00fct\u00fcphane \u00e7al\u0131\u015fanlar\u0131 ve OM\u00dc \u00f6\u011fretim \u00fcyeleri kat\u0131ld\u0131. Toplant\u0131n\u0131n a\u00e7\u0131l\u0131\u015f konu\u015fmas\u0131n\u0131 yapan OM\u00dc K\u00fct\u00fcphane ve Dok\u00fcmantasyon Daire Ba\u015fkan\u0131 \u00d6mer Bozkurt, \u201c\u0130lkini Trakya\u2019da yapt\u0131\u011f\u0131m\u0131z mesleki yenilenme toplant\u0131m\u0131z\u0131n ikincisi [&hellip;]<\/p>\n","protected":false},"author":1,"featured_media":0,"comment_status":"open","ping_status":"open","sticky":false,"template":"","format":"standard","meta":{"footnotes":""},"categories":[1473,1,1601],"tags":[],"class_list":["post-13770","post","type-post","status-publish","format-standard","hentry","category-acik-erisim","category-genel","category-rda"],"_links":{"self":[{"href":"https:\/\/www.bbyhaber.com\/bby\/wp-json\/wp\/v2\/posts\/13770"}],"collection":[{"href":"https:\/\/www.bbyhaber.com\/bby\/wp-json\/wp\/v2\/posts"}],"about":[{"href":"https:\/\/www.bbyhaber.com\/bby\/wp-json\/wp\/v2\/types\/post"}],"author":[{"embeddable":true,"href":"https:\/\/www.bbyhaber.com\/bby\/wp-json\/wp\/v2\/users\/1"}],"replies":[{"embeddable":true,"href":"https:\/\/www.bbyhaber.com\/bby\/wp-json\/wp\/v2\/comments?post=13770"}],"version-history":[{"count":0,"href":"https:\/\/www.bbyhaber.com\/bby\/wp-json\/wp\/v2\/posts\/13770\/revisions"}],"wp:attachment":[{"href":"https:\/\/www.bbyhaber.com\/bby\/wp-json\/wp\/v2\/media?parent=13770"}],"wp:term":[{"taxonomy":"category","embeddable":true,"href":"https:\/\/www.bbyhaber.com\/bby\/wp-json\/wp\/v2\/categories?post=13770"},{"taxonomy":"post_tag","embeddable":true,"href":"https:\/\/www.bbyhaber.com\/bby\/wp-json\/wp\/v2\/tags?post=13770"}],"curies":[{"name":"wp","href":"https:\/\/api.w.org\/{rel}","templated":true}]}}