{"id":13762,"date":"2014-05-20T16:35:50","date_gmt":"2014-05-20T13:35:50","guid":{"rendered":"http:\/\/www.bbyhaber.com\/bby\/?p=13762"},"modified":"2014-12-31T13:29:35","modified_gmt":"2014-12-31T11:29:35","slug":"10-yildir-kapali-olan-kutuphane-tekrar-acildi-samsun","status":"publish","type":"post","link":"https:\/\/www.bbyhaber.com\/bby\/2014\/05\/20\/10-yildir-kapali-olan-kutuphane-tekrar-acildi-samsun","title":{"rendered":"10 y\u0131ld\u0131r kapal\u0131 olan k\u00fct\u00fcphane tekrar a\u00e7\u0131ld\u0131-Samsun"},"content":{"rendered":"<p style=\"text-align: justify;\">Samsun- Halk k\u00fct\u00fcphanesi olarak da bilinen 100. Y\u0131l k\u00fct\u00fcphanesi 10 y\u0131l aradan sonra tekrar hizmet vermeye ba\u015flad\u0131. Kaymakaml\u0131k imk\u00e2nlar\u0131yla tadilat ge\u00e7iren k\u00fct\u00fcphane; bilgisayar ve teknoloji s\u0131n\u0131flar\u0131 da eklenerek vatanda\u015f\u0131n hizmetine sunuldu. Kurum M\u00fcd\u00fcrleriyle birlikte k\u00fct\u00fcphaneyi gezen Terme Kaymakam\u0131 Fahri Meral, \u201c\u0130l\u00e7emiz k\u00fct\u00fcphanesinin a\u00e7\u0131l\u0131\u015f tarihi \u00e7ok eski; fakat <a href=\"http:\/\/www.bbyhaber.com\/bby\/2013\/09\/30\/10-yildir-kapali-olan-kutuphane-acilmayi-bekliyor-samsun\/\"><strong>personel yetersizli\u011fi nedeni ile bir s\u00fcredir kapal\u0131 kalm\u0131\u015ft\u0131<\/strong><\/a>. Daha \u00f6nceden 50 metrekarelik bir alanda idi. Kaymakaml\u0131k imkanlar\u0131yla k\u00fct\u00fcphanemizi geni\u015flettik. <!--more--><\/p>\n<p style=\"text-align: justify;\">Bilgisayar odas\u0131, yeti\u015fkin okuma salonu ve \u00e7ocuk okuma salonu olarak yeni b\u00f6l\u00fcmler a\u00e7t\u0131k. B\u00fct\u00fcn raflar yenilendi, g\u00fcvenlik ve kamere sistemi yenilendi. Tekrardan 100. Y\u0131l Halk k\u00fct\u00fcphanesi&#8217;nin il\u00e7emize hay\u0131rl\u0131 olmas\u0131n\u0131 diliyorum. G\u00fcn\u00fcm\u00fcz bilgisayar teknolojisi ile birlikte k\u00fct\u00fcphaneler ikinci s\u0131rada kald\u0131. Fakat hi\u00e7bir \u015fey kitap okuman\u0131n lezzetini veremez, bunun i\u00e7in \u00e7ocuklara tavsiyem bir an \u00f6nce k\u00fct\u00fcphaneye kay\u0131t olup kitap okumalar\u0131n\u0131 tavsiye ederim\u201d dedi.<\/p>\n<p style=\"text-align: justify;\">Kaynak:http:\/\/cihan.com.tr\/<\/p>\n","protected":false},"excerpt":{"rendered":"<p>Samsun- Halk k\u00fct\u00fcphanesi olarak da bilinen 100. Y\u0131l k\u00fct\u00fcphanesi 10 y\u0131l aradan sonra tekrar hizmet vermeye ba\u015flad\u0131. Kaymakaml\u0131k imk\u00e2nlar\u0131yla tadilat ge\u00e7iren k\u00fct\u00fcphane; bilgisayar ve teknoloji s\u0131n\u0131flar\u0131 da eklenerek vatanda\u015f\u0131n hizmetine sunuldu. Kurum M\u00fcd\u00fcrleriyle birlikte k\u00fct\u00fcphaneyi gezen Terme Kaymakam\u0131 Fahri Meral, \u201c\u0130l\u00e7emiz k\u00fct\u00fcphanesinin a\u00e7\u0131l\u0131\u015f tarihi \u00e7ok eski; fakat personel yetersizli\u011fi nedeni ile bir s\u00fcredir kapal\u0131 kalm\u0131\u015ft\u0131. [&hellip;]<\/p>\n","protected":false},"author":1,"featured_media":0,"comment_status":"open","ping_status":"open","sticky":false,"template":"","format":"standard","meta":{"footnotes":""},"categories":[1,1582],"tags":[848],"class_list":["post-13762","post","type-post","status-publish","format-standard","hentry","category-genel","category-kapali-kutuphaneler","tag-halk-kutuphaneleri"],"_links":{"self":[{"href":"https:\/\/www.bbyhaber.com\/bby\/wp-json\/wp\/v2\/posts\/13762"}],"collection":[{"href":"https:\/\/www.bbyhaber.com\/bby\/wp-json\/wp\/v2\/posts"}],"about":[{"href":"https:\/\/www.bbyhaber.com\/bby\/wp-json\/wp\/v2\/types\/post"}],"author":[{"embeddable":true,"href":"https:\/\/www.bbyhaber.com\/bby\/wp-json\/wp\/v2\/users\/1"}],"replies":[{"embeddable":true,"href":"https:\/\/www.bbyhaber.com\/bby\/wp-json\/wp\/v2\/comments?post=13762"}],"version-history":[{"count":0,"href":"https:\/\/www.bbyhaber.com\/bby\/wp-json\/wp\/v2\/posts\/13762\/revisions"}],"wp:attachment":[{"href":"https:\/\/www.bbyhaber.com\/bby\/wp-json\/wp\/v2\/media?parent=13762"}],"wp:term":[{"taxonomy":"category","embeddable":true,"href":"https:\/\/www.bbyhaber.com\/bby\/wp-json\/wp\/v2\/categories?post=13762"},{"taxonomy":"post_tag","embeddable":true,"href":"https:\/\/www.bbyhaber.com\/bby\/wp-json\/wp\/v2\/tags?post=13762"}],"curies":[{"name":"wp","href":"https:\/\/api.w.org\/{rel}","templated":true}]}}