{"id":13758,"date":"2014-05-16T11:53:35","date_gmt":"2014-05-16T08:53:35","guid":{"rendered":"http:\/\/www.bbyhaber.com\/bby\/?p=13758"},"modified":"2016-01-25T16:25:23","modified_gmt":"2016-01-25T14:25:23","slug":"kultur-sanat-sen-yoneticisi-seref-eker-vefat-etti","status":"publish","type":"post","link":"https:\/\/www.bbyhaber.com\/bby\/2014\/05\/16\/kultur-sanat-sen-yoneticisi-seref-eker-vefat-etti","title":{"rendered":"K\u00fclt\u00fcr Sanat Sen y\u00f6neticisi \u015eeref EKER vefat etti"},"content":{"rendered":"<p style=\"text-align: justify;\"><img loading=\"lazy\" decoding=\"async\" class=\"alignleft\" src=\"http:\/\/www.kutuphaneci.org.tr\/sites\/default\/files\/haber\/seref_eker.jpg\" alt=\"\" width=\"185\" height=\"144\" \/>K\u00fclt\u00fcr Sanat ve Turizm Emek\u00e7ileri Sendikas\u0131 (K\u00fclt\u00fcr Sanat Sen) y\u00f6neticisi ve k\u00fct\u00fcphanecilerin teknik kadro s\u00fcrecinde \u00e7ok eme\u011fi ge\u00e7en meslekta\u015f\u0131m\u0131z <strong>\u015eeref EKER<\/strong>, yakaland\u0131\u011f\u0131 amans\u0131z hastal\u0131ktan kurtulamayarak vefat etmi\u015ftir.<\/p>\n<p style=\"text-align: justify;\">Kaynak: http:\/\/www.kutuphaneci.org.tr\/<\/p>\n","protected":false},"excerpt":{"rendered":"<p>K\u00fclt\u00fcr Sanat ve Turizm Emek\u00e7ileri Sendikas\u0131 (K\u00fclt\u00fcr Sanat Sen) y\u00f6neticisi ve k\u00fct\u00fcphanecilerin teknik kadro s\u00fcrecinde \u00e7ok eme\u011fi ge\u00e7en meslekta\u015f\u0131m\u0131z \u015eeref EKER, yakaland\u0131\u011f\u0131 amans\u0131z hastal\u0131ktan kurtulamayarak vefat etmi\u015ftir. Kaynak: http:\/\/www.kutuphaneci.org.tr\/<\/p>\n","protected":false},"author":1,"featured_media":0,"comment_status":"open","ping_status":"open","sticky":false,"template":"","format":"standard","meta":{"footnotes":""},"categories":[1],"tags":[824],"class_list":["post-13758","post","type-post","status-publish","format-standard","hentry","category-genel","tag-vefat-eden-meslektaslarimiz"],"_links":{"self":[{"href":"https:\/\/www.bbyhaber.com\/bby\/wp-json\/wp\/v2\/posts\/13758"}],"collection":[{"href":"https:\/\/www.bbyhaber.com\/bby\/wp-json\/wp\/v2\/posts"}],"about":[{"href":"https:\/\/www.bbyhaber.com\/bby\/wp-json\/wp\/v2\/types\/post"}],"author":[{"embeddable":true,"href":"https:\/\/www.bbyhaber.com\/bby\/wp-json\/wp\/v2\/users\/1"}],"replies":[{"embeddable":true,"href":"https:\/\/www.bbyhaber.com\/bby\/wp-json\/wp\/v2\/comments?post=13758"}],"version-history":[{"count":0,"href":"https:\/\/www.bbyhaber.com\/bby\/wp-json\/wp\/v2\/posts\/13758\/revisions"}],"wp:attachment":[{"href":"https:\/\/www.bbyhaber.com\/bby\/wp-json\/wp\/v2\/media?parent=13758"}],"wp:term":[{"taxonomy":"category","embeddable":true,"href":"https:\/\/www.bbyhaber.com\/bby\/wp-json\/wp\/v2\/categories?post=13758"},{"taxonomy":"post_tag","embeddable":true,"href":"https:\/\/www.bbyhaber.com\/bby\/wp-json\/wp\/v2\/tags?post=13758"}],"curies":[{"name":"wp","href":"https:\/\/api.w.org\/{rel}","templated":true}]}}