{"id":1374,"date":"2010-01-12T19:55:06","date_gmt":"2010-01-12T19:55:06","guid":{"rendered":"http:\/\/www.bbyhaber.com\/bby\/?p=1374"},"modified":"2011-11-19T19:55:50","modified_gmt":"2011-11-19T19:55:50","slug":"osmanlinin-ilk-matbaayi-kurdugu-yalovada-kagit-muzesi-acilacak","status":"publish","type":"post","link":"https:\/\/www.bbyhaber.com\/bby\/2010\/01\/12\/osmanlinin-ilk-matbaayi-kurdugu-yalovada-kagit-muzesi-acilacak","title":{"rendered":"Osmanl\u0131&#8217;n\u0131n \u0130lk Matbaay\u0131 Kurdu\u011fu Yalova&#8217;da, Ka\u011f\u0131t M\u00fczesi A\u00e7\u0131lacak"},"content":{"rendered":"<p style=\"text-align: justify;\">Yalova Belediye Ba\u015fkan\u0131 Yakup B. Ko\u00e7al, Yalova \u00dcniversitesi Rekt\u00f6r Yard\u0131mc\u0131s\u0131 Prof. Dr. Filiz Karaosmano\u011flu ile Yerel G\u00fcndem 21 Genel Sekreteri Hasan Soyg\u00fczel&#8217;in kendisini ziyaret ederek, k\u00e2\u011f\u0131t m\u00fczesi hakk\u0131nda g\u00f6r\u00fc\u015f al\u0131\u015fveri\u015finde bulunduklar\u0131n\u0131 s\u00f6yledi.<\/p>\n<p>Ba\u015fkan Ko\u00e7al, Rekt\u00f6r Yard\u0131mc\u0131s\u0131 Karaosmano\u011flu&#8217;nun k\u00e2\u011f\u0131t m\u00fczesi i\u00e7in ellerinden gelen her t\u00fcrl\u00fc deste\u011fe haz\u0131r olduklar\u0131n\u0131, d\u00fcnyadaki k\u00e2\u011f\u0131t m\u00fczeleri hakk\u0131nda bilgi verdiklerini ve \u00fcniversite b\u00fcnyesinde k\u00e2\u011f\u0131t m\u00fchendisli\u011fi b\u00f6l\u00fcm\u00fc a\u00e7acaklar\u0131n\u0131 s\u00f6ylediklerini aktard\u0131.<\/p>\n<p>Ko\u00e7al, Yalova&#8217;da \u0130brahim M\u00fcteferrika K\u00e2\u011f\u0131t M\u00fczesi&#8217;ni kurmak i\u00e7in ba\u015flat\u0131lan \u00e7al\u0131\u015fmalara, \u00fcniversitenin de destek vermesinden b\u00fcy\u00fck memnuniyet duyduklar\u0131n\u0131 dile getirdi.<\/p>\n<p>Ko\u00e7al, &#8220;Osmanl\u0131&#8217;da ilk matbaa, 1724 y\u0131l\u0131nda Yalova&#8217;da kurulmu\u015ftur. \u0130brahim M\u00fcteferrika taraf\u0131ndan kurulan matbaa ile k\u00e2\u011f\u0131t \u00fcretimi de Yalova&#8217;da yap\u0131lmaya ba\u015flanm\u0131\u015ft\u0131r. Bu \u00f6nemli tarihi olay\u0131n ger\u00e7ekle\u015ftirildi\u011fi Yalova&#8217;da, \u0130brahim M\u00fcteferrika ad\u0131 alt\u0131nda bir k\u00e2\u011f\u0131t m\u00fczesi a\u00e7ma amac\u0131nday\u0131z. Bu konuda verilecek her t\u00fcrl\u00fc deste\u011fe ihtiya\u00e7 duyulmaktad\u0131r. Yalova \u00dcniversitesi&#8217;nin k\u00e2\u011f\u0131t m\u00fchendisli\u011fi b\u00f6l\u00fcm\u00fc a\u00e7mas\u0131 ve destek s\u00f6zleri bizleri memnun etmi\u015ftir.&#8221; dedi.<\/p>\n<p>Kaynak: http:\/\/www.haberajans.com<\/p>\n","protected":false},"excerpt":{"rendered":"<p>Yalova Belediye Ba\u015fkan\u0131 Yakup B. Ko\u00e7al, Yalova \u00dcniversitesi Rekt\u00f6r Yard\u0131mc\u0131s\u0131 Prof. Dr. Filiz Karaosmano\u011flu ile Yerel G\u00fcndem 21 Genel Sekreteri Hasan Soyg\u00fczel&#8217;in kendisini ziyaret ederek, k\u00e2\u011f\u0131t m\u00fczesi hakk\u0131nda g\u00f6r\u00fc\u015f al\u0131\u015fveri\u015finde bulunduklar\u0131n\u0131 s\u00f6yledi. Ba\u015fkan Ko\u00e7al, Rekt\u00f6r Yard\u0131mc\u0131s\u0131 Karaosmano\u011flu&#8217;nun k\u00e2\u011f\u0131t m\u00fczesi i\u00e7in ellerinden gelen her t\u00fcrl\u00fc deste\u011fe haz\u0131r olduklar\u0131n\u0131, d\u00fcnyadaki k\u00e2\u011f\u0131t m\u00fczeleri hakk\u0131nda bilgi verdiklerini ve \u00fcniversite [&hellip;]<\/p>\n","protected":false},"author":1,"featured_media":0,"comment_status":"open","ping_status":"open","sticky":false,"template":"","format":"standard","meta":{"footnotes":""},"categories":[1],"tags":[180,179],"class_list":["post-1374","post","type-post","status-publish","format-standard","hentry","category-genel","tag-ibrahim-muteferrika","tag-kagit-muzesi"],"_links":{"self":[{"href":"https:\/\/www.bbyhaber.com\/bby\/wp-json\/wp\/v2\/posts\/1374"}],"collection":[{"href":"https:\/\/www.bbyhaber.com\/bby\/wp-json\/wp\/v2\/posts"}],"about":[{"href":"https:\/\/www.bbyhaber.com\/bby\/wp-json\/wp\/v2\/types\/post"}],"author":[{"embeddable":true,"href":"https:\/\/www.bbyhaber.com\/bby\/wp-json\/wp\/v2\/users\/1"}],"replies":[{"embeddable":true,"href":"https:\/\/www.bbyhaber.com\/bby\/wp-json\/wp\/v2\/comments?post=1374"}],"version-history":[{"count":0,"href":"https:\/\/www.bbyhaber.com\/bby\/wp-json\/wp\/v2\/posts\/1374\/revisions"}],"wp:attachment":[{"href":"https:\/\/www.bbyhaber.com\/bby\/wp-json\/wp\/v2\/media?parent=1374"}],"wp:term":[{"taxonomy":"category","embeddable":true,"href":"https:\/\/www.bbyhaber.com\/bby\/wp-json\/wp\/v2\/categories?post=1374"},{"taxonomy":"post_tag","embeddable":true,"href":"https:\/\/www.bbyhaber.com\/bby\/wp-json\/wp\/v2\/tags?post=1374"}],"curies":[{"name":"wp","href":"https:\/\/api.w.org\/{rel}","templated":true}]}}