{"id":13734,"date":"2014-05-09T10:55:37","date_gmt":"2014-05-09T07:55:37","guid":{"rendered":"http:\/\/www.bbyhaber.com\/bby\/?p=13734"},"modified":"2018-01-22T11:04:20","modified_gmt":"2018-01-22T08:04:20","slug":"kultur-bakanligi-tusak-kanun-tasarisi-taslagi","status":"publish","type":"post","link":"https:\/\/www.bbyhaber.com\/bby\/2014\/05\/09\/kultur-bakanligi-tusak-kanun-tasarisi-taslagi","title":{"rendered":"K\u00fclt\u00fcr Bakanl\u0131\u011f\u0131 T\u00dcSAK Kanun Tasar\u0131s\u0131 Tasla\u011f\u0131"},"content":{"rendered":"<p style=\"text-align: justify;\"><img loading=\"lazy\" decoding=\"async\" class=\"alignleft\" src=\"http:\/\/www.bbyhaber.com\/bby\/wp-content\/uploads\/2013\/09\/bbyozluk.jpg\" alt=\"\" width=\"217\" height=\"82\" \/><strong>Sanat kurumlar\u0131n\u0131 \u00f6zelle\u015ftirmeyi ve h\u00fck\u00fcmete ba\u011flamay\u0131 ama\u00e7layan<\/strong> T\u00dcSAK Kanun Tasar\u0131s\u0131 Tasla\u011f\u0131 ve genel gerek\u00e7esi 08 May\u0131s 2014 tarihinde K\u00fclt\u00fcr ve Turizm Bakanl\u0131\u011f\u0131\u2019n\u0131n ilgili sayfas\u0131nda g\u00fcncellenmi\u015ftir.<\/p>\n<p style=\"text-align: justify;\">T\u00fcrkiye sanat kurumu kurulmas\u0131 ile baz\u0131 kanun ve kanun h\u00fckm\u00fcnde kararnamelerde de\u011fi\u015fiklik yap\u0131lmas\u0131na dair kanun tasar\u0131s\u0131 tasla\u011f\u0131n\u0131n a\u015fa\u011f\u0131daki ilgili b\u00f6l\u00fcmleri bizleri olumlu y\u00f6nde etkileyecektir:<!--more--><\/p>\n<p style=\"text-align: justify;\"><strong>BE\u015e\u0130NC\u0130 B\u00d6L\u00dcM<\/strong><br \/>\n\u00c7e\u015fitli H\u00fck\u00fcmler<br \/>\nDe\u011fi\u015ftirilen ve Y\u00fcr\u00fcrl\u00fckten Kald\u0131r\u0131lan H\u00fck\u00fcmler<\/p>\n<p style=\"text-align: justify;\"><strong>MADDE 14 \u2013<\/strong><br \/>\n4) 14\/7\/1965 tarihli ve 657 say\u0131l\u0131 Devlet Memurlar\u0131 Kanununun;<\/p>\n<p style=\"text-align: justify;\">1) 36 nc\u0131 maddesinin \u201cOrtak H\u00fck\u00fcmler\u201d ba\u015fl\u0131kl\u0131 b\u00f6l\u00fcm\u00fcn\u00fcn (A) f\u0131kras\u0131n\u0131n (11) numaral\u0131 bendine \u201cK\u00fclt\u00fcr ve Turizm Uzman Yard\u0131mc\u0131lar\u0131,\u201d ibaresinden sonra gelmek \u00fczere \u201cSanat Kurumu Uzman Yard\u0131mc\u0131lar\u0131,\u201d ibaresi ile \u201cK\u00fclt\u00fcr ve Turizm Uzmanl\u0131\u011f\u0131na,\u201d ibaresinden sonra gelmek \u00fczere \u201cSanat Kurumu Uzmanl\u0131\u011f\u0131na,\u201d ibaresi; ayn\u0131 maddenin &#8220;<strong>II- Teknik Hizmetler S\u0131n\u0131f\u0131<\/strong>&#8221; bendine &#8220;<span style=\"text-decoration: underline;\"><strong>mimar&#8221; ibaresinden sonra gelmek \u00fczere<\/strong><\/span> &#8220;a<span style=\"text-decoration: underline;\">rkeolog, m\u00fcze ara\u015ft\u0131rmac\u0131s\u0131, <span style=\"color: #ff0000; text-decoration: underline;\"><strong>k\u00fct\u00fcphaneci<\/strong><\/span>, folklor ara\u015ft\u0131rmac\u0131s\u0131, <span style=\"color: #ff0000; text-decoration: underline;\"><strong>ar\u015fivci<\/strong><\/span>, kitap patalo\u011fu, sosyolog,&#8221; ibareleri,<\/span><\/p>\n<p style=\"text-align: justify;\">2) 152 nci maddesinin \u201cII\u2013 Tazminatlar\u201d k\u0131sm\u0131n\u0131n \u201cA\u2013 \u00d6zel Hizmet Tazminat\u0131\u201d b\u00f6l\u00fcm\u00fcn\u00fcn (\u011f) bendine \u201cSa\u011fl\u0131k Uzmanlar\u0131,\u201d ibaresinden sonra gelmek \u00fczere \u201cSanat Kurumu Uzmanlar\u0131,\u201d ibaresi,<\/p>\n<p style=\"text-align: justify;\">3) Eki (I) say\u0131l\u0131 Ek G\u00f6sterge Cetvelinin \u201cI- Genel \u0130dare Hizmetleri S\u0131n\u0131f\u0131\u201d b\u00f6l\u00fcm\u00fcn\u00fcn; (d) bendine \u201cGenel M\u00fcd\u00fcrler,\u201d ibaresinden sonra gelmek \u00fczere \u201cT\u00fcrkiye Sanat Kurumu Genel Sekreteri,\u201d ibaresi, ayn\u0131 b\u00f6l\u00fcm\u00fcn (f) bendine \u201cGAP \u0130daresi Ba\u015fkan Yard\u0131mc\u0131s\u0131,\u201d ibaresinden sonra gelmek \u00fczere \u201cT\u00fcrkiye Sanat Kurumu Genel Sekreter Yard\u0131mc\u0131s\u0131,\u201d ibaresi ile ayn\u0131 b\u00f6l\u00fcm\u00fcn (g) bendine \u201cK\u00fclt\u00fcr ve Turizm Uzmanlar\u0131,\u201d ibaresinden sonra gelmek \u00fczere \u201cSanat Kurumu Uzmanlar\u0131,\u201d ibaresi; ayn\u0131 cetvelin &#8220;I<strong>I- Teknik Hizmetler S\u0131n\u0131f\u0131<\/strong>&#8221; ba\u015fl\u0131kl\u0131 b\u00f6l\u00fcm\u00fcn\u00fcn <strong><span style=\"text-decoration: underline;\">(a) bendine &#8220;mimar&#8221; ibaresinden sonra gelmek \u00fczere<\/span><\/strong> &#8220;<span style=\"text-decoration: underline;\">arkeolog, m\u00fcze ara\u015ft\u0131rmac\u0131s\u0131, <span style=\"color: #ff0000; text-decoration: underline;\"><strong>k\u00fct\u00fcphaneci,<\/strong><\/span> folklor ara\u015ft\u0131rmac\u0131s\u0131, <strong><span style=\"color: #ff0000; text-decoration: underline;\">ar\u015fivci<\/span><\/strong>, kitap patalo\u011fu, sosyolog<\/span>&#8221; ibareleri eklenmi\u015ftir.<\/p>\n<p style=\"text-align: justify;\"><span style=\"color: #0000ff;\"><a href=\"http:\/\/www.bbyhaber.com\/bby\/\/wp-content\/uploads\/dosyalar\/ths\/kultur-bakanligi-tusak-tasarisi-taslagi.pdf\" target=\"_blank\" rel=\"noopener\"><span style=\"color: #0000ff;\">Kanun Tasar\u0131s\u0131 Tasla\u011f\u0131n\u0131 okumak i\u00e7in l\u00fctfen t\u0131klay\u0131n\u0131z <\/span><\/a><\/span><\/p>\n<p style=\"text-align: justify;\">Kaynak: http:\/\/www.kultur.gov.tr\/TR,93716\/tusak-kanun-tasarisi-taslagi.html<\/p>\n","protected":false},"excerpt":{"rendered":"<p>Sanat kurumlar\u0131n\u0131 \u00f6zelle\u015ftirmeyi ve h\u00fck\u00fcmete ba\u011flamay\u0131 ama\u00e7layan T\u00dcSAK Kanun Tasar\u0131s\u0131 Tasla\u011f\u0131 ve genel gerek\u00e7esi 08 May\u0131s 2014 tarihinde K\u00fclt\u00fcr ve Turizm Bakanl\u0131\u011f\u0131\u2019n\u0131n ilgili sayfas\u0131nda g\u00fcncellenmi\u015ftir. T\u00fcrkiye sanat kurumu kurulmas\u0131 ile baz\u0131 kanun ve kanun h\u00fckm\u00fcnde kararnamelerde de\u011fi\u015fiklik yap\u0131lmas\u0131na dair kanun tasar\u0131s\u0131 tasla\u011f\u0131n\u0131n a\u015fa\u011f\u0131daki ilgili b\u00f6l\u00fcmleri bizleri olumlu y\u00f6nde etkileyecektir:<\/p>\n","protected":false},"author":1,"featured_media":0,"comment_status":"open","ping_status":"open","sticky":false,"template":"","format":"standard","meta":{"footnotes":""},"categories":[1],"tags":[1398,535],"class_list":["post-13734","post","type-post","status-publish","format-standard","hentry","category-genel","tag-bby-ozluk-haklari","tag-tusak"],"_links":{"self":[{"href":"https:\/\/www.bbyhaber.com\/bby\/wp-json\/wp\/v2\/posts\/13734"}],"collection":[{"href":"https:\/\/www.bbyhaber.com\/bby\/wp-json\/wp\/v2\/posts"}],"about":[{"href":"https:\/\/www.bbyhaber.com\/bby\/wp-json\/wp\/v2\/types\/post"}],"author":[{"embeddable":true,"href":"https:\/\/www.bbyhaber.com\/bby\/wp-json\/wp\/v2\/users\/1"}],"replies":[{"embeddable":true,"href":"https:\/\/www.bbyhaber.com\/bby\/wp-json\/wp\/v2\/comments?post=13734"}],"version-history":[{"count":1,"href":"https:\/\/www.bbyhaber.com\/bby\/wp-json\/wp\/v2\/posts\/13734\/revisions"}],"predecessor-version":[{"id":23448,"href":"https:\/\/www.bbyhaber.com\/bby\/wp-json\/wp\/v2\/posts\/13734\/revisions\/23448"}],"wp:attachment":[{"href":"https:\/\/www.bbyhaber.com\/bby\/wp-json\/wp\/v2\/media?parent=13734"}],"wp:term":[{"taxonomy":"category","embeddable":true,"href":"https:\/\/www.bbyhaber.com\/bby\/wp-json\/wp\/v2\/categories?post=13734"},{"taxonomy":"post_tag","embeddable":true,"href":"https:\/\/www.bbyhaber.com\/bby\/wp-json\/wp\/v2\/tags?post=13734"}],"curies":[{"name":"wp","href":"https:\/\/api.w.org\/{rel}","templated":true}]}}