{"id":1372,"date":"2010-01-13T19:53:42","date_gmt":"2010-01-13T19:53:42","guid":{"rendered":"http:\/\/www.bbyhaber.com\/bby\/?p=1372"},"modified":"2012-06-07T19:08:13","modified_gmt":"2012-06-07T19:08:13","slug":"bir-kitap-da-senden-olsun-kampanyasi","status":"publish","type":"post","link":"https:\/\/www.bbyhaber.com\/bby\/2010\/01\/13\/bir-kitap-da-senden-olsun-kampanyasi","title":{"rendered":"Bir kitap da senden olsun kampanyas\u0131"},"content":{"rendered":"<p style=\"text-align: justify;\">Van&#8217;\u0131n Geva\u015f il\u00e7esinde yay\u0131n hayat\u0131n\u0131 s\u00fcrd\u00fcren bir yerel gazete taraf\u0131ndan ba\u015flat\u0131lan &#8216;Bir kitap da senden olsun&#8217; kampanyas\u0131 \u00e7er\u00e7evesinde toplanan kitaplar Osmangazi \u0130lk\u00f6\u011fretim Okulu&#8217;na ba\u011f\u0131\u015fland\u0131. Geva\u015f Okuyor&#8217; kampanyas\u0131na destek olmak amac\u0131yla Geva\u015f Sesi Gazetesi taraf\u0131ndan ba\u015flat\u0131lan kitap kampanyas\u0131 yakla\u015f\u0131k 500 kitap topland\u0131. \u0130l\u00e7e Kaymakam\u0131 Tahsin Aksu&#8217;nun da kat\u0131l\u0131m\u0131yla toplanan kitaplar, t\u00f6renle Osmangazi \u0130lk\u00f6\u011fretim Okulu&#8217;na ba\u011f\u0131\u015fland\u0131.<!--more--><\/p>\n<p style=\"text-align: justify;\">T\u00f6rende bir konu\u015fma yapan Kaymakam Aksu, yap\u0131lan kampanyadan dolay\u0131 son derece mutlu oldu\u011funu belirtti. Aksu, &#8220;Geva\u015f Sesi Gazetesi taraf\u0131ndan ba\u015flat\u0131lan kampanya kapsam\u0131nda toplanan kitaplar Osmangazi \u0130lk\u00f6\u011fretim Okulu k\u00fct\u00fcphanesine ba\u011f\u0131\u015flad\u0131. Geva\u015f Sesi Gazetesi il\u00e7enin tan\u0131t\u0131m\u0131na b\u00fcy\u00fck katk\u0131 sa\u011flam\u0131\u015f. Desteklerinden dolay\u0131 Geva\u015f Sesi Gazetesi yetkililerine te\u015fekk\u00fcr ederiz&#8221; dedi.<\/p>\n<p style=\"text-align: justify;\">Geva\u015f Sesi Gazetesi Yaz\u0131 \u0130\u015fleri M\u00fcd\u00fcr\u00fc Sabahattin \u0130diz ise, il\u00e7ede son y\u0131llarda g\u00fczel geli\u015fmelerin ya\u015fand\u0131\u011f\u0131n\u0131 belirterek, &#8220;\u00d6zellikle e\u011fitim alan\u0131nda \u00e7ok ba\u015far\u0131l\u0131 \u00e7al\u0131\u015fmalar var. Biz de gazete olarak buna seyirci kalmak istemedik. E\u011fitime katk\u0131m\u0131z olsun diye &#8216;Bir kitap da senden olsun&#8217; ad\u0131 alt\u0131nda bir kampanya ba\u015flatt\u0131k. \u0130l\u00e7emizin yan\u0131 s\u0131ra Van ve di\u011fer illerdeki dostlar\u0131m\u0131za ula\u015ft\u0131k. B\u00f6yle hassas bir konuya onlarda katk\u0131 sa\u011flamak istediklerini ve bizlere \u00e7e\u015fitli kitaplar g\u00f6nderdiler. Hepsine ayr\u0131 ayr\u0131 te\u015fekk\u00fcr ederiz. Toplanan yakla\u015f\u0131k 500 kitab\u0131 ihtiyac\u0131 olan Osmangazi \u0130lk\u00f6\u011fretim Okulu&#8217;na teslim ettik&#8221; \u015feklinde konu\u015ftu.<\/p>\n<p style=\"text-align: justify;\">Kampanyan\u0131n devam edece\u011fini ve il\u00e7enin yarar\u0131na yap\u0131lan her hizmette ellerini ta\u015f\u0131n alt\u0131na koymaya haz\u0131r olduklar\u0131n\u0131 ifade eden \u0130diz, &#8220;Bize ula\u015fan kitaplar\u0131 teslim etmekten son derece mutluyuz. Kampanyam\u0131z ilk meyvesini verdi. Bundan sonra da bo\u015f durmayaca\u011f\u0131z. Bir yandan kitap kampanyas\u0131 devam ederken, di\u011fer yandan da il\u00e7emize katk\u0131 sa\u011flamak i\u00e7in de\u011fi\u015fik sosyal projeler ba\u015flataca\u011f\u0131z&#8221; diye konu\u015ftu.<\/p>\n<p style=\"text-align: justify;\">Kaynak: http:\/\/www.vanhavadis.com\/<\/p>\n","protected":false},"excerpt":{"rendered":"<p>Van&#8217;\u0131n Geva\u015f il\u00e7esinde yay\u0131n hayat\u0131n\u0131 s\u00fcrd\u00fcren bir yerel gazete taraf\u0131ndan ba\u015flat\u0131lan &#8216;Bir kitap da senden olsun&#8217; kampanyas\u0131 \u00e7er\u00e7evesinde toplanan kitaplar Osmangazi \u0130lk\u00f6\u011fretim Okulu&#8217;na ba\u011f\u0131\u015fland\u0131. Geva\u015f Okuyor&#8217; kampanyas\u0131na destek olmak amac\u0131yla Geva\u015f Sesi Gazetesi taraf\u0131ndan ba\u015flat\u0131lan kitap kampanyas\u0131 yakla\u015f\u0131k 500 kitap topland\u0131. \u0130l\u00e7e Kaymakam\u0131 Tahsin Aksu&#8217;nun da kat\u0131l\u0131m\u0131yla toplanan kitaplar, t\u00f6renle Osmangazi \u0130lk\u00f6\u011fretim Okulu&#8217;na ba\u011f\u0131\u015fland\u0131.<\/p>\n","protected":false},"author":1,"featured_media":0,"comment_status":"open","ping_status":"open","sticky":false,"template":"","format":"standard","meta":{"footnotes":""},"categories":[1,1492,1494,1497],"tags":[],"class_list":["post-1372","post","type-post","status-publish","format-standard","hentry","category-genel","category-kitap-destek","category-kitap-kampanyasi","category-kitap-toplama"],"_links":{"self":[{"href":"https:\/\/www.bbyhaber.com\/bby\/wp-json\/wp\/v2\/posts\/1372"}],"collection":[{"href":"https:\/\/www.bbyhaber.com\/bby\/wp-json\/wp\/v2\/posts"}],"about":[{"href":"https:\/\/www.bbyhaber.com\/bby\/wp-json\/wp\/v2\/types\/post"}],"author":[{"embeddable":true,"href":"https:\/\/www.bbyhaber.com\/bby\/wp-json\/wp\/v2\/users\/1"}],"replies":[{"embeddable":true,"href":"https:\/\/www.bbyhaber.com\/bby\/wp-json\/wp\/v2\/comments?post=1372"}],"version-history":[{"count":0,"href":"https:\/\/www.bbyhaber.com\/bby\/wp-json\/wp\/v2\/posts\/1372\/revisions"}],"wp:attachment":[{"href":"https:\/\/www.bbyhaber.com\/bby\/wp-json\/wp\/v2\/media?parent=1372"}],"wp:term":[{"taxonomy":"category","embeddable":true,"href":"https:\/\/www.bbyhaber.com\/bby\/wp-json\/wp\/v2\/categories?post=1372"},{"taxonomy":"post_tag","embeddable":true,"href":"https:\/\/www.bbyhaber.com\/bby\/wp-json\/wp\/v2\/tags?post=1372"}],"curies":[{"name":"wp","href":"https:\/\/api.w.org\/{rel}","templated":true}]}}