{"id":13707,"date":"2014-05-04T01:08:43","date_gmt":"2014-05-03T22:08:43","guid":{"rendered":"http:\/\/www.bbyhaber.com\/bby\/?p=13707"},"modified":"2018-08-13T16:14:42","modified_gmt":"2018-08-13T13:14:42","slug":"m-u-bby-bolumu-kariyer-gunu-etkinligi-06-07-mayis-2014","status":"publish","type":"post","link":"https:\/\/www.bbyhaber.com\/bby\/2014\/05\/04\/m-u-bby-bolumu-kariyer-gunu-etkinligi-06-07-mayis-2014","title":{"rendered":"M.\u00dc. BBY B\u00f6l\u00fcm\u00fc Kariyer G\u00fcn\u00fc Etkinli\u011fi-06-07 May\u0131s 2014"},"content":{"rendered":"<p style=\"text-align: justify;\">Marmara \u00dcniversitesi Bilgi Y\u00f6netimi Kul\u00fcb\u00fc (Information Management Club-IMC) &#8220;IMC ile 5. KAR\u0130YER G\u00dcNLER\u0130&#8221; etkinli\u011fi <span style=\"color: #0000ff;\"><strong>06-07 May\u0131s 2014<\/strong><\/span> tarihinde <strong>Marmara \u00dcniversitesi G\u00f6ztepe Yerle\u015fkesi Teknoloji Fak\u00fcltesi<\/strong>&#8216;nde ger\u00e7ekle\u015ftirilecektir.<!--more--><\/p>\n<p><strong>Kariyer G\u00fcnleri\u2019nin Hedefleri:<\/strong><\/p>\n<p style=\"text-align: justify;\">-Kurumlara kendilerini ve sekt\u00f6rlerini tan\u0131tma olana\u011f\u0131 sunmak<\/p>\n<p style=\"text-align: justify;\">&#8211; Gelecekte kurulu\u015flar\u0131n \u00e7e\u015fitli birimlerine kat\u0131lacak mezun adaylar\u0131m\u0131z\u0131n hedeflerini belirlemede katk\u0131da bulunmak,<\/p>\n<p style=\"text-align: justify;\">&#8211; \u00d6\u011frencilerimize staj imkanlar\u0131 sunmak,<\/p>\n<p style=\"text-align: justify;\">&#8211; \u00d6\u011frencilerin firmalarla daha yak\u0131n ileti\u015fimde olmas\u0131n\u0131 sa\u011flamak<\/p>\n<p style=\"text-align: justify;\">&#8211; Mezun ve mezun olacak \u00f6\u011frencilerimize i\u015f g\u00f6r\u00fc\u015fmesi olanaklar\u0131 sa\u011flamak,<\/p>\n<p style=\"text-align: justify;\">&#8211; \u00d6\u011frencilerimizin mesleki bilgi ve becerilerini artt\u0131r\u0131c\u0131 oturumlar\u0131n olmas\u0131yla beraber meslekte daha \u00fcst d\u00fczeyde bilgi ve tecr\u00fcbeye sahip olmalar\u0131n\u0131 sa\u011flamak,<\/p>\n<p style=\"text-align: justify;\">&#8211; Mezuniyet sonras\u0131 i\u015f olanaklar\u0131 ve \u00e7al\u0131\u015fma politikalar\u0131 hakk\u0131nda \u00f6\u011frencilerin bilgi edinmelerini sa\u011flamak<\/p>\n<p><strong>IMC ile 5.Kariyer G\u00fcnleri Etkinli\u011finin 1.G\u00fcn (6 May\u0131s Sal\u0131 G\u00fcn\u00fc) Program Ak\u0131\u015f\u0131 \u015eu \u015eekildedir.<\/strong><\/p>\n<p>09:30 &#8211; 10:00 Kay\u0131t<\/p>\n<p>10:00 &#8211; 12:00 Fatih Portakal &#8211; Veyis Ate\u015f\u00a0&#8211; Devran Volkan Alkan<\/p>\n<div>\n<p>12:00 &#8211; 13:00 \u00d6\u011fle Aras\u0131<\/p>\n<p>13:00 &#8211; 13:45 Nuh \u00c7imento Sanayi Grubu \u0130nsan Kaynaklar\u0131 M\u00fcd\u00fcr\u00fc<\/p>\n<p>13:45 &#8211; 14:00 Ara<\/p>\n<p>14:00 &#8211; 14:45 Lidyaworld Kurucu Orta\u011f\u0131 &#8211; Halil G\u00f6rkem<\/p>\n<p>14:45 &#8211; 15:00 Ara<\/p>\n<p>15:00 &#8211; 15:45 Oyuncu &#8211; Yazar &#8211; \u00d6zg\u00fcr \u00d6zg\u00fclg\u00fcn<\/p>\n<p>15:45 &#8211; 16:00 Ara<\/p>\n<p>16:00 &#8211; 16:45 Deneteam E\u011fitim Koordinat\u00f6r\u00fc &#8211; Hayati Oktay<\/p>\n<p><strong>Kariyer G\u00fcnleri kapsam\u0131nda 7 May\u0131s \u00c7ar\u015famba G\u00fcn\u00fc Program Ak\u0131\u015f\u0131 ise \u015eu \u015eekildedir.<\/strong><\/p>\n<p>09:30 &#8211; 10:00 Kay\u0131t<br \/>\n10:00 &#8211; 10:45 M\u00fcge Ayma &#8211; MSA K\u00fct\u00fcphane &#8211; M\u00fcze Sorumlusu<br \/>\n10:45 &#8211; 11:00 Ara<br \/>\n11:00 &#8211; 12:00 G\u00fcl\u00e7in Poyraz &#8211; Aras Kargo \u0130nsan Kaynaklar\u0131 Y\u00f6neticisi<\/p>\n<div>\n<p>12:00 &#8211; 13:00 \u00d6\u011fle Aras\u0131<\/p>\n<p>13:00 &#8211; 13:45 Cem Turan &#8211; Logisturk Labs Genel M\u00fcd\u00fcr\u00fc<br \/>\n13:45 &#8211; 14:00 Ara<br \/>\n14:00 &#8211; 14:45 Dr. \u00d6nder Bay\u0131r &#8211; Osmanl\u0131 Ar\u015fivi Daire Ba\u015fkan\u0131<br \/>\n14:45 &#8211; 15:00 Ara<br \/>\n15:00 &#8211; 15:45 Mustafa \u015eahin &#8211; \u00d6zg\u00fc Akademi Kurucu M\u00fcd\u00fcr\u00fc<br \/>\n15:45 &#8211; 16:30 Fatih Karayi\u011fit &#8211; \u00d6zg\u00fc Akademi Uzman Personeli<\/p>\n<\/div>\n<\/div>\n","protected":false},"excerpt":{"rendered":"<p>Marmara \u00dcniversitesi Bilgi Y\u00f6netimi Kul\u00fcb\u00fc (Information Management Club-IMC) &#8220;IMC ile 5. KAR\u0130YER G\u00dcNLER\u0130&#8221; etkinli\u011fi 06-07 May\u0131s 2014 tarihinde Marmara \u00dcniversitesi G\u00f6ztepe Yerle\u015fkesi Teknoloji Fak\u00fcltesi&#8216;nde ger\u00e7ekle\u015ftirilecektir.<\/p>\n","protected":false},"author":1,"featured_media":0,"comment_status":"open","ping_status":"open","sticky":false,"template":"","format":"standard","meta":{"footnotes":""},"categories":[1588],"tags":[1462],"class_list":["post-13707","post","type-post","status-publish","format-standard","hentry","category-marmara-universitesi-bby-bolumu-bilgi-yonetimi-kulubu","tag-marmara-bby"],"_links":{"self":[{"href":"https:\/\/www.bbyhaber.com\/bby\/wp-json\/wp\/v2\/posts\/13707"}],"collection":[{"href":"https:\/\/www.bbyhaber.com\/bby\/wp-json\/wp\/v2\/posts"}],"about":[{"href":"https:\/\/www.bbyhaber.com\/bby\/wp-json\/wp\/v2\/types\/post"}],"author":[{"embeddable":true,"href":"https:\/\/www.bbyhaber.com\/bby\/wp-json\/wp\/v2\/users\/1"}],"replies":[{"embeddable":true,"href":"https:\/\/www.bbyhaber.com\/bby\/wp-json\/wp\/v2\/comments?post=13707"}],"version-history":[{"count":1,"href":"https:\/\/www.bbyhaber.com\/bby\/wp-json\/wp\/v2\/posts\/13707\/revisions"}],"predecessor-version":[{"id":24923,"href":"https:\/\/www.bbyhaber.com\/bby\/wp-json\/wp\/v2\/posts\/13707\/revisions\/24923"}],"wp:attachment":[{"href":"https:\/\/www.bbyhaber.com\/bby\/wp-json\/wp\/v2\/media?parent=13707"}],"wp:term":[{"taxonomy":"category","embeddable":true,"href":"https:\/\/www.bbyhaber.com\/bby\/wp-json\/wp\/v2\/categories?post=13707"},{"taxonomy":"post_tag","embeddable":true,"href":"https:\/\/www.bbyhaber.com\/bby\/wp-json\/wp\/v2\/tags?post=13707"}],"curies":[{"name":"wp","href":"https:\/\/api.w.org\/{rel}","templated":true}]}}