{"id":13702,"date":"2014-05-03T15:05:41","date_gmt":"2014-05-03T12:05:41","guid":{"rendered":"http:\/\/www.bbyhaber.com\/bby\/?p=13702"},"modified":"2018-08-13T16:11:42","modified_gmt":"2018-08-13T13:11:42","slug":"h-u-bby-bolumu-kariyer-gunu-etkinligi-09-mayis-2014","status":"publish","type":"post","link":"https:\/\/www.bbyhaber.com\/bby\/2014\/05\/03\/h-u-bby-bolumu-kariyer-gunu-etkinligi-09-mayis-2014","title":{"rendered":"H.\u00dc. BBY B\u00f6l\u00fcm\u00fc Kariyer G\u00fcn\u00fc Etkinli\u011fi-09 May\u0131s 2014"},"content":{"rendered":"<p style=\"text-align: justify;\">Hacettepe \u00dcniversitesi Bilgi ve Belge Y\u00f6netimi B\u00f6l\u00fcm\u00fc 9 May\u0131s 2014 Cuma g\u00fcn\u00fc <a href=\"http:\/\/www.sbt.hacettepe.edu.tr\/index.php?pid=1521&amp;lang=tr\" target=\"_blank\">Beytepe Yerle\u015fkesi Mehmet Akif Ersoy Salonu<\/a>nda \u201cKariyer G\u00fcn\u00fc\u201d etkinli\u011fi d\u00fczenleyecektir. Bu y\u0131l d\u00f6rd\u00fcnc\u00fcs\u00fc d\u00fczenlenecek olan etkinlikte, Bilgi ve Belge Y\u00f6netimi alan\u0131nda kariyer planlamas\u0131 ile ilgili bilgiler, farkl\u0131 sekt\u00f6rlerde \u00e7al\u0131\u015fan alan\u0131nda uzman konu\u015fmac\u0131lar yer alacakt\u0131r.<!--more--><\/p>\n<p style=\"text-align: justify;\">A\u00e7\u0131\u015f konferans\u0131, Turgut \u00d6zal \u00dcniversitesi \u00f6\u011fretim \u00fcyesi Do\u00e7. Dr. Ramazan Ta\u015f\u2019\u0131n \u201c\u0130novatif Giri\u015fimci Liderlik\u201d ba\u015fl\u0131kl\u0131 sunu\u015fuyla ger\u00e7ekle\u015ftirilecek olan etkinli\u011fin program detay\u0131 a\u015fa\u011f\u0131dad\u0131r.<\/p>\n<p style=\"text-align: justify;\"><strong><span style=\"color: #0000ff;\">\u00a0<a href=\"https:\/\/drive.google.com\/file\/d\/0B3F0RKX3wgrfaDdTdjVFdkpCTHc\/edit?usp=sharing\" target=\"_blank\"><span style=\"color: #0000ff;\">Kariyer G\u00fcn\u00fc program\u0131<\/span><\/a>:<\/span><\/strong><\/p>\n<p style=\"text-align: justify;\">09.00-09.30: A\u00e7\u0131l\u0131\u015f<\/p>\n<p style=\"text-align: justify;\">Prof Dr. Serap Kurbano\u011flu (H. \u00dc. Bilgi ve Belge Y\u00f6netimi B\u00f6l\u00fcm Ba\u015fkan\u0131)<\/p>\n<p style=\"text-align: justify;\">09.30-10.15:<\/p>\n<p style=\"text-align: justify;\">\u00a0A\u00e7\u0131\u015f Konferans\u0131 &#8220;\u0130novatif Giri\u015fimci Liderlik&#8221; Do\u00e7. Dr. Ramazan Ta\u015f (Turgut \u00d6zal \u00dcniversitesi)<\/p>\n<p style=\"text-align: justify;\">10.15-10.30: Ara<\/p>\n<p style=\"text-align: justify;\">10.30-12.00: Panel: \u00d6\u011frenci G\u00f6z\u00fcyle Bilgi ve Belge Y\u00f6netimi B\u00f6l\u00fcm\u00fc&#8221;<\/p>\n<p>Yelda G\u00fcneyo\u011flu (BBY lisans \u00d6\u011frencisi)<br \/>\nYe\u015fim Akba\u015f (BBY lisans \u00d6\u011frencisi)<br \/>\nTolga \u00c7akmak (BBY Doktora \u00d6\u011frencisi)<br \/>\nT\u00fcrkay Henko\u011flu (BBY Doktora \u00d6\u011frencisi)<\/p>\n<p style=\"text-align: justify;\">12.00-13.30: \u00d6\u011fle Aras\u0131<\/p>\n<p style=\"text-align: justify;\">13:30-14:45: Panel: &#8220;Bilgibilim Alan\u0131nda Hizmet Veren Kurumlar Mezunlardan Ne Bekliyor?&#8221;<\/p>\n<p style=\"text-align: justify;\">Asuman G\u00f6k (Bornova il\u00e7e Halk K\u00fct\u00fcphanesi)<br \/>\nNermin G\u00fcl (Bo\u015fkent \u00dcniversftesi K\u00fct\u00fcphanesi)<br \/>\nSerap \u00d6zyurt (I\u015f\u0131k Okullar\u0131 K\u00fct\u00fcphanesi)<br \/>\nSerkan Mente\u015f (Devlet Ar\u015fivleri Genel M\u00fcd\u00fcrl\u00fc\u011f\u00fc)<\/p>\n<p style=\"text-align: justify;\">14:45-15:00: Ara<\/p>\n<p style=\"text-align: justify;\">15:00-16:45: Seminer (Mindshouse) &#8220;Gelecek Nas\u0131l Gelecek?&#8221;<\/p>\n<p style=\"text-align: justify;\">Suna Ku\u015fadal\u0131, &#8220;\u0130\u015f Hayat\u0131ndaki Beklentiler&#8221;<br \/>\nOsman Da\u011fgezen, &#8220;Proje Y\u00f6netimi ve i\u015f Hayat\u0131ndaki \u00d6nemi&#8221;<br \/>\n\u00d6m\u00fcr \u00d6zta\u015f, &#8220;Ki\u015fisel Hedefler ve Gelecek Planlama&#8221;<\/p>\n<p style=\"text-align: justify;\">16:45-17:15: Kapan\u0131\u015f<\/p>\n","protected":false},"excerpt":{"rendered":"<p>Hacettepe \u00dcniversitesi Bilgi ve Belge Y\u00f6netimi B\u00f6l\u00fcm\u00fc 9 May\u0131s 2014 Cuma g\u00fcn\u00fc Beytepe Yerle\u015fkesi Mehmet Akif Ersoy Salonunda \u201cKariyer G\u00fcn\u00fc\u201d etkinli\u011fi d\u00fczenleyecektir. Bu y\u0131l d\u00f6rd\u00fcnc\u00fcs\u00fc d\u00fczenlenecek olan etkinlikte, Bilgi ve Belge Y\u00f6netimi alan\u0131nda kariyer planlamas\u0131 ile ilgili bilgiler, farkl\u0131 sekt\u00f6rlerde \u00e7al\u0131\u015fan alan\u0131nda uzman konu\u015fmac\u0131lar yer alacakt\u0131r.<\/p>\n","protected":false},"author":1,"featured_media":0,"comment_status":"open","ping_status":"open","sticky":false,"template":"","format":"standard","meta":{"footnotes":""},"categories":[1488,1490],"tags":[],"class_list":["post-13702","post","type-post","status-publish","format-standard","hentry","category-hacettepe-bby","category-hacettepe-universitesi-bilgi-ve-belge-yonetimi-bolumu"],"_links":{"self":[{"href":"https:\/\/www.bbyhaber.com\/bby\/wp-json\/wp\/v2\/posts\/13702"}],"collection":[{"href":"https:\/\/www.bbyhaber.com\/bby\/wp-json\/wp\/v2\/posts"}],"about":[{"href":"https:\/\/www.bbyhaber.com\/bby\/wp-json\/wp\/v2\/types\/post"}],"author":[{"embeddable":true,"href":"https:\/\/www.bbyhaber.com\/bby\/wp-json\/wp\/v2\/users\/1"}],"replies":[{"embeddable":true,"href":"https:\/\/www.bbyhaber.com\/bby\/wp-json\/wp\/v2\/comments?post=13702"}],"version-history":[{"count":1,"href":"https:\/\/www.bbyhaber.com\/bby\/wp-json\/wp\/v2\/posts\/13702\/revisions"}],"predecessor-version":[{"id":24912,"href":"https:\/\/www.bbyhaber.com\/bby\/wp-json\/wp\/v2\/posts\/13702\/revisions\/24912"}],"wp:attachment":[{"href":"https:\/\/www.bbyhaber.com\/bby\/wp-json\/wp\/v2\/media?parent=13702"}],"wp:term":[{"taxonomy":"category","embeddable":true,"href":"https:\/\/www.bbyhaber.com\/bby\/wp-json\/wp\/v2\/categories?post=13702"},{"taxonomy":"post_tag","embeddable":true,"href":"https:\/\/www.bbyhaber.com\/bby\/wp-json\/wp\/v2\/tags?post=13702"}],"curies":[{"name":"wp","href":"https:\/\/api.w.org\/{rel}","templated":true}]}}