{"id":13678,"date":"2014-05-02T15:56:42","date_gmt":"2014-05-02T12:56:42","guid":{"rendered":"http:\/\/www.bbyhaber.com\/bby\/?p=13678"},"modified":"2014-05-02T16:13:57","modified_gmt":"2014-05-02T13:13:57","slug":"kutuphan-e-turkiye-projesi-beysehir-halk-kutuphanesi","status":"publish","type":"post","link":"https:\/\/www.bbyhaber.com\/bby\/2014\/05\/02\/kutuphan-e-turkiye-projesi-beysehir-halk-kutuphanesi","title":{"rendered":"K\u00fct\u00fcphan-e T\u00fcrkiye projesi-Bey\u015fehir Halk K\u00fct\u00fcphanesi"},"content":{"rendered":"<p style=\"text-align: justify;\"><a href=\"http:\/\/imgyurt.mynet.com\/yurthaber3\/2014\/week-18\/konya\/kutuphane-personeline-kutuphan-e-turkiye-projesi-semineri-7w6_galeri.jpg\"><img loading=\"lazy\" decoding=\"async\" class=\"alignleft\" src=\"http:\/\/imgyurt.mynet.com\/yurthaber3\/2014\/week-18\/konya\/kutuphane-personeline-kutuphan-e-turkiye-projesi-semineri-7w6_galeri.jpg\" alt=\"\" width=\"239\" height=\"150\" \/><\/a>Konya Bey\u015fehir Halk K\u00fct\u00fcphanesi&#8217;nde g\u00f6revli personele, &#8220;<strong>K\u00fct\u00fcphan-e T\u00fcrkiye<\/strong>&#8221; Projesi hakk\u0131nda e\u011fitim semineri verildi. Bey\u015fehir Halk K\u00fct\u00fcphanesi Salonu&#8217;nda ger\u00e7ekle\u015ftirilen seminere, Hacettepe \u00dcniversitesi \u00d6\u011fretim \u00dcyesi ve K\u00fct\u00fcphan-e T\u00fcrkiye Projesi Direkt\u00f6r\u00fc <strong>Prof. Dr. Mehmet Emin K\u00fc\u00e7\u00fck<\/strong>, Hacettepe \u00dcniversitesi \u00d6\u011fretim \u00dcyesi <strong>Prof. Dr. Ahmet \u00c7elik<\/strong>, Konya \u0130l Halk K\u00fct\u00fcphanesi M\u00fcd\u00fcr\u00fc Hasan Co\u015far, Bey\u015fehir Halk K\u00fct\u00fcphanesi M\u00fcd\u00fcr\u00fc Kemal Ye\u015filyurt ve k\u00fct\u00fcphane personeli kat\u0131ld\u0131.<!--more--><\/p>\n<p style=\"text-align: justify;\">Seminerde, Cumhurba\u015fkanl\u0131\u011f\u0131 himayesinde, Hacettepe Teknokent-Teknoloji Transfer Merkezi, K\u00fclt\u00fcr ve Turizm Bakanl\u0131\u011f\u0131 K\u00fct\u00fcphaneler ve Yay\u0131mlar Genel M\u00fcd\u00fcrl\u00fc\u011f\u00fc i\u015fbirli\u011fi ile haz\u0131rlan\u0131n K\u00fct\u00fcphan-e T\u00fcrkiye Projesi&#8217;nin Bill ve Melinda Gates Vakf\u0131 taraf\u0131ndan fonlanarak destek g\u00f6rd\u00fc\u011f\u00fc belirtildi.<\/p>\n<p style=\"text-align: justify;\">Seminerde, &#8220;K\u00fcresel K\u00fct\u00fcphaneler Giri\u015fi nedir?, ABD&#8217;de halk k\u00fct\u00fcphanelerinin geli\u015fimi, k\u00fct\u00fcphan-e T\u00fcrkiye Projesi, proje ortaklar\u0131 ve nihai etki hedefleri&#8221; ile ilgili sunumlar yap\u0131ld\u0131.<\/p>\n<p style=\"text-align: justify;\">28 ay s\u00fcrecek ara\u015ft\u0131rma projesinin ayn\u0131 zamanda bir inovasyon projesi oldu\u011funu ve bu s\u00fcre sonunda T\u00fcrkiye i\u00e7in bir model ve \u00fclke plan\u0131 haz\u0131rlanaca\u011f\u0131n\u0131 belirten Hacettepe \u00dcniversitesi \u00d6\u011fretim \u00dcyesi Prof.Dr. Ahmet \u00c7elik, \u015funlar\u0131 kaydetti:<\/p>\n<p style=\"text-align: justify;\">&#8220;T\u00fcrkiye&#8217;de bu i\u015f nas\u0131l olacak, onu vermeye \u00e7al\u0131\u015faca\u011f\u0131z. 5 y\u0131ll\u0131k bir yol haritas\u0131n\u0131 \u00e7izece\u011fiz. Bu zaman zarf\u0131nda amac\u0131m\u0131z; \u00e7ok k\u0131saca hasta, ya\u015fl\u0131, fakir, e\u011fitim d\u00fczeyi d\u00fc\u015f\u00fck, k\u0131rsal kesimde oturan ev han\u0131m\u0131 gibi dezavantajl\u0131 kesimlerin adaletsiz bir durumla kar\u015f\u0131la\u015fmamalar\u0131 i\u00e7in, g\u00fczel hizmetlerden yararlanmalar\u0131 i\u00e7in bir yol bulmaya \u00e7al\u0131\u015fmakt\u0131r. Bunun yolu da k\u00fct\u00fcphanelerden ge\u00e7mektedir. Di\u011fer \u00fclkelerdeki \u00f6rnekler bize bunu g\u00f6seriyor. ABD&#8217;de de Avrupa&#8217;da da b\u00f6yle. Halk k\u00fct\u00fcphaneleri bu hizmet i\u00e7in en uygun kurulu\u015ftur.&#8221;<\/p>\n<p style=\"text-align: justify;\">Kaynak: http:\/\/yurthaber.mynet.com\/<\/p>\n<p style=\"text-align: justify;\"><a href=\"http:\/\/imgyurt.mynet.com\/yurthaber3\/2014\/week-18\/konya\/kutuphane-personeline-kutuphan-e-turkiye-projesi-semineri-vji_galeri.jpg\"><img loading=\"lazy\" decoding=\"async\" class=\"alignnone\" src=\"http:\/\/imgyurt.mynet.com\/yurthaber3\/2014\/week-18\/konya\/kutuphane-personeline-kutuphan-e-turkiye-projesi-semineri-vji_galeri.jpg\" alt=\"\" width=\"227\" height=\"150\" \/><\/a><\/p>\n","protected":false},"excerpt":{"rendered":"<p>Konya Bey\u015fehir Halk K\u00fct\u00fcphanesi&#8217;nde g\u00f6revli personele, &#8220;K\u00fct\u00fcphan-e T\u00fcrkiye&#8221; Projesi hakk\u0131nda e\u011fitim semineri verildi. Bey\u015fehir Halk K\u00fct\u00fcphanesi Salonu&#8217;nda ger\u00e7ekle\u015ftirilen seminere, Hacettepe \u00dcniversitesi \u00d6\u011fretim \u00dcyesi ve K\u00fct\u00fcphan-e T\u00fcrkiye Projesi Direkt\u00f6r\u00fc Prof. Dr. Mehmet Emin K\u00fc\u00e7\u00fck, Hacettepe \u00dcniversitesi \u00d6\u011fretim \u00dcyesi Prof. Dr. Ahmet \u00c7elik, Konya \u0130l Halk K\u00fct\u00fcphanesi M\u00fcd\u00fcr\u00fc Hasan Co\u015far, Bey\u015fehir Halk K\u00fct\u00fcphanesi M\u00fcd\u00fcr\u00fc Kemal Ye\u015filyurt ve [&hellip;]<\/p>\n","protected":false},"author":1,"featured_media":0,"comment_status":"open","ping_status":"open","sticky":false,"template":"","format":"standard","meta":{"footnotes":""},"categories":[1,1586],"tags":[848],"class_list":["post-13678","post","type-post","status-publish","format-standard","hentry","category-genel","category-kutuphan-e-turkiye","tag-halk-kutuphaneleri"],"_links":{"self":[{"href":"https:\/\/www.bbyhaber.com\/bby\/wp-json\/wp\/v2\/posts\/13678"}],"collection":[{"href":"https:\/\/www.bbyhaber.com\/bby\/wp-json\/wp\/v2\/posts"}],"about":[{"href":"https:\/\/www.bbyhaber.com\/bby\/wp-json\/wp\/v2\/types\/post"}],"author":[{"embeddable":true,"href":"https:\/\/www.bbyhaber.com\/bby\/wp-json\/wp\/v2\/users\/1"}],"replies":[{"embeddable":true,"href":"https:\/\/www.bbyhaber.com\/bby\/wp-json\/wp\/v2\/comments?post=13678"}],"version-history":[{"count":0,"href":"https:\/\/www.bbyhaber.com\/bby\/wp-json\/wp\/v2\/posts\/13678\/revisions"}],"wp:attachment":[{"href":"https:\/\/www.bbyhaber.com\/bby\/wp-json\/wp\/v2\/media?parent=13678"}],"wp:term":[{"taxonomy":"category","embeddable":true,"href":"https:\/\/www.bbyhaber.com\/bby\/wp-json\/wp\/v2\/categories?post=13678"},{"taxonomy":"post_tag","embeddable":true,"href":"https:\/\/www.bbyhaber.com\/bby\/wp-json\/wp\/v2\/tags?post=13678"}],"curies":[{"name":"wp","href":"https:\/\/api.w.org\/{rel}","templated":true}]}}