{"id":13671,"date":"2014-05-02T09:37:58","date_gmt":"2014-05-02T06:37:58","guid":{"rendered":"http:\/\/www.bbyhaber.com\/bby\/?p=13671"},"modified":"2014-05-02T09:43:06","modified_gmt":"2014-05-02T06:43:06","slug":"50-yillik-kutuphaneci-ahmet-gurleki-kaybettik","status":"publish","type":"post","link":"https:\/\/www.bbyhaber.com\/bby\/2014\/05\/02\/50-yillik-kutuphaneci-ahmet-gurleki-kaybettik","title":{"rendered":"50 y\u0131ll\u0131k k\u00fct\u00fcphaneci Ahmet G\u00fcrlek&#8217;i kaybettik"},"content":{"rendered":"<p style=\"text-align: justify;\"><img loading=\"lazy\" decoding=\"async\" class=\"alignleft\" src=\"http:\/\/i.tmgrup.com.tr\/ya\/2014\/05\/02\/276x325\/660408191809.jpg\" alt=\"\" width=\"276\" height=\"243\" \/>\u0130zmir&#8217;de k\u00fct\u00fcphanecili\u011fin geli\u015fmesine \u00f6nemli katk\u0131 sa\u011flayan, hayat\u0131n\u0131n 50 y\u0131l\u0131n\u0131 kitaplara ve k\u00fct\u00fcphanecili\u011fe adayan \u0130zmir Milli K\u00fct\u00fcphane M\u00fcd\u00fcr\u00fc Ahmet G\u00fcrlek, girdi\u011fi kalp ameliyat\u0131n\u0131n ard\u0131ndan 68 ya\u015f\u0131nda hayat\u0131n\u0131 kaybetti. Son 10 y\u0131ld\u0131r Konak&#8217;taki Milli K\u00fct\u00fcphane M\u00fcd\u00fcrl\u00fc\u011f\u00fc g\u00f6revini y\u00fcr\u00fcten G\u00fcrlek, \u00f6nceki g\u00fcn bir \u00f6zel hastanede by-pass ameliyat\u0131na al\u0131nd\u0131. 17 y\u0131l \u00f6nce ge\u00e7irdi\u011fi by-pass operasyonunun ard\u0131ndan kalp damarlar\u0131 yeniden t\u0131kan\u0131nca bir kez daha ameliyat karar\u0131 al\u0131nan G\u00fcrlek, ameliyat s\u0131ras\u0131nda geli\u015fen kanama nedeniyle ya\u015fam\u0131n\u0131 yitirdi. <!--more-->G\u00fcrlek&#8217;in \u00f6l\u00fcm\u00fc kitapseverleri ve ailesini yasa bo\u011fdu. Milli K\u00fct\u00fcphane Vak\u0131f Ba\u015fkan\u0131 Ulvi Pu\u011f, G\u00fcrlek&#8217;in \u0130zmir&#8217;in k\u00fclt\u00fcr ve k\u00fct\u00fcphane hayat\u0131na b\u00fcy\u00fck katk\u0131larda bulundu\u011funu belirterek, &#8220;\u00d6l\u00fcm\u00fc bizi ve sevenlerini son derece \u00fczd\u00fc. Kendisi ayn\u0131 zamanda bir yazard\u0131. Yeni bir kitap yazma haz\u0131rl\u0131\u011f\u0131ndayd\u0131. Milli K\u00fct\u00fcphane ya\u015fad\u0131k\u00e7a onun ismi de ya\u015fayacak&#8221; dedi.<\/p>\n<p style=\"text-align: justify;\"><strong>&#8220;Yapaca\u011f\u0131 \u00e7ok i\u015fler vard\u0131&#8221;<\/strong><br \/>\nE\u015finin \u00f6l\u00fcm\u00fcnden b\u00fcy\u00fck \u00fcz\u00fcnt\u00fc duyduklar\u0131n\u0131 anlatan e\u015fi Nurten G\u00fcrlek, &#8220;E\u015fim ikinci defa girdi\u011fi kalp ameliyat\u0131ndan \u00e7\u0131kamad\u0131. Onu \u00e7ok erken kaybettik. Yapaca\u011f\u0131 \u00e7ok i\u015fler vard\u0131&#8221; diye konu\u015ftu. G\u00fcrlek, bug\u00fcn \u0130lahiyat Fak\u00fcltesi i\u00e7erisindeki camide k\u0131l\u0131nacak \u00f6\u011fle namaz\u0131na m\u00fcteakip k\u0131l\u0131nacak cenaze namaz\u0131n\u0131n ard\u0131ndan son yolculu\u011funa u\u011furlanacak.<\/p>\n<p style=\"text-align: justify;\">Kaynak: http:\/\/www.yeniasir.com.tr\/<\/p>\n","protected":false},"excerpt":{"rendered":"<p>\u0130zmir&#8217;de k\u00fct\u00fcphanecili\u011fin geli\u015fmesine \u00f6nemli katk\u0131 sa\u011flayan, hayat\u0131n\u0131n 50 y\u0131l\u0131n\u0131 kitaplara ve k\u00fct\u00fcphanecili\u011fe adayan \u0130zmir Milli K\u00fct\u00fcphane M\u00fcd\u00fcr\u00fc Ahmet G\u00fcrlek, girdi\u011fi kalp ameliyat\u0131n\u0131n ard\u0131ndan 68 ya\u015f\u0131nda hayat\u0131n\u0131 kaybetti. Son 10 y\u0131ld\u0131r Konak&#8217;taki Milli K\u00fct\u00fcphane M\u00fcd\u00fcrl\u00fc\u011f\u00fc g\u00f6revini y\u00fcr\u00fcten G\u00fcrlek, \u00f6nceki g\u00fcn bir \u00f6zel hastanede by-pass ameliyat\u0131na al\u0131nd\u0131. 17 y\u0131l \u00f6nce ge\u00e7irdi\u011fi by-pass operasyonunun ard\u0131ndan kalp damarlar\u0131 yeniden [&hellip;]<\/p>\n","protected":false},"author":1,"featured_media":0,"comment_status":"open","ping_status":"open","sticky":false,"template":"","format":"standard","meta":{"footnotes":""},"categories":[1],"tags":[528],"class_list":["post-13671","post","type-post","status-publish","format-standard","hentry","category-genel","tag-ahmet-gurlek"],"_links":{"self":[{"href":"https:\/\/www.bbyhaber.com\/bby\/wp-json\/wp\/v2\/posts\/13671"}],"collection":[{"href":"https:\/\/www.bbyhaber.com\/bby\/wp-json\/wp\/v2\/posts"}],"about":[{"href":"https:\/\/www.bbyhaber.com\/bby\/wp-json\/wp\/v2\/types\/post"}],"author":[{"embeddable":true,"href":"https:\/\/www.bbyhaber.com\/bby\/wp-json\/wp\/v2\/users\/1"}],"replies":[{"embeddable":true,"href":"https:\/\/www.bbyhaber.com\/bby\/wp-json\/wp\/v2\/comments?post=13671"}],"version-history":[{"count":0,"href":"https:\/\/www.bbyhaber.com\/bby\/wp-json\/wp\/v2\/posts\/13671\/revisions"}],"wp:attachment":[{"href":"https:\/\/www.bbyhaber.com\/bby\/wp-json\/wp\/v2\/media?parent=13671"}],"wp:term":[{"taxonomy":"category","embeddable":true,"href":"https:\/\/www.bbyhaber.com\/bby\/wp-json\/wp\/v2\/categories?post=13671"},{"taxonomy":"post_tag","embeddable":true,"href":"https:\/\/www.bbyhaber.com\/bby\/wp-json\/wp\/v2\/tags?post=13671"}],"curies":[{"name":"wp","href":"https:\/\/api.w.org\/{rel}","templated":true}]}}