{"id":13661,"date":"2014-04-30T16:12:09","date_gmt":"2014-04-30T13:12:09","guid":{"rendered":"http:\/\/www.bbyhaber.com\/bby\/?p=13661"},"modified":"2014-04-30T16:36:24","modified_gmt":"2014-04-30T13:36:24","slug":"1-mayis-ve-sonraki-sureclerde-kutuphanecilerin-talepleri-tkd-ozluk-haklari-calisma-grubu","status":"publish","type":"post","link":"https:\/\/www.bbyhaber.com\/bby\/2014\/04\/30\/1-mayis-ve-sonraki-sureclerde-kutuphanecilerin-talepleri-tkd-ozluk-haklari-calisma-grubu","title":{"rendered":"1 May\u0131s ve sonraki s\u00fcre\u00e7lerde K\u00fct\u00fcphanecilerin talepleri-TKD \u00d6zl\u00fck Haklar\u0131 \u00c7al\u0131\u015fma Grubu"},"content":{"rendered":"<p style=\"text-align: justify;\"><img loading=\"lazy\" decoding=\"async\" class=\"alignleft\" src=\"http:\/\/www.bbyhaber.com\/bby\/wp-content\/uploads\/2013\/09\/bbyozluk.jpg\" alt=\"\" width=\"208\" height=\"91\" \/>21. y\u00fczy\u0131l k\u00fct\u00fcphanecili\u011fi son h\u0131z\u0131yla tart\u0131\u015f\u0131l\u0131rken, bilgiler bulutlara s\u0131\u011fd\u0131r\u0131l\u0131rken, g\u00fczel \u00fclkemizde k\u00fct\u00fcphanelerde bilgi profosyonelleri\/k\u00fct\u00fcphanecilerin \u00e7al\u0131\u015fma olanaklar\u0131 \u00e7ok s\u0131n\u0131rl\u0131 kal\u0131yor. <strong>K\u00fct\u00fcphanecisiz k\u00fct\u00fcphaneler \u00e7a\u011f\u0131nday\u0131z<\/strong>. K\u00fct\u00fcphaneci \u00e7al\u0131\u015ft\u0131r\u0131lan kurumlarda <strong>k\u00fct\u00fcphanecilerin \u00f6zl\u00fck haklar\u0131 kamu kurumlar\u0131 haricinde nederedeyse yok denecek kadar az, yetersiz<\/strong>. Vak\u0131f \u00dcniversitelerinde, Vak\u0131f Okullar\u0131nde, \u00d6zel E\u011fitim Kurumlar\u0131nda ve Yerel Y\u00f6netim k\u00fct\u00fcphanelerinde a\u00e7l\u0131k ve yoksulluk s\u0131n\u0131r\u0131na yak\u0131n \u00fccretlerde \u00e7al\u0131\u015ft\u0131r\u0131lan bilgi profosyonelleri\/k\u00fct\u00fcphaneciler \u00f6zl\u00fck haklar\u0131ndan yoksun, <strong>sendikas\u0131z, \u00f6rg\u00fcts\u00fcz, g\u00fcvencesiz \u00e7al\u0131\u015fmakta<\/strong>. \u0130\u015fveren taraf\u0131ndan diledi\u011fi zamanlarda ba\u015fka i\u015flerde r\u0131zas\u0131 olmadan i\u015f kayg\u0131s\u0131\/i\u015fsizlik korkusuyla \u00e7al\u0131\u015ft\u0131r\u0131lmakta, Mobbinge u\u011framaktad\u0131r.<!--more--><\/p>\n<div style=\"text-align: justify;\">\n<p>E\u015fit i\u015fe e\u015fit \u00fccret verilmedi\u011finden kaynakl\u0131, ayn\u0131 kurumda farkl\u0131 \u00f6zl\u00fck haklar\u0131 ve \u00e7al\u0131\u015fma kadrolar\u0131ndan dolay\u0131 &#8220;i\u015f bar\u0131\u015f\u0131&#8221;n\u0131n bozuldu\u011fu \u00e7al\u0131\u015fanlar aras\u0131nda kadrolu ve ta\u015feron, k\u00fct\u00fcphaneci ve memur ayr\u0131m\u0131n\u0131n \u00e7ok\u00e7a yap\u0131ld\u0131\u011f\u0131 adaletsiz bir \u00e7al\u0131\u015fma ya\u015fam\u0131 s\u00fcrmektedir.<\/p>\n<p>\u0130stihdam politikalar\u0131, mevcut \u00e7al\u0131\u015fma ya\u015fam\u0131 mezun olacak gen\u00e7 meslekta\u015flar\u0131m\u0131zda i\u015fsizlik kayg\u0131s\u0131, e\u011fitimdeki adaletsizlikler, e\u015fitsizlikler kayg\u0131 d\u00fczeyini y\u00fckseltmekte.<\/p>\n<p>G\u00fcndem 1 May\u0131s, d\u00fcnyada ve T\u00fcrkiye&#8217;de emek hareketinin bu nedenli \u00e7ok konu\u015fuldu\u011fu g\u00fcnlerde emek hareketini bir \u00f6znesi olan bilgi profosyonellerinin, k\u00fct\u00fcphanecilerin, ar\u015fivcilerin eme\u011finin s\u00f6m\u00fcr\u00fclmedi\u011fi ya\u015fanabilir, insanca \u00fccret alaca\u011f\u0131, \u00f6zl\u00fck haklar\u0131 ve \u00e7al\u0131\u015fma saatlerinin uluslararas\u0131 standartlara g\u00f6re d\u00fczenlendi\u011fi ve fiyatland\u0131r\u0131ld\u0131\u011f\u0131 bir T\u00fcrkiye dile\u011fi ile 1 May\u0131s, Emek, Birlik ve Dayan\u0131\u015fma g\u00fcn\u00fcm\u00fcz\u00fc kutlar, 21. y\u00fczy\u0131lda insan eme\u011finin y\u00fcceldi\u011fi bir gelecek dileriz.<\/p>\n<p>TKD \u00d6zl\u00fck Haklar\u0131 \u00c7al\u0131\u015fma Grubu; Teknik kadro i\u00e7in k\u00fct\u00fcphanecilerin m\u00fccadele s\u00fcre\u00e7lerinde, \u00f6rg\u00fctl\u00fc ya\u015fam\u0131n, emek \u00f6rg\u00fctlerinin ve derne\u011fimizin birlik ve dayan\u0131\u015fma i\u00e7inde y\u00fcr\u00fctt\u00fc\u011f\u00fc \u00e7al\u0131\u015fmalar\u0131n sonucunda kazan\u0131ld\u0131\u011f\u0131n\u0131n bilincinde olarak \u00e7al\u0131\u015fmalar\u0131m\u0131z\u0131 s\u00fcrd\u00fcrmekteyiz.<\/p>\n<p>A\u015fa\u011f\u0131daki A\u00e7l\u0131k S\u0131n\u0131r\u0131\/Yoksulluk S\u0131n\u0131r\u0131 ve Asgari \u00dccret rakamlar\u0131na bir g\u00f6zatal\u0131m hep beraber;<\/p>\n<p>-D\u00f6rt ki\u015filik bir ailenin sa\u011fl\u0131kl\u0131, dengeli ve yeterli beslenebilmesi i\u00e7in yapmas\u0131<br \/>\ngereken g\u0131da harcamas\u0131 tutar\u0131 (<strong>a\u00e7l\u0131k s\u0131n\u0131r\u0131<\/strong>)<br \/>\nT\u00fcrk \u0130\u015f: 1.167,17 TL<br \/>\nDisk: 1.212 TL<\/p>\n<p>-G\u0131da harcamas\u0131 ile birlikte giyim, konut (kira, elektrik, su, yak\u0131t), ula\u015f\u0131m, e\u011fitim,<br \/>\nsa\u011fl\u0131k ve benzeri ihtiya\u00e7lar i\u00e7in yap\u0131lmas\u0131 zorunlu di\u011fer harcamalar\u0131n toplam tutar\u0131 (<strong>yoksulluk s\u0131n\u0131r\u0131<\/strong>)<br \/>\nT\u00fcrk \u0130\u015f: 3.801,85 TL<br \/>\nDisk: 3.831 TL<\/p>\n<p>&#8211;<strong>Asgari \u00dccret:<\/strong> 1.050,61 TL<\/p>\n<p>&#8230;..<\/p>\n<p>Rakamlar ortada. K\u00fct\u00fcphanecilerin ald\u0131klar\u0131 rakamlara yak\u0131n bir Asgari \u00dccret \/Yoksulluk S\u0131n\u0131r\u0131 Politikas\u0131. Yoksulluk s\u0131n\u0131r\u0131nda yada yoksulluk s\u0131n\u0131r\u0131 alt\u0131nda ya\u015fayan k\u00fct\u00fcphaneciler.<\/p>\n<p><span style=\"color: #ff0000;\"><strong>Mesle\u011fimiz, gelece\u011fimiz, eme\u011fimiz, insanca ya\u015fam i\u00e7in; 1 May\u0131s&#8217;ta ve sonraki s\u00fcre\u00e7te taleplerimiz;<\/strong><\/span><\/p>\n<p>-Ta\u015feronla\u015ft\u0131rma k\u00f6leliktir. <strong>K\u00fct\u00fcphanelerdeki ta\u015feronla\u015ft\u0131rma polikalar\u0131na son verilsin<\/strong><br \/>\n&#8211;<strong>K\u00fct\u00fcphanelerde k\u00fct\u00fcphaneci istihdam\u0131<\/strong> ve g\u00fcvenceli istihdam politikalar\u0131 uygulans\u0131n<br \/>\n-\u0130\u015f Bar\u0131\u015f\u0131 \u0130\u00e7in; E\u015fit i\u015fe e\u015fit \u00fccret politikas\u0131<br \/>\n-\u0130nsanca ya\u015fan\u0131l\u0131r bir maa\u015f politikas\u0131<br \/>\n-K\u00fct\u00fcphanelerdeki y\u00f6netiminde S\u00f6z\/Yetkive Karar s\u00fcre\u00e7lerinde k\u00fct\u00fcphanecilerin temsili<br \/>\n-Mobbingsiz \u00e7al\u0131\u015fma ya\u015fam\u0131<br \/>\n&#8211;<strong>Memur olarak \u00e7al\u0131\u015fan k\u00fct\u00fcphanecilerin \u00fcnvan ve kadro de\u011fi\u015fikli\u011fi i\u00e7in gerekli \u00e7al\u0131\u015fmalar\u0131n yap\u0131lmas\u0131<\/strong><br \/>\n&#8211;<strong>K\u00fct\u00fcphane\/Bilgi Merkezi\/Ar\u015fiv meslek alan\u0131n\u0131 i\u00e7eren MESLEK YASASI,<\/strong><br \/>\n-Demokratik toplum yap\u0131s\u0131na uygun t\u00fcm yurtta\u015flara hizmet sunacak zenginlikte, nitelikte \u00e7o\u011fulcu halk k\u00fct\u00fcphaneleri, semt k\u00fct\u00fcphaneleri ve nitelikli k\u00fct\u00fcphane hizmetleri<br \/>\n-\u00c7ocuklar\u0131n uluslararas\u0131 s\u00f6zle\u015fmelerle garanti alt\u0131na al\u0131nan k\u00fct\u00fcphane ve bilgiye e\u015fit ve serbest eri\u015fim hakk\u0131 olan \u00e7ocuk k\u00fct\u00fcphaneleri, okul k\u00fct\u00fcphaneleri, gezici k\u00fct\u00fcphaneler<br \/>\n-Engelliler i\u00e7in engelsiz k\u00fct\u00fcphaneler\/Engelsiz bilgiye eri\u015fim merkezleri<br \/>\n-Kitaplara, yazarlara, internete, d\u00fc\u015f\u00fcnceye \u00f6zg\u00fcrl\u00fck ve sans\u00fcrs\u00fcz bir T\u00fcrkiye<br \/>\n-Serbest (\u00f6zg\u00fcr) bilgi dola\u015f\u0131m\u0131, bilgiye \u00fccretsiz ve kolay eri\u015fim, bilginin metala\u015fmas\u0131 de\u011fil toplumsalla\u015fmas\u0131<\/p>\n<p>YA\u015eASIN 1 MAYIS EMEK, B\u0130RL\u0130K VE DAYANI\u015eMA G\u00dcN\u00dc<\/p>\n<p><em>T\u00fcrk K\u00fct\u00fcpahaneciler Derne\u011fi \u00d6zl\u00fck Haklar\u0131 \u00c7al\u0131\u015fma Grubu<\/em><\/p>\n<\/div>\n","protected":false},"excerpt":{"rendered":"<p>21. y\u00fczy\u0131l k\u00fct\u00fcphanecili\u011fi son h\u0131z\u0131yla tart\u0131\u015f\u0131l\u0131rken, bilgiler bulutlara s\u0131\u011fd\u0131r\u0131l\u0131rken, g\u00fczel \u00fclkemizde k\u00fct\u00fcphanelerde bilgi profosyonelleri\/k\u00fct\u00fcphanecilerin \u00e7al\u0131\u015fma olanaklar\u0131 \u00e7ok s\u0131n\u0131rl\u0131 kal\u0131yor. K\u00fct\u00fcphanecisiz k\u00fct\u00fcphaneler \u00e7a\u011f\u0131nday\u0131z. K\u00fct\u00fcphaneci \u00e7al\u0131\u015ft\u0131r\u0131lan kurumlarda k\u00fct\u00fcphanecilerin \u00f6zl\u00fck haklar\u0131 kamu kurumlar\u0131 haricinde nederedeyse yok denecek kadar az, yetersiz. Vak\u0131f \u00dcniversitelerinde, Vak\u0131f Okullar\u0131nde, \u00d6zel E\u011fitim Kurumlar\u0131nda ve Yerel Y\u00f6netim k\u00fct\u00fcphanelerinde a\u00e7l\u0131k ve yoksulluk s\u0131n\u0131r\u0131na yak\u0131n \u00fccretlerde \u00e7al\u0131\u015ft\u0131r\u0131lan [&hellip;]<\/p>\n","protected":false},"author":1,"featured_media":0,"comment_status":"open","ping_status":"open","sticky":false,"template":"","format":"standard","meta":{"footnotes":""},"categories":[1],"tags":[1398],"class_list":["post-13661","post","type-post","status-publish","format-standard","hentry","category-genel","tag-bby-ozluk-haklari"],"_links":{"self":[{"href":"https:\/\/www.bbyhaber.com\/bby\/wp-json\/wp\/v2\/posts\/13661"}],"collection":[{"href":"https:\/\/www.bbyhaber.com\/bby\/wp-json\/wp\/v2\/posts"}],"about":[{"href":"https:\/\/www.bbyhaber.com\/bby\/wp-json\/wp\/v2\/types\/post"}],"author":[{"embeddable":true,"href":"https:\/\/www.bbyhaber.com\/bby\/wp-json\/wp\/v2\/users\/1"}],"replies":[{"embeddable":true,"href":"https:\/\/www.bbyhaber.com\/bby\/wp-json\/wp\/v2\/comments?post=13661"}],"version-history":[{"count":0,"href":"https:\/\/www.bbyhaber.com\/bby\/wp-json\/wp\/v2\/posts\/13661\/revisions"}],"wp:attachment":[{"href":"https:\/\/www.bbyhaber.com\/bby\/wp-json\/wp\/v2\/media?parent=13661"}],"wp:term":[{"taxonomy":"category","embeddable":true,"href":"https:\/\/www.bbyhaber.com\/bby\/wp-json\/wp\/v2\/categories?post=13661"},{"taxonomy":"post_tag","embeddable":true,"href":"https:\/\/www.bbyhaber.com\/bby\/wp-json\/wp\/v2\/tags?post=13661"}],"curies":[{"name":"wp","href":"https:\/\/api.w.org\/{rel}","templated":true}]}}