{"id":1366,"date":"2010-01-14T19:50:35","date_gmt":"2010-01-14T19:50:35","guid":{"rendered":"http:\/\/www.bbyhaber.com\/bby\/?p=1366"},"modified":"2012-09-07T17:57:47","modified_gmt":"2012-09-07T14:57:47","slug":"erciste-gonulden-gonule-egitim-projesi","status":"publish","type":"post","link":"https:\/\/www.bbyhaber.com\/bby\/2010\/01\/14\/erciste-gonulden-gonule-egitim-projesi","title":{"rendered":"Erci\u015f&#8217;te G\u00f6n\u00fclden G\u00f6n\u00fcle E\u011fitim Projesi"},"content":{"rendered":"<p style=\"text-align: justify;\">Van&#8217;\u0131n Erci\u015f il\u00e7esinde devam eden G\u00f6n\u00fclden G\u00f6n\u00fcle E\u011fitim Projesi kapsam\u0131nda Erci\u015f \u00d6zel Ya\u015fam T\u0131p Merkezi taraf\u0131ndan Atat\u00fcrk \u0130lk\u00f6\u011fretim Okulu&#8217;na k\u00fct\u00fcphane a\u00e7\u0131ld\u0131. K\u00fct\u00fcphane a\u00e7\u0131lmas\u0131 nedeniyle okulda bir t\u00f6ren d\u00fczenlendi. T\u00f6rene Erci\u015f \u0130l\u00e7e Kaymakam\u0131 Ferhat Kurto\u011flu, \u0130l\u00e7e Milli E\u011fitim M\u00fcd\u00fcr\u00fc Celalettin Bilik, \u015eube M\u00fcd\u00fcr\u00fc Kurbani \u00d6zda\u015f, Erci\u015f \u00d6zel Ya\u015fam T\u0131p Merkezi y\u00f6neticileri, okulun \u00f6\u011fretmen ve \u00f6\u011frencileri kat\u0131ld\u0131. <!--more--><\/p>\n<p style=\"text-align: justify;\">Okul M\u00fcd\u00fcr\u00fc \u015eerafettin \u00c7iftciler&#8217;in a\u00e7\u0131l\u0131\u015f konu\u015fmas\u0131n\u0131n ard\u0131ndan s\u00f6z alan Erci\u015f Kaymakam\u0131 Ferhat Kurto\u011flu, projenin her ge\u00e7en g\u00fcn amac\u0131na ula\u015fmas\u0131n\u0131n kendisini son derece mutlu etti\u011fini s\u00f6yledi. Karde\u015f kurum, karde\u015f okul kampanyas\u0131 kapsam\u0131nda Erci\u015f \u00d6zel Ya\u015fam T\u0131p Merkezi y\u00f6neticilerinin Atat\u00fcrk \u0130lk\u00f6\u011fretim Okulu&#8217;nun b\u00fcy\u00fck bir eksi\u011fini giderdi\u011fini de anlatan Kurto\u011flu, &#8220;G\u00f6n\u00fclden G\u00f6n\u00fcle E\u011fitim Projesi il\u00e7emizde b\u00fcy\u00fck bir co\u015fkuyla devam etmektedir. Erci\u015fliler e\u011fitime ciddi anlamda b\u00fcy\u00fck destek olmaktad\u0131rlar. Projemizin as\u0131l ama\u00e7lar\u0131ndan bir tanesi de budur. Bu deste\u011fi hem g\u00f6r\u00fcn\u00fcr hale getirebilmek, hem de g\u00f6n\u00fclden g\u00f6n\u00fcle bir k\u00f6pr\u00fc olu\u015fturarak dayan\u0131\u015fmay\u0131, birlikteli\u011fi, beraberli\u011fi sa\u011flayabilmektir. Gelece\u011fimiz olan \u00e7ocuklar\u0131m\u0131z\u0131 daha refah, m\u00fcreffeh ve ayd\u0131nl\u0131k bir T\u00fcrkiye i\u00e7in daha iyi yeti\u015ftirebilmektir. Projenin il\u00e7emizde amac\u0131na ula\u015ft\u0131\u011f\u0131n\u0131n somut \u00f6rneklerlerinden birisini de bug\u00fcn \u00d6zel Ya\u015fam T\u0131p Merkezi yetkileri sergilemektedir. Kendilerine te\u015fekk\u00fcr ediyorum&#8221; dedi.<\/p>\n<p style=\"text-align: justify;\">Erci\u015f \u00d6zel Ya\u015fam T\u0131p Merkezi ad\u0131na konu\u015fan Ba\u015fhekim Dr. Murat M\u0131h\u00e7\u0131o\u011flu ise e\u011fitimin toplumu belirleyen ve gelece\u011fi ilgilendiren bir s\u00fcre\u00e7 oldu\u011funu belirterek, &#8220;\u00d6zel Ya\u015fam T\u0131p Merkezi olarak bu s\u00fcrecin i\u00e7ersinde olman\u0131n mutlu\u011funu ya\u015f\u0131yoruz. Okul y\u00f6neticileri ile birlikte ortak bir eylem plan\u0131 haz\u0131rlad\u0131k. Bu plan\u0131m\u0131z\u0131 y\u0131l i\u00e7ersinde tek tek hayata ge\u00e7irece\u011fiz \u0130l\u00e7emizde e\u011fitim \u00e7\u0131tas\u0131n\u0131 y\u00fckseltece\u011fimiz i\u00e7in ayr\u0131ca \u00e7ok keyifliyim. Bu program\u0131 hayata ge\u00e7iren yetkililerimize, amirlerimize can\u0131 y\u00fcrekten te\u015fekk\u00fcr ediyorum. Onlar \u00fcretsinler, biz pe\u015flerindeyiz&#8221; \u015feklinde konu\u015ftu.<\/p>\n<p style=\"text-align: justify;\">Konu\u015fmalar\u0131n ard\u0131ndan, Atat\u00fcrk \u0130lk\u00f6\u011fretim Okulu ad\u0131na \u00d6zel Ya\u015fam T\u0131p Merkezi Ba\u015fhekimi Dr. Murat M\u0131h\u00e7\u0131o\u011flu&#8217;na bir plaket sunuldu. Ayr\u0131ca, \u00d6zel Ya\u015fam T\u0131p Merkezi taraf\u0131ndan ise proje koordinat\u00f6rleri Tarkan Elbir ile B\u00fcnyamin Kara&#8217;ya birer plaket verildi.<\/p>\n<p style=\"text-align: justify;\">Kaynak: http:\/\/www.haberciniz.biz\/<\/p>\n","protected":false},"excerpt":{"rendered":"<p>Van&#8217;\u0131n Erci\u015f il\u00e7esinde devam eden G\u00f6n\u00fclden G\u00f6n\u00fcle E\u011fitim Projesi kapsam\u0131nda Erci\u015f \u00d6zel Ya\u015fam T\u0131p Merkezi taraf\u0131ndan Atat\u00fcrk \u0130lk\u00f6\u011fretim Okulu&#8217;na k\u00fct\u00fcphane a\u00e7\u0131ld\u0131. K\u00fct\u00fcphane a\u00e7\u0131lmas\u0131 nedeniyle okulda bir t\u00f6ren d\u00fczenlendi. T\u00f6rene Erci\u015f \u0130l\u00e7e Kaymakam\u0131 Ferhat Kurto\u011flu, \u0130l\u00e7e Milli E\u011fitim M\u00fcd\u00fcr\u00fc Celalettin Bilik, \u015eube M\u00fcd\u00fcr\u00fc Kurbani \u00d6zda\u015f, Erci\u015f \u00d6zel Ya\u015fam T\u0131p Merkezi y\u00f6neticileri, okulun \u00f6\u011fretmen ve \u00f6\u011frencileri kat\u0131ld\u0131.<\/p>\n","protected":false},"author":1,"featured_media":0,"comment_status":"open","ping_status":"open","sticky":false,"template":"","format":"standard","meta":{"footnotes":""},"categories":[],"tags":[845],"class_list":["post-1366","post","type-post","status-publish","format-standard","hentry","tag-okul-kutuphaneleri"],"_links":{"self":[{"href":"https:\/\/www.bbyhaber.com\/bby\/wp-json\/wp\/v2\/posts\/1366"}],"collection":[{"href":"https:\/\/www.bbyhaber.com\/bby\/wp-json\/wp\/v2\/posts"}],"about":[{"href":"https:\/\/www.bbyhaber.com\/bby\/wp-json\/wp\/v2\/types\/post"}],"author":[{"embeddable":true,"href":"https:\/\/www.bbyhaber.com\/bby\/wp-json\/wp\/v2\/users\/1"}],"replies":[{"embeddable":true,"href":"https:\/\/www.bbyhaber.com\/bby\/wp-json\/wp\/v2\/comments?post=1366"}],"version-history":[{"count":0,"href":"https:\/\/www.bbyhaber.com\/bby\/wp-json\/wp\/v2\/posts\/1366\/revisions"}],"wp:attachment":[{"href":"https:\/\/www.bbyhaber.com\/bby\/wp-json\/wp\/v2\/media?parent=1366"}],"wp:term":[{"taxonomy":"category","embeddable":true,"href":"https:\/\/www.bbyhaber.com\/bby\/wp-json\/wp\/v2\/categories?post=1366"},{"taxonomy":"post_tag","embeddable":true,"href":"https:\/\/www.bbyhaber.com\/bby\/wp-json\/wp\/v2\/tags?post=1366"}],"curies":[{"name":"wp","href":"https:\/\/api.w.org\/{rel}","templated":true}]}}