{"id":13657,"date":"2014-04-29T18:00:38","date_gmt":"2014-04-29T15:00:38","guid":{"rendered":"http:\/\/www.bbyhaber.com\/bby\/?p=13657"},"modified":"2017-01-18T09:47:41","modified_gmt":"2017-01-18T06:47:41","slug":"kutuphan-e-turkiye-projesi-samsun-carsamba-halk-kutuphanesi","status":"publish","type":"post","link":"https:\/\/www.bbyhaber.com\/bby\/2014\/04\/29\/kutuphan-e-turkiye-projesi-samsun-carsamba-halk-kutuphanesi","title":{"rendered":"K\u00fct\u00fcphan-e T\u00fcrkiye projesi-Samsun \u00c7ar\u015famba Halk K\u00fct\u00fcphanesi"},"content":{"rendered":"<p style=\"text-align: justify;\">Samsun \u00c7ar\u015famba Halk K\u00fct\u00fcphanesi \u2018K\u00fct\u00fcphan-e T\u00fcrkiye\u2019 projesi kapsam\u0131nda gelecek olan bilgisayarlar ile halka \u00fccretsiz internet hizmeti verecek. Proje hakk\u0131nda bilgi veren \u00c7ar\u015famba Halk K\u00fct\u00fcphanesi M\u00fcd\u00fcr\u00fc Muharrem Orta, &#8220;Proje \u00e7er\u00e7evesinde, halka \u00fccretsiz internet eri\u015fimi sa\u011flanarak e-devlet kap\u0131s\u0131 daha etkin kullan\u0131lacak ve b\u00f6ylelikle halk k\u00fct\u00fcphaneleri e-d\u00f6n\u00fc\u015f\u00fcm i\u00e7in \u00f6nemli merkezler haline gelecektir.&#8221; dedi.<!--more--><\/p>\n<p style=\"text-align: justify;\">Orta, \u2018K\u00fct\u00fcphan-e T\u00fcrkiye\u2019 projesinin, K\u00fct\u00fcphaneler Yay\u0131mlar Genel M\u00fcd\u00fcrl\u00fc\u011f\u00fc ve Hacettepe Teknokent-Teknoloji Merkezi (HT-TTM) taraf\u0131ndan, halk k\u00fct\u00fcphanelerinin toplumdaki say\u0131sal b\u00f6l\u00fcnmenin azalt\u0131lmas\u0131na \u00f6nemli katk\u0131 sa\u011flayacak kurumlara d\u00f6n\u00fc\u015ft\u00fcr\u00fclmesini hedefleyen projelere maddi destek sa\u011flayan Bill ve Melinda Gates Vakf\u0131\u2018ndan hibe al\u0131narak haz\u0131rland\u0131\u011f\u0131n\u0131 ifade etti.<\/p>\n<p style=\"text-align: justify;\">Binin \u00fczerinde devlet k\u00fct\u00fcphanesi bulunan T\u00fcrkiye\u2019deki 26 ilde uygulanacak projede, se\u00e7ilen 78 k\u00fct\u00fcphaneden ikisinin il\u00e7e k\u00fct\u00fcphanesi, birinin de il\u00e7enin k\u00fct\u00fcphanesi oldu\u011funu ifade eden Orta, \u201cS\u00f6z konusu projeye il\u00e7e halk k\u00fct\u00fcphanemizin d\u00e2hil edilmesi hem bizim i\u00e7in hem de \u00c7ar\u015fambam\u0131z i\u00e7in b\u00fcy\u00fck bir f\u0131rsatt\u0131r. Gayemiz bu f\u0131rsat\u0131 iyi de\u011ferlendirerek hem \u00c7ar\u015famba halk\u0131na daha kaliteli ve seviyeli hizmet vermek hem de k\u00fct\u00fcphanemizin \u00e7a\u011f\u0131n ko\u015fullar\u0131na uygun hale getirmektir.\u201d \u015feklinde konu\u015ftu.<\/p>\n<p style=\"text-align: justify;\">Kaynak:http:\/\/www.bugun.com.tr\/<\/p>\n","protected":false},"excerpt":{"rendered":"<p>Samsun \u00c7ar\u015famba Halk K\u00fct\u00fcphanesi \u2018K\u00fct\u00fcphan-e T\u00fcrkiye\u2019 projesi kapsam\u0131nda gelecek olan bilgisayarlar ile halka \u00fccretsiz internet hizmeti verecek. Proje hakk\u0131nda bilgi veren \u00c7ar\u015famba Halk K\u00fct\u00fcphanesi M\u00fcd\u00fcr\u00fc Muharrem Orta, &#8220;Proje \u00e7er\u00e7evesinde, halka \u00fccretsiz internet eri\u015fimi sa\u011flanarak e-devlet kap\u0131s\u0131 daha etkin kullan\u0131lacak ve b\u00f6ylelikle halk k\u00fct\u00fcphaneleri e-d\u00f6n\u00fc\u015f\u00fcm i\u00e7in \u00f6nemli merkezler haline gelecektir.&#8221; dedi.<\/p>\n","protected":false},"author":1,"featured_media":0,"comment_status":"open","ping_status":"open","sticky":false,"template":"","format":"standard","meta":{"footnotes":""},"categories":[1586],"tags":[848],"class_list":["post-13657","post","type-post","status-publish","format-standard","hentry","category-kutuphan-e-turkiye","tag-halk-kutuphaneleri"],"_links":{"self":[{"href":"https:\/\/www.bbyhaber.com\/bby\/wp-json\/wp\/v2\/posts\/13657"}],"collection":[{"href":"https:\/\/www.bbyhaber.com\/bby\/wp-json\/wp\/v2\/posts"}],"about":[{"href":"https:\/\/www.bbyhaber.com\/bby\/wp-json\/wp\/v2\/types\/post"}],"author":[{"embeddable":true,"href":"https:\/\/www.bbyhaber.com\/bby\/wp-json\/wp\/v2\/users\/1"}],"replies":[{"embeddable":true,"href":"https:\/\/www.bbyhaber.com\/bby\/wp-json\/wp\/v2\/comments?post=13657"}],"version-history":[{"count":1,"href":"https:\/\/www.bbyhaber.com\/bby\/wp-json\/wp\/v2\/posts\/13657\/revisions"}],"predecessor-version":[{"id":20875,"href":"https:\/\/www.bbyhaber.com\/bby\/wp-json\/wp\/v2\/posts\/13657\/revisions\/20875"}],"wp:attachment":[{"href":"https:\/\/www.bbyhaber.com\/bby\/wp-json\/wp\/v2\/media?parent=13657"}],"wp:term":[{"taxonomy":"category","embeddable":true,"href":"https:\/\/www.bbyhaber.com\/bby\/wp-json\/wp\/v2\/categories?post=13657"},{"taxonomy":"post_tag","embeddable":true,"href":"https:\/\/www.bbyhaber.com\/bby\/wp-json\/wp\/v2\/tags?post=13657"}],"curies":[{"name":"wp","href":"https:\/\/api.w.org\/{rel}","templated":true}]}}