{"id":1364,"date":"2010-01-14T19:49:38","date_gmt":"2010-01-14T19:49:38","guid":{"rendered":"http:\/\/www.bbyhaber.com\/bby\/?p=1364"},"modified":"2012-04-16T13:58:03","modified_gmt":"2012-04-16T13:58:03","slug":"kadin-tarihine-kutuphane-ile-yolculuk","status":"publish","type":"post","link":"https:\/\/www.bbyhaber.com\/bby\/2010\/01\/14\/kadin-tarihine-kutuphane-ile-yolculuk","title":{"rendered":"Kad\u0131n tarihine k\u00fct\u00fcphane ile yolculuk"},"content":{"rendered":"<p style=\"text-align: justify;\">\u0130stanbul\u2019un Fatih il\u00e7esindeki Balat semtinde bulunan Kad\u0131n Eserleri K\u00fct\u00fcphanesi ve Bilgi Merkezi Vakf\u0131, 10 binin \u00fczerinde kitap, 500\u2019e yak\u0131n s\u00fcreli yay\u0131n, 3 bini a\u015fk\u0131n makale, binlerce kup\u00fcr ve belgelerle 20 y\u0131ld\u0131r kad\u0131n\u0131n ge\u00e7mi\u015fine \u0131\u015f\u0131k tutuyor.<!--more--><\/p>\n<p style=\"text-align: justify;\">Kad\u0131n Eserleri K\u00fct\u00fcphanesi ve Bilgi Merkezi Vakf\u0131 kurucular\u0131ndan ve Y\u00f6netim Kurulu Ba\u015fkan\u0131 Asl\u0131 Davaz, Vakf\u0131n, 5 g\u00f6n\u00fcll\u00fc kad\u0131n taraf\u0131ndan, kad\u0131nlar\u0131n ge\u00e7mi\u015fini tan\u0131mak, toplanan bilgileri kad\u0131n ara\u015ft\u0131rmac\u0131lar\u0131na d\u00fczg\u00fcn bir \u015fekilde sunmak ve bug\u00fcn\u00fcn yaz\u0131l\u0131 belgelerini gelecek nesillere ula\u015ft\u0131rmak amac\u0131yla kuruldu\u011funu s\u00f6yledi.<\/p>\n<p style=\"text-align: justify;\">Davaz, d\u00fcnyada bu t\u00fcr ar\u015fiv ve k\u00fct\u00fcphanelerin birinci dalga feminist hareketin sonunda 1930\u2019lu y\u0131llarda kuruldu\u011funu anlatarak, \u2019\u00dclkemizde b\u00f6yle bir kurumun olmamas\u0131, kad\u0131n hareketinin de neredeyse bir y\u00fczy\u0131l\u0131 a\u015fm\u0131\u015f olmas\u0131 ve bu belgelerin hi\u00e7bir yerde toplanmamas\u0131 bize bu kurulu\u015fun art\u0131k \u015fart oldu\u011funu d\u00fc\u015f\u00fcnd\u00fcrd\u00fc. Kad\u0131n derneklerinin \u00fcretti\u011fi belgeler, kad\u0131nlar\u0131n \u00f6zel ar\u015fivleri, \u00e7ok nadir dergiler, b\u00fcltenleri hi\u00e7bir kurum sistematik olarak toplam\u0131yordu. Biz bunu ger\u00e7ekle\u015ftirdik&#8221; dedi.<\/p>\n<p style=\"text-align: justify;\">\u0130stanbul B\u00fcy\u00fck\u015fehir Belediyesi taraf\u0131ndan tahsis edilen tarihi binada hizmet verdiklerini ifade eden Davaz, \u015f\u00f6yle devam etti:<\/p>\n<p style=\"text-align: justify;\">&#8220;Burada 19. y\u00fczy\u0131ldan g\u00fcn\u00fcm\u00fcze kadar eserler var. 10 binin \u00fczerinde kitap, 500\u2019e yak\u0131n s\u00fcreli yay\u0131n, 3 bini a\u015fk\u0131n makale, binlerce kup\u00fcrler, belgeler ve \u00f6zel ar\u015fivler var. Ancak olmas\u0131 gerekenin olduk\u00e7a gerisindeyiz. Yine de d\u00fcnyan\u0131n hi\u00e7bir yerinde bir k\u00fct\u00fcphane bu kadar imkans\u0131zl\u0131klar i\u00e7inde bu kadar i\u015f yapmam\u0131\u015ft\u0131r. \u00c7\u00fcnk\u00fc bizim hi\u00e7bir \u00f6dene\u011fimiz yok. K\u00fct\u00fcphane, varl\u0131\u011f\u0131n\u0131 \u00fcye ba\u011f\u0131\u015flar\u0131, kartpostal, yay\u0131n ve ajanda da\u011f\u0131t\u0131m\u0131ndan elde edilen gelirle s\u00fcrd\u00fcr\u00fcyor.&#8221;<\/p>\n<p style=\"text-align: justify;\">Davaz, kurulu\u015flar\u0131ndan bu yana her y\u0131l farkl\u0131 bir temayla ajanda yay\u0131nlad\u0131klar\u0131n\u0131 dile getirerek, &#8220;Bunlar\u0131 ba\u011f\u0131\u015f kar\u015f\u0131l\u0131\u011f\u0131nda da\u011f\u0131t\u0131yoruz. Bu y\u0131lki temam\u0131z \u2019Osmanl\u0131\u2019dan Cumhuriyet\u2019e Kad\u0131n Dergileri\u2019. Bir ba\u015fucu kitab\u0131 niteli\u011findeki ajandalar\u0131m\u0131zla ayn\u0131 zamanda kad\u0131nlar\u0131 da g\u00f6r\u00fcn\u00fcr k\u0131l\u0131yoruz&#8221; diye konu\u015ftu.<\/p>\n<p style=\"text-align: justify;\">K\u00fct\u00fcphane ve ar\u015fivlerin, kad\u0131n\u0131n ve kad\u0131n hareketinin belle\u011fini olu\u015fturdu\u011funu ifade eden Davaz, k\u00fct\u00fcphanede kuruldu\u011fu g\u00fcnden bu yana \u00e7ok say\u0131da kad\u0131n konulu konferans, panel, \u015fenlik, konser, sergi ve uluslararas\u0131 sempozyumlar d\u00fczenlendi\u011fini aktard\u0131.<\/p>\n<p style=\"text-align: justify;\">Davaz, k\u00fct\u00fcphanenin genel \u00e7er\u00e7evesinin ister kad\u0131nlar, ister erkekler taraf\u0131ndan kad\u0131nlar hakk\u0131nda yaz\u0131lan eserleri toplamak oldu\u011funu dile getirerek, &#8220;20 y\u0131l \u00f6nce kad\u0131nlar\u0131n her konuda yazm\u0131\u015f oldu\u011fu eserleri topluyorduk, ancak yer darl\u0131\u011f\u0131 nedeniyle \u015fu an sadece kad\u0131n konusunda olanlar\u0131 topluyoruz&#8221; dedi.<\/p>\n<p style=\"text-align: justify;\">Fransa, \u0130ngiltere, Hollanda, Amerika, \u0130talya gibi \u00fclkelerde benzer kurumlar\u0131n bulundu\u011funu belirten Davaz, &#8220;Bunlar\u0131n hepsi, b\u00fct\u00e7esi olan, belediyelerden para, \u00fcniversitelerden destek ve k\u00fclt\u00fcr bakanl\u0131klar\u0131ndan fon alan b\u00fcy\u00fck kurumlar durumunda. Biz 20 y\u0131lda bu noktaya gelemedik&#8221; diye konu\u015ftu.<\/p>\n<p style=\"text-align: justify;\">\u2018Buras\u0131 kad\u0131n tarihinin milli k\u00fct\u00fcphanesi\u2019<br \/>\nAsl\u0131 Davaz, \u00f6\u011frenci, i\u015f kad\u0131n\u0131, sendikac\u0131, politikac\u0131 ve yurt d\u0131\u015f\u0131ndan gelen ziyaret\u00e7ilerden olu\u015fan geni\u015f bir okuyucu kitlesine sahip olduklar\u0131n\u0131 aktararak, &#8220;Biz okumak i\u00e7in d\u0131\u015far\u0131ya kitap veren bir k\u00fct\u00fcphane de\u011filiz. Buras\u0131 bir ara\u015ft\u0131rma k\u00fct\u00fcphanesi. K\u00fct\u00fcphanemiz herkese a\u00e7\u0131k. Amac\u0131m\u0131z buradaki b\u00fct\u00fcn bu belgeleri kaybolmaktan kurtarmak ve toplamaya devam etmek. Bu \u00f6zelli\u011fiyle buras\u0131 kad\u0131n tarihinin milli k\u00fct\u00fcphanesi niteli\u011finde&#8221; dedi.<\/p>\n<p style=\"text-align: justify;\">Kad\u0131n Eserleri K\u00fct\u00fcphanesi ve Bilgi Merkezi Vakf\u0131 Y\u00f6netim Kurulu Ba\u015fkan\u0131 Asl\u0131 Davaz, k\u00fct\u00fcphane b\u00fcnyesinde T\u00fcrkiye\u2019nin ilk kad\u0131n avukat\u0131 S\u00fcreyya A\u011fao\u011flu, ilk kad\u0131n belediye ba\u015fkan\u0131 M\u00fcfide \u0130lhan ve ilk kad\u0131n heykelt\u0131ra\u015f Zerrin B\u00f6l\u00fckba\u015f\u0131 gibi isimlerin \u00f6zel ar\u015fivlerinin de bulundu\u011funu s\u00f6yledi.<\/p>\n<p style=\"text-align: justify;\">Ayr\u0131ca 20. kurulu\u015f y\u0131l d\u00f6n\u00fcm\u00fc kapsam\u0131nda Finlandiya\u2019n\u0131n Ankara B\u00fcy\u00fckel\u00e7ili\u011finin deste\u011fiyle Osmanl\u0131 d\u00f6nemi kad\u0131n dergilerinin Latince harflerle bas\u0131ld\u0131\u011f\u0131n\u0131 anlatan Davaz, 8 Martta b\u00fcy\u00fckel\u00e7ilik temsilcilerinin kat\u0131l\u0131m\u0131yla ger\u00e7ekle\u015ftirilecek bir bas\u0131n toplant\u0131s\u0131yla bunun kamuoyuna duyurulaca\u011f\u0131n\u0131 bildirdi.<\/p>\n<p style=\"text-align: justify;\">Davaz, \u015funlar\u0131 kaydetti:<\/p>\n<p style=\"text-align: justify;\">&#8220;Bu, \u00e7ok geni\u015f kapsaml\u0131 bir proje. O d\u00f6nemde, Cumhuriyet tarihine kadar \u00e7\u0131kan 40\u2019\u0131 a\u015fk\u0131n s\u00fcreli yay\u0131n bulunmaktad\u0131r. Osmanl\u0131ca bilmememiz nedeniyle bunlar\u0131 a\u00e7\u0131p okuyamad\u0131\u011f\u0131m\u0131z i\u00e7in kendi tarihimizi bilemiyorduk. Bunlar Latin harflerine \u00e7evrildi, ancak birebir bask\u0131lar\u0131n\u0131 yapacak mali bir olanak bulamad\u0131k. Ama \u00f6nemli olan b\u00fct\u00fcn metinlerin yeni bask\u0131s\u0131n\u0131n bulunmas\u0131. \u2019Kad\u0131nlar\u0131n Belle\u011fi Dizisi\u2019 ad\u0131 alt\u0131nda \u2019Kad\u0131nlar D\u00fcnyas\u0131\u2019 (1913-1921), \u2019Han\u0131mlara Mahsus Gazete\u2019 (1895-1908), \u2019Kad\u0131n Selanik\u2019 (1908-1909), \u2019Kad\u0131n Yolu\/ T\u00fcrk Kad\u0131n Yolu\u2019 (1925-1927), \u2019Demet\u2019 (1908-1908), \u2019S\u00fcs\u2019 (1923-1924), \u2019T\u00fcrk Kad\u0131n\u0131\u2019 (1918-1919), \u2019Gen\u00e7 Kad\u0131n\u2019 (1918-1918) s\u00fcreli yay\u0131nlar\u0131n\u0131, bug\u00fcn\u00fcn okurlar\u0131na ula\u015ft\u0131rmak amac\u0131yla \u00e7eviri yaz\u0131m\u0131n\u0131n yay\u0131nlanmas\u0131na y\u00f6nelik bu \u00e7al\u0131\u015fma, T\u00fcrkiye\u2019de kad\u0131n belle\u011fini olu\u015fturmada \u00f6nemli bir ad\u0131m olu\u015fturacakt\u0131r.&#8221;<\/p>\n<p style=\"text-align: justify;\">Kaynak: http:\/\/www.ihlassondakika.com<\/p>\n","protected":false},"excerpt":{"rendered":"<p>\u0130stanbul\u2019un Fatih il\u00e7esindeki Balat semtinde bulunan Kad\u0131n Eserleri K\u00fct\u00fcphanesi ve Bilgi Merkezi Vakf\u0131, 10 binin \u00fczerinde kitap, 500\u2019e yak\u0131n s\u00fcreli yay\u0131n, 3 bini a\u015fk\u0131n makale, binlerce kup\u00fcr ve belgelerle 20 y\u0131ld\u0131r kad\u0131n\u0131n ge\u00e7mi\u015fine \u0131\u015f\u0131k tutuyor.<\/p>\n","protected":false},"author":1,"featured_media":0,"comment_status":"open","ping_status":"open","sticky":false,"template":"","format":"standard","meta":{"footnotes":""},"categories":[1],"tags":[178],"class_list":["post-1364","post","type-post","status-publish","format-standard","hentry","category-genel","tag-kadin-eserleri-kutuphanesi"],"_links":{"self":[{"href":"https:\/\/www.bbyhaber.com\/bby\/wp-json\/wp\/v2\/posts\/1364"}],"collection":[{"href":"https:\/\/www.bbyhaber.com\/bby\/wp-json\/wp\/v2\/posts"}],"about":[{"href":"https:\/\/www.bbyhaber.com\/bby\/wp-json\/wp\/v2\/types\/post"}],"author":[{"embeddable":true,"href":"https:\/\/www.bbyhaber.com\/bby\/wp-json\/wp\/v2\/users\/1"}],"replies":[{"embeddable":true,"href":"https:\/\/www.bbyhaber.com\/bby\/wp-json\/wp\/v2\/comments?post=1364"}],"version-history":[{"count":0,"href":"https:\/\/www.bbyhaber.com\/bby\/wp-json\/wp\/v2\/posts\/1364\/revisions"}],"wp:attachment":[{"href":"https:\/\/www.bbyhaber.com\/bby\/wp-json\/wp\/v2\/media?parent=1364"}],"wp:term":[{"taxonomy":"category","embeddable":true,"href":"https:\/\/www.bbyhaber.com\/bby\/wp-json\/wp\/v2\/categories?post=1364"},{"taxonomy":"post_tag","embeddable":true,"href":"https:\/\/www.bbyhaber.com\/bby\/wp-json\/wp\/v2\/tags?post=1364"}],"curies":[{"name":"wp","href":"https:\/\/api.w.org\/{rel}","templated":true}]}}