{"id":1362,"date":"2010-01-14T19:47:56","date_gmt":"2010-01-14T19:47:56","guid":{"rendered":"http:\/\/www.bbyhaber.com\/bby\/?p=1362"},"modified":"2012-03-30T07:15:16","modified_gmt":"2012-03-30T07:15:16","slug":"iyi-kitap-1-yasinda-sayfalarini-kutuphanecilere-aciyor","status":"publish","type":"post","link":"https:\/\/www.bbyhaber.com\/bby\/2010\/01\/14\/iyi-kitap-1-yasinda-sayfalarini-kutuphanecilere-aciyor","title":{"rendered":"\u0130yi Kitap 1. Ya\u015f\u0131nda Sayfalar\u0131n\u0131 K\u00fct\u00fcphanecilere A\u00e7\u0131yor"},"content":{"rendered":"<p style=\"text-align: justify;\">\u0130Y\u0130 K\u0130TAP Ayl\u0131k Okul \u00d6ncesi, \u00c7ocuk ve Gen\u00e7lik Kitaplar\u0131 Gazetesi Mart ay\u0131nda 1. ya\u015f\u0131n\u0131 kutlayacak&#8230; Mart say\u0131s\u0131nda yeniliklerle okuyucular\u0131 ile bulu\u015facak&#8230;Mart say\u0131s\u0131nda k\u00fct\u00fcphanecilerin yazd\u0131\u011f\u0131 \u00c7ocuk ve Gen\u00e7lik Kitaplar\u0131 tan\u0131t\u0131mlar\u0131na bir sayfa ay\u0131racak&#8230; \u0130yi Kitap&#8217;da k\u00fct\u00fcphanecilerinde bir sayfas\u0131 olacak&#8230; K\u00fct\u00fcphaneciler \u0130yi Kitap&#8217;a nas\u0131l yazar olacak? Son 3 ay&#8217;da yay\u0131nlanm\u0131\u015f \u00c7ocuk ve Gen\u00e7lik kitaplar\u0131n\u0131n k\u0131sa tan\u0131t\u0131mlar\u0131n\u0131 yazarak, yazd\u0131klar\u0131n\u0131z\u0131 iyikitap@tudem.com adresine g\u00f6ndererek \u0130yi Kitap yazar\u0131 olabilirsiniz&#8230; \u0130yi Kitap yolculu\u011fumuza kat\u0131l\u0131n&#8230;<\/p>\n<p>Kaynak: Ayd\u0131n \u0130leri<\/p>\n","protected":false},"excerpt":{"rendered":"<p>\u0130Y\u0130 K\u0130TAP Ayl\u0131k Okul \u00d6ncesi, \u00c7ocuk ve Gen\u00e7lik Kitaplar\u0131 Gazetesi Mart ay\u0131nda 1. ya\u015f\u0131n\u0131 kutlayacak&#8230; Mart say\u0131s\u0131nda yeniliklerle okuyucular\u0131 ile bulu\u015facak&#8230;Mart say\u0131s\u0131nda k\u00fct\u00fcphanecilerin yazd\u0131\u011f\u0131 \u00c7ocuk ve Gen\u00e7lik Kitaplar\u0131 tan\u0131t\u0131mlar\u0131na bir sayfa ay\u0131racak&#8230; \u0130yi Kitap&#8217;da k\u00fct\u00fcphanecilerinde bir sayfas\u0131 olacak&#8230; K\u00fct\u00fcphaneciler \u0130yi Kitap&#8217;a nas\u0131l yazar olacak? Son 3 ay&#8217;da yay\u0131nlanm\u0131\u015f \u00c7ocuk ve Gen\u00e7lik kitaplar\u0131n\u0131n k\u0131sa tan\u0131t\u0131mlar\u0131n\u0131 yazarak, [&hellip;]<\/p>\n","protected":false},"author":1,"featured_media":0,"comment_status":"open","ping_status":"open","sticky":false,"template":"","format":"standard","meta":{"footnotes":""},"categories":[1476,1],"tags":[132],"class_list":["post-1362","post","type-post","status-publish","format-standard","hentry","category-aydin-ileri","category-genel","tag-iyi-kitap"],"_links":{"self":[{"href":"https:\/\/www.bbyhaber.com\/bby\/wp-json\/wp\/v2\/posts\/1362"}],"collection":[{"href":"https:\/\/www.bbyhaber.com\/bby\/wp-json\/wp\/v2\/posts"}],"about":[{"href":"https:\/\/www.bbyhaber.com\/bby\/wp-json\/wp\/v2\/types\/post"}],"author":[{"embeddable":true,"href":"https:\/\/www.bbyhaber.com\/bby\/wp-json\/wp\/v2\/users\/1"}],"replies":[{"embeddable":true,"href":"https:\/\/www.bbyhaber.com\/bby\/wp-json\/wp\/v2\/comments?post=1362"}],"version-history":[{"count":0,"href":"https:\/\/www.bbyhaber.com\/bby\/wp-json\/wp\/v2\/posts\/1362\/revisions"}],"wp:attachment":[{"href":"https:\/\/www.bbyhaber.com\/bby\/wp-json\/wp\/v2\/media?parent=1362"}],"wp:term":[{"taxonomy":"category","embeddable":true,"href":"https:\/\/www.bbyhaber.com\/bby\/wp-json\/wp\/v2\/categories?post=1362"},{"taxonomy":"post_tag","embeddable":true,"href":"https:\/\/www.bbyhaber.com\/bby\/wp-json\/wp\/v2\/tags?post=1362"}],"curies":[{"name":"wp","href":"https:\/\/api.w.org\/{rel}","templated":true}]}}