{"id":1360,"date":"2010-01-16T19:47:07","date_gmt":"2010-01-16T19:47:07","guid":{"rendered":"http:\/\/www.bbyhaber.com\/bby\/?p=1360"},"modified":"2013-03-11T09:56:19","modified_gmt":"2013-03-11T07:56:19","slug":"kutuphaneler-emanet-tablo-da-verecek","status":"publish","type":"post","link":"https:\/\/www.bbyhaber.com\/bby\/2010\/01\/16\/kutuphaneler-emanet-tablo-da-verecek","title":{"rendered":"K\u00fct\u00fcphaneler, emanet tablo da verecek"},"content":{"rendered":"<p style=\"text-align: justify;\">K\u00fclt\u00fcr ve Turizm Bakanl\u0131\u011f\u0131, ar\u015fivindeki t\u00fcm reprod\u00fcksiyon tablolar\u0131 vatanda\u015fa a\u00e7\u0131yor. \u00dcye olan herkes, \u00fcnl\u00fc ressamlar\u0131n taklit tablolar\u0131n\u0131 k\u00fct\u00fcphanelerden emanet olarak alabilecek. Vatanda\u015f, bulundu\u011fu ilin halk k\u00fct\u00fcphanesinden kitap gibi alabilece\u011fi tabloyu 15 g\u00fcn ve 1 ay gibi bir zaman diliminde istedi\u011fi gibi de\u011ferlendirebilecek. S\u00fcre bitiminde ise k\u00fct\u00fcphaneye geri verecek. Tablolar\u0131n reprod\u00fcksiyonlar\u0131n\u0131 (\u00e7o\u011faltma) 81 ildeki 100 k\u00fct\u00fcphaneye g\u00f6nderen K\u00fclt\u00fcr ve Turizm Bakanl\u0131\u011f\u0131 K\u00fct\u00fcphaneler ve Yay\u0131mlar Genel M\u00fcd\u00fcrl\u00fc\u011f\u00fc, vatanda\u015f\u0131, sanat eserlerine duyarl\u0131 hale getirmeyi hedefliyor.<!--more--><\/p>\n<p style=\"text-align: justify;\">T\u00fcrk ressamlar\u0131n\u0131n tablolar\u0131n\u0131n ve foto\u011fraf a\u011f\u0131rl\u0131kl\u0131 sanat kitaplar\u0131n\u0131n ar\u015fivlerinde bulundu\u011funu anlatan K\u00fct\u00fcphaneler ve Yay\u0131mlar Genel M\u00fcd\u00fcr\u00fc Aytekin Y\u0131lmaz, bu eserlerden 6 bin tanesinin 100 k\u00fct\u00fcphaneye da\u011f\u0131t\u0131m\u0131n\u0131n yap\u0131ld\u0131\u011f\u0131n\u0131 belirtti. Bu \u00e7er\u00e7evede her il halk k\u00fct\u00fcphanesinde, normal kitap raflar\u0131n\u0131n yan\u0131 s\u0131ra bir de &#8216;sanat k\u00f6\u015fesi&#8217; olu\u015fturuldu. K\u00fct\u00fcphaneye gelen ziyaret\u00e7iler, eserleri burada inceleyebilece\u011fi gibi evlerine de g\u00f6t\u00fcrebilecek. Tamamen \u00fccretsiz olarak hayata ge\u00e7irilen uygulaman\u0131n olumlu sonu\u00e7lar verece\u011fini d\u00fc\u015f\u00fcnd\u00fcklerini aktaran Y\u0131lmaz, vatanda\u015flar\u0131n sanat ve sanat\u00e7\u0131y\u0131, k\u00fclt\u00fcrel miras\u0131 tan\u0131ma imk\u00e2n\u0131 bulaca\u011f\u0131n\u0131 ifade etti. Aytekin Y\u0131lmaz, k\u00fct\u00fcphaneleri halk\u0131n daha \u00e7ok faydalanaca\u011f\u0131 yerler haline d\u00f6n\u00fc\u015ft\u00fcrmek istediklerini dile getirdi.<\/p>\n<p>Kaynak: http:\/\/www.zaman.com.tr\/<\/p>\n","protected":false},"excerpt":{"rendered":"<p>K\u00fclt\u00fcr ve Turizm Bakanl\u0131\u011f\u0131, ar\u015fivindeki t\u00fcm reprod\u00fcksiyon tablolar\u0131 vatanda\u015fa a\u00e7\u0131yor. \u00dcye olan herkes, \u00fcnl\u00fc ressamlar\u0131n taklit tablolar\u0131n\u0131 k\u00fct\u00fcphanelerden emanet olarak alabilecek. Vatanda\u015f, bulundu\u011fu ilin halk k\u00fct\u00fcphanesinden kitap gibi alabilece\u011fi tabloyu 15 g\u00fcn ve 1 ay gibi bir zaman diliminde istedi\u011fi gibi de\u011ferlendirebilecek. S\u00fcre bitiminde ise k\u00fct\u00fcphaneye geri verecek. Tablolar\u0131n reprod\u00fcksiyonlar\u0131n\u0131 (\u00e7o\u011faltma) 81 ildeki 100 k\u00fct\u00fcphaneye [&hellip;]<\/p>\n","protected":false},"author":1,"featured_media":0,"comment_status":"open","ping_status":"open","sticky":false,"template":"","format":"standard","meta":{"footnotes":""},"categories":[1],"tags":[],"class_list":["post-1360","post","type-post","status-publish","format-standard","hentry","category-genel"],"_links":{"self":[{"href":"https:\/\/www.bbyhaber.com\/bby\/wp-json\/wp\/v2\/posts\/1360"}],"collection":[{"href":"https:\/\/www.bbyhaber.com\/bby\/wp-json\/wp\/v2\/posts"}],"about":[{"href":"https:\/\/www.bbyhaber.com\/bby\/wp-json\/wp\/v2\/types\/post"}],"author":[{"embeddable":true,"href":"https:\/\/www.bbyhaber.com\/bby\/wp-json\/wp\/v2\/users\/1"}],"replies":[{"embeddable":true,"href":"https:\/\/www.bbyhaber.com\/bby\/wp-json\/wp\/v2\/comments?post=1360"}],"version-history":[{"count":0,"href":"https:\/\/www.bbyhaber.com\/bby\/wp-json\/wp\/v2\/posts\/1360\/revisions"}],"wp:attachment":[{"href":"https:\/\/www.bbyhaber.com\/bby\/wp-json\/wp\/v2\/media?parent=1360"}],"wp:term":[{"taxonomy":"category","embeddable":true,"href":"https:\/\/www.bbyhaber.com\/bby\/wp-json\/wp\/v2\/categories?post=1360"},{"taxonomy":"post_tag","embeddable":true,"href":"https:\/\/www.bbyhaber.com\/bby\/wp-json\/wp\/v2\/tags?post=1360"}],"curies":[{"name":"wp","href":"https:\/\/api.w.org\/{rel}","templated":true}]}}