{"id":13599,"date":"2014-04-23T21:29:33","date_gmt":"2014-04-23T18:29:33","guid":{"rendered":"http:\/\/www.bbyhaber.com\/bby\/?p=13599"},"modified":"2014-04-24T16:12:39","modified_gmt":"2014-04-24T13:12:39","slug":"personel-tayin-edildi-kutuphane-acildi-bursa","status":"publish","type":"post","link":"https:\/\/www.bbyhaber.com\/bby\/2014\/04\/23\/personel-tayin-edildi-kutuphane-acildi-bursa","title":{"rendered":"Personel Tayin Edildi, K\u00fct\u00fcphane A\u00e7\u0131ld\u0131-Bursa"},"content":{"rendered":"<p style=\"text-align: justify;\"><img loading=\"lazy\" decoding=\"async\" class=\"alignleft\" src=\"http:\/\/www.sondakika.com\/haber-foto\/526\/personel-tayin-edildi-kutuphane-acildi-5941526_400.jpg\" alt=\"\" width=\"234\" height=\"155\" \/>Bursa&#8217;n\u0131n Yeni\u015fehir il\u00e7esinde, bir y\u0131ld\u0131r personel olmad\u0131\u011f\u0131 gerek\u00e7esiyle kapal\u0131 olan S\u00fcleyman Pa\u015fa Halk K\u00fct\u00fcphanesi tekrar hizmete a\u00e7\u0131ld\u0131. S\u00fcleyman Pa\u015fa Halk K\u00fct\u00fcphanesi yakla\u015f\u0131k 1 y\u0131l \u00f6nce personel olmad\u0131\u011f\u0131 i\u00e7in kapanm\u0131\u015ft\u0131. K\u00fct\u00fcphanenin tekrar a\u00e7\u0131lmas\u0131 i\u00e7in imza kampanyalar\u0131, bas\u0131n a\u00e7\u0131klamalar\u0131 yap\u0131lm\u0131\u015f, fakat sonuca var\u0131lamam\u0131\u015ft\u0131. Ge\u00e7 de olsa memur tayin edilmesiyle k\u00fct\u00fcphane tekrar faaliyete girdi. Ahmet Vefik Pa\u015fa Tiyatrosu&#8217;nda memur olarak \u00e7al\u0131\u015fan Ahmet Atan, Yeni\u015fehir S\u00fcleyman Pa\u015fa Halk K\u00fct\u00fcphanesi&#8217;ne tayin edildi.<!--more--><\/p>\n<p style=\"text-align: justify;\">Atan, &#8220;<strong>K\u00fct\u00fcphanecilik konusunda pek tecr\u00fcbem yok<\/strong>. Bunun i\u00e7in <strong>15 g\u00fcnl\u00fck bir e\u011fitim alaca\u011f\u0131m<\/strong>. \u015eimdilik \u015fifrelerimiz gelmedi\u011fi i\u00e7in kitap da veremiyorum. Fakat buraya gelerek vatanda\u015flar\u0131m\u0131z kitap okuyabiliyorlar&#8221; diye konu\u015ftu.<\/p>\n<p style=\"text-align: justify;\">Kaynak: http:\/\/www.sondakika.com\/<\/p>\n<p style=\"text-align: justify;\"><strong><span style=\"color: #ff0000;\">Umar\u0131z bir de bby mezunu meslekta\u015f\u0131m\u0131z atan\u0131r ve kimsenin e\u011fitim almas\u0131na gerek kalmaz!!!<\/span><\/strong><strong>@bbyhaber<\/strong><\/p>\n","protected":false},"excerpt":{"rendered":"<p>Bursa&#8217;n\u0131n Yeni\u015fehir il\u00e7esinde, bir y\u0131ld\u0131r personel olmad\u0131\u011f\u0131 gerek\u00e7esiyle kapal\u0131 olan S\u00fcleyman Pa\u015fa Halk K\u00fct\u00fcphanesi tekrar hizmete a\u00e7\u0131ld\u0131. S\u00fcleyman Pa\u015fa Halk K\u00fct\u00fcphanesi yakla\u015f\u0131k 1 y\u0131l \u00f6nce personel olmad\u0131\u011f\u0131 i\u00e7in kapanm\u0131\u015ft\u0131. K\u00fct\u00fcphanenin tekrar a\u00e7\u0131lmas\u0131 i\u00e7in imza kampanyalar\u0131, bas\u0131n a\u00e7\u0131klamalar\u0131 yap\u0131lm\u0131\u015f, fakat sonuca var\u0131lamam\u0131\u015ft\u0131. Ge\u00e7 de olsa memur tayin edilmesiyle k\u00fct\u00fcphane tekrar faaliyete girdi. Ahmet Vefik Pa\u015fa Tiyatrosu&#8217;nda [&hellip;]<\/p>\n","protected":false},"author":1,"featured_media":0,"comment_status":"open","ping_status":"open","sticky":false,"template":"","format":"standard","meta":{"footnotes":""},"categories":[1,1582],"tags":[848],"class_list":["post-13599","post","type-post","status-publish","format-standard","hentry","category-genel","category-kapali-kutuphaneler","tag-halk-kutuphaneleri"],"_links":{"self":[{"href":"https:\/\/www.bbyhaber.com\/bby\/wp-json\/wp\/v2\/posts\/13599"}],"collection":[{"href":"https:\/\/www.bbyhaber.com\/bby\/wp-json\/wp\/v2\/posts"}],"about":[{"href":"https:\/\/www.bbyhaber.com\/bby\/wp-json\/wp\/v2\/types\/post"}],"author":[{"embeddable":true,"href":"https:\/\/www.bbyhaber.com\/bby\/wp-json\/wp\/v2\/users\/1"}],"replies":[{"embeddable":true,"href":"https:\/\/www.bbyhaber.com\/bby\/wp-json\/wp\/v2\/comments?post=13599"}],"version-history":[{"count":0,"href":"https:\/\/www.bbyhaber.com\/bby\/wp-json\/wp\/v2\/posts\/13599\/revisions"}],"wp:attachment":[{"href":"https:\/\/www.bbyhaber.com\/bby\/wp-json\/wp\/v2\/media?parent=13599"}],"wp:term":[{"taxonomy":"category","embeddable":true,"href":"https:\/\/www.bbyhaber.com\/bby\/wp-json\/wp\/v2\/categories?post=13599"},{"taxonomy":"post_tag","embeddable":true,"href":"https:\/\/www.bbyhaber.com\/bby\/wp-json\/wp\/v2\/tags?post=13599"}],"curies":[{"name":"wp","href":"https:\/\/api.w.org\/{rel}","templated":true}]}}