{"id":13588,"date":"2014-04-23T11:33:30","date_gmt":"2014-04-23T08:33:30","guid":{"rendered":"http:\/\/www.bbyhaber.com\/bby\/?p=13588"},"modified":"2014-04-23T11:35:17","modified_gmt":"2014-04-23T08:35:17","slug":"turkiye-plaj-kutuphanesi-acildi","status":"publish","type":"post","link":"https:\/\/www.bbyhaber.com\/bby\/2014\/04\/23\/turkiye-plaj-kutuphanesi-acildi","title":{"rendered":"T\u00fcrkiye&#8217;de ilk plaj k\u00fct\u00fcphanesi a\u00e7\u0131ld\u0131-Fethiye"},"content":{"rendered":"<p style=\"text-align: justify;\">T\u00fcrkiye&#8217;de ilk oldu\u011fu \u00f6\u011frenilen &#8216;plaj k\u00fct\u00fcphanesi&#8217;, Fethiye il\u00e7esindeki Kumburnu Tabiat Park\u0131&#8217;nda a\u00e7\u0131ld\u0131. K\u00fct\u00fcphanenin a\u00e7\u0131l\u0131\u015f\u0131n\u0131, Mu\u011fla Valisi Mustafa Hakan G\u00fcven\u00e7er, Fethiye Kaymakam\u0131 Ekrem \u00c7al\u0131k, Belediye Ba\u015fkan\u0131 Beh\u00e7et Saatc\u0131 ve Mu\u011fla El Sanatlar\u0131 \u0130\u015fletmesi (MELSA) Fethiye \u015eubeler Koordinat\u00f6r\u00fc Muhammet Sertta\u015f yapt\u0131. T\u00f6rende konu\u015fan Vali G\u00fcven\u00e7er, \u00d6l\u00fcdeniz&#8217;in sadece Fethiye ve Mu\u011fla&#8217;n\u0131n de\u011fil, d\u00fcnyan\u0131n bir turizm merkezi oldu\u011funa dikkati \u00e7ekti.<!--more--><\/p>\n<p style=\"text-align: justify;\">K\u00fct\u00fcphanedeki kitaplardan plajdaki yerli ve yabanc\u0131 turistlerin \u00fccretsiz faydalanaca\u011f\u0131n\u0131 ifade eden G\u00fcven\u00e7er, &#8220;Bug\u00fcne kadar bir\u00e7ok a\u00e7\u0131l\u0131\u015fa kat\u0131ld\u0131m ama ilk kez bir plaj k\u00fct\u00fcphanesi a\u00e7t\u0131m. Uygulamay\u0131 hayata ge\u00e7irenlere te\u015fekk\u00fcr ediyorum&#8221; dedi.<\/p>\n<p style=\"text-align: justify;\"><a href=\"http:\/\/www.bbyhaber.com\/bby\/wp-content\/uploads\/2014\/04\/plaj1.jpg\"><img loading=\"lazy\" decoding=\"async\" class=\"alignnone\" src=\"http:\/\/www.bbyhaber.com\/bby\/wp-content\/uploads\/2014\/04\/plaj1.jpg\" alt=\"\" width=\"250\" height=\"150\" \/><\/a> <a href=\"http:\/\/www.bbyhaber.com\/bby\/wp-content\/uploads\/2014\/04\/plaj2.jpg\"><img loading=\"lazy\" decoding=\"async\" class=\"alignnone\" src=\"http:\/\/www.bbyhaber.com\/bby\/wp-content\/uploads\/2014\/04\/plaj2.jpg\" alt=\"\" width=\"250\" height=\"150\" \/><\/a><\/p>\n<p style=\"text-align: justify;\"><a href=\"http:\/\/www.bbyhaber.com\/bby\/wp-content\/uploads\/2014\/04\/plaj3.jpg\"><img loading=\"lazy\" decoding=\"async\" class=\"alignnone\" src=\"http:\/\/www.bbyhaber.com\/bby\/wp-content\/uploads\/2014\/04\/plaj3.jpg\" alt=\"\" width=\"250\" height=\"150\" \/><\/a> <a href=\"http:\/\/www.bbyhaber.com\/bby\/wp-content\/uploads\/2014\/04\/plaj4.jpg\"><img loading=\"lazy\" decoding=\"async\" class=\"alignnone\" src=\"http:\/\/www.bbyhaber.com\/bby\/wp-content\/uploads\/2014\/04\/plaj4.jpg\" alt=\"\" width=\"250\" height=\"150\" \/><\/a><\/p>\n<p>\u00d6l\u00fcdeniz MELSA Fethiye \u015eubeler Koordinat\u00f6r\u00fc Muhammet Sertta\u015f ise haftal\u0131k yapt\u0131klar\u0131 toplant\u0131larda fikir olarak \u00e7\u0131kan plaj k\u00fct\u00fcphanesini a\u00e7t\u0131klar\u0131 i\u00e7in mutlu olduklar\u0131n\u0131 belirtti.<\/p>\n<p style=\"text-align: justify;\">Plaj k\u00fct\u00fcphanesinin T\u00fcrkiye&#8217;de ilk oldu\u011funu vurgulayan Sertta\u015f, &#8220;Plaja gelen turistlerimiz zaten ellerinde kitaplar\u0131yla gelip burada okuyorlard\u0131. Turistlere yine kitap konusunda yard\u0131mc\u0131 olaca\u011f\u0131z. Millet olarak okumay\u0131 fazla sevmedi\u011fimiz i\u00e7in kendi vatanda\u015flar\u0131m\u0131za y\u00f6nelik, \u00e7ocuk kitaplar\u0131, baz\u0131 d\u00fcnya klasikleri ve \u00fclkemiz ile il\u00e7emizi tan\u0131tan kitaplarla insanlara faydal\u0131 olmak istiyoruz. Okuma salonu gibi bir k\u00fct\u00fcphane olu\u015fturduk. \u0130lerleyen zamanlarda da bunu daha da geni\u015fletece\u011fiz&#8221; diye konu\u015ftu.<\/p>\n<p style=\"text-align: justify;\">Vatanda\u015flar\u0131n hi\u00e7 bir \u00fccret \u00f6demeden k\u00fct\u00fcphaneden istedi\u011fi kitab\u0131 alabilece\u011fini ifade eden Sertta\u015f, k\u00fct\u00fcphanelerini daha da zenginle\u015ftirmek i\u00e7in kitap hediye etmek isteyenlerden destek beklediklerini kaydetti.<\/p>\n<p style=\"text-align: justify;\">Tatil i\u00e7in Ankara&#8217;dan Fethiye&#8217;ye gelen Salih Bu\u011fra Y\u0131lmaz da ilk kez bir plajda k\u00fct\u00fcphaneyle kar\u015f\u0131la\u015ft\u0131\u011f\u0131n\u0131 s\u00f6yledi. Plajda dinlenirken kitap okuma f\u0131rsat\u0131 bulduklar\u0131na de\u011finen Y\u0131lmaz, k\u00fct\u00fcphanenin okumay\u0131 sevenler i\u00e7in iyi bir f\u0131rsat oldu\u011funu dile getirdi.<\/p>\n<p style=\"text-align: justify;\">Mu\u011fla Valili\u011fine ba\u011fl\u0131 Mu\u011fla El Sanatlar\u0131 \u0130\u015fletmesi taraf\u0131ndan i\u015fletilen Kumburnu Tabiat Park\u0131&#8217;nda plaja yap\u0131lan k\u00fct\u00fcphane, yerli ve yabanc\u0131 turistlere hizmet verecek. T\u00fcrk\u00e7e, \u0130ngilizce, Almanca ve Rus\u00e7a dillerinde baz\u0131 d\u00fcnya klasikleri, roman ve il\u00e7enin tan\u0131t\u0131m\u0131n\u0131 i\u00e7eren kitaplar\u0131n bulundu\u011fu k\u00fct\u00fcphane, plajda dinlenen vatanda\u015flar\u0131n zaman ge\u00e7irmesine olanak sa\u011flayacak.<\/p>\n<p style=\"text-align: justify;\">Kaynak: http:\/\/www.timeturk.com\/<\/p>\n","protected":false},"excerpt":{"rendered":"<p>T\u00fcrkiye&#8217;de ilk oldu\u011fu \u00f6\u011frenilen &#8216;plaj k\u00fct\u00fcphanesi&#8217;, Fethiye il\u00e7esindeki Kumburnu Tabiat Park\u0131&#8217;nda a\u00e7\u0131ld\u0131. K\u00fct\u00fcphanenin a\u00e7\u0131l\u0131\u015f\u0131n\u0131, Mu\u011fla Valisi Mustafa Hakan G\u00fcven\u00e7er, Fethiye Kaymakam\u0131 Ekrem \u00c7al\u0131k, Belediye Ba\u015fkan\u0131 Beh\u00e7et Saatc\u0131 ve Mu\u011fla El Sanatlar\u0131 \u0130\u015fletmesi (MELSA) Fethiye \u015eubeler Koordinat\u00f6r\u00fc Muhammet Sertta\u015f yapt\u0131. T\u00f6rende konu\u015fan Vali G\u00fcven\u00e7er, \u00d6l\u00fcdeniz&#8217;in sadece Fethiye ve Mu\u011fla&#8217;n\u0131n de\u011fil, d\u00fcnyan\u0131n bir turizm merkezi oldu\u011funa dikkati [&hellip;]<\/p>\n","protected":false},"author":1,"featured_media":0,"comment_status":"open","ping_status":"open","sticky":false,"template":"","format":"standard","meta":{"footnotes":""},"categories":[1,1595],"tags":[],"class_list":["post-13588","post","type-post","status-publish","format-standard","hentry","category-genel","category-plaj-kutuphaneleri"],"_links":{"self":[{"href":"https:\/\/www.bbyhaber.com\/bby\/wp-json\/wp\/v2\/posts\/13588"}],"collection":[{"href":"https:\/\/www.bbyhaber.com\/bby\/wp-json\/wp\/v2\/posts"}],"about":[{"href":"https:\/\/www.bbyhaber.com\/bby\/wp-json\/wp\/v2\/types\/post"}],"author":[{"embeddable":true,"href":"https:\/\/www.bbyhaber.com\/bby\/wp-json\/wp\/v2\/users\/1"}],"replies":[{"embeddable":true,"href":"https:\/\/www.bbyhaber.com\/bby\/wp-json\/wp\/v2\/comments?post=13588"}],"version-history":[{"count":0,"href":"https:\/\/www.bbyhaber.com\/bby\/wp-json\/wp\/v2\/posts\/13588\/revisions"}],"wp:attachment":[{"href":"https:\/\/www.bbyhaber.com\/bby\/wp-json\/wp\/v2\/media?parent=13588"}],"wp:term":[{"taxonomy":"category","embeddable":true,"href":"https:\/\/www.bbyhaber.com\/bby\/wp-json\/wp\/v2\/categories?post=13588"},{"taxonomy":"post_tag","embeddable":true,"href":"https:\/\/www.bbyhaber.com\/bby\/wp-json\/wp\/v2\/tags?post=13588"}],"curies":[{"name":"wp","href":"https:\/\/api.w.org\/{rel}","templated":true}]}}