{"id":13581,"date":"2014-04-22T16:20:04","date_gmt":"2014-04-22T13:20:04","guid":{"rendered":"http:\/\/www.bbyhaber.com\/bby\/?p=13581"},"modified":"2014-05-14T22:55:49","modified_gmt":"2014-05-14T19:55:49","slug":"oclc-bilgi-kaynaklarinin-tanimlanmasinda-ustveri-kalitesi-semineri14-mayis-2014","status":"publish","type":"post","link":"https:\/\/www.bbyhaber.com\/bby\/2014\/04\/22\/oclc-bilgi-kaynaklarinin-tanimlanmasinda-ustveri-kalitesi-semineri14-mayis-2014","title":{"rendered":"OCLC Bilgi Kaynaklar\u0131n\u0131n Tan\u0131mlanmas\u0131nda \u00dcstveri Kalitesi Semineri,14 May\u0131s 2014"},"content":{"rendered":"<div style=\"text-align: justify;\">OCLC, \u00dcniversite ve Ara\u015ft\u0131rma K\u00fct\u00fcphanecileri Derne\u011fi ve T\u00fcrk \u00a0K\u00fct\u00fcphaneciler Derne\u011fi i\u015fbirli\u011fi ile ger\u00e7ekle\u015ftirilecek olan Bilgi Kaynaklar\u0131n\u0131n Tan\u0131mlanmas\u0131nda \u00dcstveri Kalitesi Semineri\u2019nde K\u00fct\u00fcphane ve bilgi merkezlerinde kataloglama uygulamalar\u0131, \u00fcst veri kalitesi ile ilgili konular ele al\u0131nacakt\u0131r.<!--more--><\/div>\n<div style=\"text-align: justify;\"><span style=\"color: #ff0000;\"><strong>14 May\u0131s 2014<\/strong><\/span> tarihinde <span style=\"color: #ff0000;\"><strong>Ankara \u00dcniversitesi Tando\u011fan Yerle\u015fkesi 100 Y\u0131l Konferans Salonu<\/strong><\/span>\u2019nda ger\u00e7ekle\u015ftirilecek olan Seminer ile OCLC\u2019nin WorldCat, Worldshare gibi servisleri tan\u0131t\u0131lacak ve bu servislerin bilgi kaynaklar\u0131n\u0131n tan\u0131mlanmas\u0131ndaki temel i\u015flemler i\u00e7in getirdi\u011fi avantajlar \u00fczerinde durulacakt\u0131r.<\/div>\n<div style=\"text-align: justify;\"><strong>Seminer kapsam\u0131nda ele al\u0131nacak konular<\/strong><\/div>\n<div style=\"text-align: justify;\">&#8211; \u00dcstveri kalitesi<\/div>\n<div style=\"text-align: justify;\">&#8211; Kataloglama Kayna\u011f\u0131 ya da Deposu olarak WorldCat<\/div>\n<div style=\"text-align: justify;\">&#8211; WorldCat ve di\u011fer hizmetler: g\u00f6r\u00fcn\u00fcrl\u00fck, grup katalog ve k\u00fct\u00fcphaneler aras\u0131 \u00f6d\u00fcn\u00e7 verme<\/div>\n<div style=\"text-align: justify;\">&#8211; OCLC ve di\u011fer y\u00f6nleriyle: WorldShare platformu<\/div>\n<div style=\"text-align: justify;\"><strong>Konu\u015fmac\u0131lar<\/strong><\/div>\n<div style=\"text-align: justify;\">Mr. Eric van Lubeek \u00a0Managing Director \u00a0OCLC EMEA<\/div>\n<div style=\"text-align: justify;\">Mr. Chris \u00a0Negrel \u00a0 Director Ditributors OCLC EMEA<\/div>\n<div style=\"text-align: justify;\">Mr. Clemens Buijs \u00a0Senior Release Manager \u00a0OCLC EMEA<\/div>\n<div style=\"text-align: justify;\">Kat\u0131l\u0131m\u0131n 150 ki\u015fi ile s\u0131n\u0131rl\u0131 oldu\u011fu seminerde program detaylar\u0131 ileriki bir tarihte bilgilerinize sunulacakt\u0131r. Etkinli\u011fe kat\u0131lmak isteyen Y\u00f6netici ve Konu Uzmanlar\u0131n\u0131n 01 May\u0131s 2014 tarihine kadar a\u015fa\u011f\u0131da yer alan kay\u0131t formunu doldurarak ba\u015fvuruda bulunmalar\u0131 gerekmektedir.<\/div>\n<div style=\"text-align: justify;\"><span style=\"color: #0000ff;\"><strong><a href=\"http:\/\/unak.org.tr\/upload\/userfiles\/files\/OCLC_Semineri_2014.pdf\" target=\"_blank\"><span style=\"color: #0000ff;\">Davet Mektubu<\/span><\/a><\/strong><\/span><\/div>\n<div style=\"text-align: justify;\"><strong>Tarih:<\/strong>\u00a014 May\u0131s 2014, \u00c7ar\u015famba<\/div>\n<div style=\"text-align: justify;\"><strong>Saat:<\/strong>\u00a009.00 &#8211; 17.00<\/div>\n<div style=\"text-align: justify;\"><strong>Yer:<\/strong>\u00a0Ankara \u00dcniversitesi, Tando\u011fan Yerle\u015fkesi, 100. Y\u0131l Konferans Salonu<\/div>\n<div style=\"text-align: justify;\"><a href=\"http:\/\/unak.org.tr\/tr\/etkinlikler\/oclc-bilgi-kaynaklarinin-tanimlanmasinda-ustveri-kalitesi-semineri\" target=\"_blank\"><span style=\"color: #0000ff;\"><strong>Kay\u0131t i\u00e7in t\u0131klay\u0131n\u0131z<\/strong><\/span><\/a><\/div>\n","protected":false},"excerpt":{"rendered":"<p>OCLC, \u00dcniversite ve Ara\u015ft\u0131rma K\u00fct\u00fcphanecileri Derne\u011fi ve T\u00fcrk \u00a0K\u00fct\u00fcphaneciler Derne\u011fi i\u015fbirli\u011fi ile ger\u00e7ekle\u015ftirilecek olan Bilgi Kaynaklar\u0131n\u0131n Tan\u0131mlanmas\u0131nda \u00dcstveri Kalitesi Semineri\u2019nde K\u00fct\u00fcphane ve bilgi merkezlerinde kataloglama uygulamalar\u0131, \u00fcst veri kalitesi ile ilgili konular ele al\u0131nacakt\u0131r.<\/p>\n","protected":false},"author":1,"featured_media":0,"comment_status":"open","ping_status":"open","sticky":false,"template":"","format":"standard","meta":{"footnotes":""},"categories":[1507],"tags":[1395],"class_list":["post-13581","post","type-post","status-publish","format-standard","hentry","category-unak","tag-bby-mesleki-etkinlikler-arsivi"],"_links":{"self":[{"href":"https:\/\/www.bbyhaber.com\/bby\/wp-json\/wp\/v2\/posts\/13581"}],"collection":[{"href":"https:\/\/www.bbyhaber.com\/bby\/wp-json\/wp\/v2\/posts"}],"about":[{"href":"https:\/\/www.bbyhaber.com\/bby\/wp-json\/wp\/v2\/types\/post"}],"author":[{"embeddable":true,"href":"https:\/\/www.bbyhaber.com\/bby\/wp-json\/wp\/v2\/users\/1"}],"replies":[{"embeddable":true,"href":"https:\/\/www.bbyhaber.com\/bby\/wp-json\/wp\/v2\/comments?post=13581"}],"version-history":[{"count":0,"href":"https:\/\/www.bbyhaber.com\/bby\/wp-json\/wp\/v2\/posts\/13581\/revisions"}],"wp:attachment":[{"href":"https:\/\/www.bbyhaber.com\/bby\/wp-json\/wp\/v2\/media?parent=13581"}],"wp:term":[{"taxonomy":"category","embeddable":true,"href":"https:\/\/www.bbyhaber.com\/bby\/wp-json\/wp\/v2\/categories?post=13581"},{"taxonomy":"post_tag","embeddable":true,"href":"https:\/\/www.bbyhaber.com\/bby\/wp-json\/wp\/v2\/tags?post=13581"}],"curies":[{"name":"wp","href":"https:\/\/api.w.org\/{rel}","templated":true}]}}