{"id":1358,"date":"2010-01-16T19:45:07","date_gmt":"2010-01-16T19:45:07","guid":{"rendered":"http:\/\/www.bbyhaber.com\/bby\/?p=1358"},"modified":"2012-05-21T11:32:36","modified_gmt":"2012-05-21T11:32:36","slug":"kutuphanelerin-sesini-duyan-var-mi","status":"publish","type":"post","link":"https:\/\/www.bbyhaber.com\/bby\/2010\/01\/16\/kutuphanelerin-sesini-duyan-var-mi","title":{"rendered":"K\u00fct\u00fcphanelerin sesini duyan var m\u0131?"},"content":{"rendered":"<p style=\"text-align: justify;\">(H\u00fcrriyet Gazetesi yazar\u0131 Do\u011fan H\u0131zlan ge\u00e7ti\u011fimiz g\u00fcnlerde k\u00f6\u015fe yaz\u0131s\u0131nda 2010 projeleri kapsam\u0131nda \u0130stanbul\u2019a T\u00fcrkiye\u2019nin en b\u00fcy\u00fck k\u00fct\u00fcphanesi yap\u0131laca\u011f\u0131n\u0131 yazm\u0131\u015ft\u0131. Bu yaz\u0131 onun yaz\u0131s\u0131na cevaben yaz\u0131lm\u0131\u015ft\u0131r\u2026)<\/p>\n<p style=\"text-align: justify;\">\u0130stanbul\u2019a B\u00fcy\u00fck K\u00fct\u00fcphane yap\u0131laca\u011f\u0131 haberi son 3-4 y\u0131ld\u0131r duyuyoruz ama bir sonu\u00e7 al\u0131namad\u0131 bug\u00fcne kadar.Bizzat Ba\u015fbakan ilgilendi konuyla, \u00fcniversitelerden, akademisyenlerden, k\u00fct\u00fcphane \u00f6rg\u00fctlerinden fikir ald\u0131lar. <!--more-->Taslaklar yap\u0131ld\u0131&#8230;Toplant\u0131lar, toplant\u0131lar&#8230;3-4 y\u0131ld\u0131r bir ilerleme yok&#8230; Umar\u0131m ger\u00e7ek olur&#8230;Ay\u0131ca k\u00fct\u00fcphanenin b\u00fcy\u00fckl\u00fc\u011f\u00fc bir ifade etmiyor. K\u00fct\u00fcphanenin i\u015flevi, i\u00e7erisindeki koleksiyonu, mimarisi, b\u00fct\u00e7esi, nitelikli personeli \u00f6nemli&#8230;Bug\u00fcne kadar a\u00e7\u0131lan k\u00fct\u00fcphanelerde &#8220;k\u00fct\u00fcphaneci \u00e7al\u0131\u015fm\u0131yor&#8221;. \u00c7al\u0131\u015fanlar insanca ya\u015fayacak bir \u00fccret alam\u0131yor. G\u00fcncel koleksiyon yok. Binalar d\u00f6k\u00fcl\u00fcyor, kaderine terk edilmi\u015f. K\u00fct\u00fcphaneler teknolojik alt yap\u0131dan yoksun. \u00d6zelle\u015ftirmelerden sonra kapanan kurumlar\u0131n personeli k\u00fct\u00fcphanelere g\u00f6nderiliyor&#8230;Devlet kendi sorumlulu\u011funda olan k\u00fct\u00fcphaneleri yerel y\u00f6netimlere devrediyor. Yerel y\u00f6netimlere devredilen k\u00fct\u00fcphaneler duyarl\u0131 belediyeler hari\u00e7 tek tek kapan\u0131yor.<\/p>\n<p style=\"text-align: justify;\">Y\u0131llard\u0131r TBMM raflar\u0131nda tozlanan k\u00fct\u00fcphane yasas\u0131 bir t\u00fcrl\u00fc meclise gelemedi. T\u00fcrkiye&#8217;de k\u00fct\u00fcphanecili\u011fin bir yasas\u0131 bile yok. Hal b\u00f6yle iken \u0130stanbul&#8217;a b\u00fcy\u00fc\u011f\u00fcnden g\u00f6z boyarm\u0131\u015f\u00e7as\u0131na k\u00fct\u00fcphane yapmak biraz showmen siyaseti olarak s\u0131r\u0131t\u0131yor&#8230;15 milyondan fazla n\u00fcfusu olan \u0130stanbul K\u00fct\u00fcphane Fakiri. 16 milyon \u00e7ocuk n\u00fcfusu olan \u00fclkemizde 45 \u00e7ocuk k\u00fct\u00fcphanesi var birisi ge\u00e7ici kapal\u0131 44&#8217;\u00fc a\u00e7\u0131k&#8230; \u00c7ocuk K\u00fct\u00fcphanelerin 5 tanesi \u0130stanbul\u2019da \u00c7ocuk k\u00fct\u00fcphanesi denilen k\u00fct\u00fcphaneler, bina, b\u00fct\u00e7e, personele, koleksiyon a\u00e7\u0131s\u0131ndan s\u0131n\u0131fta kalm\u0131\u015f durumda. Okul k\u00fct\u00fcphaneleri kavramsal anlamda sadece Vak\u0131f Okullar\u0131 ve \u00f6zel okullarda bulunuyor.<\/p>\n<p style=\"text-align: justify;\">Devlet okullar\u0131nda k\u00fct\u00fcphaneler s\u0131n\u0131ftan bozma k\u00fct\u00fcphanelerde, eski ansiklopediler, gazetelerin verdi\u011fi promosyon kitaplar evlerden bo\u015falt\u0131lan \u00e7er \u00e7\u00f6p ile dolu&#8230;En \u00f6nemlisi de okul k\u00fct\u00fcphanesi dedikleri yerde k\u00fct\u00fcphaneci yok. (K\u00fct\u00fcphaneleri iyi olan kurumlar\u0131, i\u015fini iyi yapan k\u00fct\u00fcphanecileri, k\u00fct\u00fcphanelere \u00f6nem veren yerel y\u00f6neticiler bu de\u011ferlendirmenin d\u0131\u015f\u0131nda) T\u00fcrkiye&#8217;de \u00f6zelikle \u0130stanbul&#8217;da dezavantajl\u0131 gruplar i\u00e7in k\u00fct\u00fcphane hizmeti yetersiz, engelliler i\u00e7in ENGELS\u0130Z K\u00dcT\u00dcPHANELER yok&#8230;\u00d6zellikle K\u00fclt\u00fcr Ba\u015fkenti \u0130stanbul&#8217;da k\u00fct\u00fcphanelerde az\u0131nl\u0131klara y\u00f6nelik, \u0130stanbul&#8217;un \u00e7ok k\u00fclt\u00fcrl\u00fcl\u00fc\u011f\u00fcne y\u00f6nelik koleksiyonu olan k\u00fct\u00fcphane yok&#8230;\u0130stanbul&#8217;a b\u00fcy\u00fck k\u00fct\u00fcphane olmas\u0131n dedi\u011fimi sanmay\u0131n sak\u0131n. Mutlaka olsun. Ama \u0130stanbul Kartal&#8217;da D\u00fcnyan\u0131n En B\u00fcy\u00fck Adliye Saray\u0131\u2019n\u0131 da bu h\u00fck\u00fcmet in\u015fa ediyor&#8230;B\u00fcy\u00fckl\u00fckler kar\u0131\u015ft\u0131r\u0131yor i\u015fi&#8230;\u0130stanbul B\u00fcy\u00fckleri, bu sese kulak vermeli\u2026K\u00fct\u00fcphanesi olamayan il\u00e7eleriniz var. K\u00fclt\u00fcr Ba\u015fkenti \u0130stanbul\u2019a 5 \u00e7ocuk k\u00fct\u00fcphanesi yeter mi? \u0130stanbul\u2019da bakanl\u0131\u011f\u0131n\u0131za ba\u011fl\u0131 tek bir gezici k\u00fct\u00fcphaneniz yok. \u0130stanbul K\u00fct\u00fcphaneleri\u2019nin hali, \u0130stanbul\u2019da k\u00fct\u00fcphanecilerin hali nedir derse ne cevap vereceksiniz? Cevab\u0131 olanlar hemen harekete ge\u00e7meli. \u0130stanbul 2010 K\u00fct\u00fcphaneleri, K\u00fclt\u00fcr Kurumlar\u0131yla fakir bir ba\u015fkent, bilenler bilmeyenlere anlats\u0131n\u2026<\/p>\n<p style=\"text-align: justify;\">Kaynak: Ayd\u0131n \u0130leri<\/p>\n","protected":false},"excerpt":{"rendered":"<p>(H\u00fcrriyet Gazetesi yazar\u0131 Do\u011fan H\u0131zlan ge\u00e7ti\u011fimiz g\u00fcnlerde k\u00f6\u015fe yaz\u0131s\u0131nda 2010 projeleri kapsam\u0131nda \u0130stanbul\u2019a T\u00fcrkiye\u2019nin en b\u00fcy\u00fck k\u00fct\u00fcphanesi yap\u0131laca\u011f\u0131n\u0131 yazm\u0131\u015ft\u0131. Bu yaz\u0131 onun yaz\u0131s\u0131na cevaben yaz\u0131lm\u0131\u015ft\u0131r\u2026) \u0130stanbul\u2019a B\u00fcy\u00fck K\u00fct\u00fcphane yap\u0131laca\u011f\u0131 haberi son 3-4 y\u0131ld\u0131r duyuyoruz ama bir sonu\u00e7 al\u0131namad\u0131 bug\u00fcne kadar.Bizzat Ba\u015fbakan ilgilendi konuyla, \u00fcniversitelerden, akademisyenlerden, k\u00fct\u00fcphane \u00f6rg\u00fctlerinden fikir ald\u0131lar.<\/p>\n","protected":false},"author":1,"featured_media":0,"comment_status":"open","ping_status":"open","sticky":false,"template":"","format":"standard","meta":{"footnotes":""},"categories":[1476,1],"tags":[],"class_list":["post-1358","post","type-post","status-publish","format-standard","hentry","category-aydin-ileri","category-genel"],"_links":{"self":[{"href":"https:\/\/www.bbyhaber.com\/bby\/wp-json\/wp\/v2\/posts\/1358"}],"collection":[{"href":"https:\/\/www.bbyhaber.com\/bby\/wp-json\/wp\/v2\/posts"}],"about":[{"href":"https:\/\/www.bbyhaber.com\/bby\/wp-json\/wp\/v2\/types\/post"}],"author":[{"embeddable":true,"href":"https:\/\/www.bbyhaber.com\/bby\/wp-json\/wp\/v2\/users\/1"}],"replies":[{"embeddable":true,"href":"https:\/\/www.bbyhaber.com\/bby\/wp-json\/wp\/v2\/comments?post=1358"}],"version-history":[{"count":0,"href":"https:\/\/www.bbyhaber.com\/bby\/wp-json\/wp\/v2\/posts\/1358\/revisions"}],"wp:attachment":[{"href":"https:\/\/www.bbyhaber.com\/bby\/wp-json\/wp\/v2\/media?parent=1358"}],"wp:term":[{"taxonomy":"category","embeddable":true,"href":"https:\/\/www.bbyhaber.com\/bby\/wp-json\/wp\/v2\/categories?post=1358"},{"taxonomy":"post_tag","embeddable":true,"href":"https:\/\/www.bbyhaber.com\/bby\/wp-json\/wp\/v2\/tags?post=1358"}],"curies":[{"name":"wp","href":"https:\/\/api.w.org\/{rel}","templated":true}]}}