{"id":13571,"date":"2014-04-22T11:19:56","date_gmt":"2014-04-22T08:19:56","guid":{"rendered":"http:\/\/www.bbyhaber.com\/bby\/?p=13571"},"modified":"2014-06-17T10:28:39","modified_gmt":"2014-06-17T07:28:39","slug":"tkd-sube-olagan-genel-kurul-cagrisi-ali-fuat-kartal","status":"publish","type":"post","link":"https:\/\/www.bbyhaber.com\/bby\/2014\/04\/22\/tkd-sube-olagan-genel-kurul-cagrisi-ali-fuat-kartal","title":{"rendered":"TKD \u015eube Ola\u011fan Genel Kurul \u00c7a\u011fr\u0131s\u0131-Ali Fuat Kartal"},"content":{"rendered":"<p style=\"text-align: justify;\"><img loading=\"lazy\" decoding=\"async\" class=\"alignleft\" src=\"http:\/\/www.bbyhaber.com\/bby\/wp-content\/uploads\/bby-dernek-logolar\/tkd-logo.png\" alt=\"\" width=\"155\" height=\"100\" \/>Bildi\u011finiz gibi k\u00fct\u00fcphane, ar\u015fiv ve bilgi-belge merkezleri sosyal ve k\u00fclt\u00fcrel kalk\u0131nma hamlelerini destekleyerek bilgi politikalar\u0131n\u0131n olu\u015fturulup, uygulanabilmesine ve demokratikle\u015fmeye katk\u0131 sunan en \u00f6nemli kurumlardand\u0131r. \u00dclkemizin ilk ve en k\u00f6kl\u00fc mesleki derne\u011fi olan T\u00fcrk K\u00fct\u00fcphaneciler Derne\u011fi 65 y\u0131ld\u0131r, bilgi ve belge y\u00f6netimi alan\u0131ndaki hizmetlerin ve bu alanda \u00e7al\u0131\u015fan personelin nitelik ve nicelik olarak geli\u015fimini desteklemektir. \u00c7ok \u00f6nemli mesleki ve tarihsel birikime sahip olan T\u00fcrk K\u00fct\u00fcphaneciler Derne\u011fi mesleki geli\u015fim ve geleneklerimiz a\u00e7\u0131s\u0131ndan \u00f6nemini artarak s\u00fcrd\u00fcrmektedir.<!--more--><\/p>\n<p style=\"text-align: justify;\">Derne\u011fimiz 19 Kas\u0131m 1949 tarihinde, Adnan \u00d6t\u00fcken \u00f6nc\u00fcl\u00fc\u011f\u00fcnde k\u00fct\u00fcphanecileri bir meslek \u00f6rg\u00fct\u00fcn\u00fcn \u00e7at\u0131s\u0131 alt\u0131nda toplamak, seslerini duyurabilecekleri, sorunlar\u0131n\u0131 tart\u0131\u015fabilecekleri, onlara \u00e7\u00f6z\u00fcm yollar\u0131 arayabilecekleri, dostluk ve dayan\u0131\u015fma toplulu\u011fu olu\u015fturacaklar\u0131 bir ortam yaratmak amac\u0131yla kurulmu\u015ftur. Kurulu\u015fundan k\u0131sa bir s\u00fcre sonra -1951 y\u0131l\u0131nda- IFLA\u2019 ya \u00fcye olmu\u015f, 1961&#8217;de yap\u0131lan ana t\u00fcz\u00fck de\u011fi\u015fikli\u011fiyle yurt \u00e7ap\u0131ndaki il ve il\u00e7elerde de \u015fube a\u00e7ma olana\u011f\u0131 bulmu\u015ftur.<\/p>\n<p style=\"text-align: justify;\">Kurulu\u015fundan 26 y\u0131l sonra, 26 \u015eubat 1975 tarihinde kamu yarar\u0131na \u00e7al\u0131\u015fan dernek stat\u00fcs\u00fcn\u00fc kazanm\u0131\u015ft\u0131r.<\/p>\n<p style=\"text-align: justify;\">1996 y\u0131l\u0131nda Mesleki Ahlak \u0130lkeleri kabul edilerek \u00fcyelere duyurulmu\u015ftur. 2007 y\u0131l\u0131nda TKD, d\u00fc\u015f\u00fcnce \u00f6zg\u00fcrl\u00fc\u011f\u00fc konusundaki duyarl\u0131l\u0131\u011f\u0131n\u0131n bir g\u00f6stergesi olarak D\u00fc\u015f\u00fcnce \u00d6zg\u00fcrl\u00fc\u011f\u00fc S\u00fcrekli \u00c7al\u0131\u015fma Grubu\u2019nu (D\u00d6G) kurmu\u015f ve ilk i\u015f olarak kat\u0131l\u0131mc\u0131 bir anlay\u0131\u015fla <span style=\"color: #0000ff;\"><a href=\"http:\/\/www.bbyhaber.com\/bby\/category\/bbymevzuat\/\" target=\"_blank\"><span style=\"color: #0000ff;\">D\u00fc\u015f\u00fcnce \u00d6zg\u00fcrl\u00fc\u011f\u00fc Bildirgesi<\/span><\/a><\/span>\u2019ni haz\u0131rlayarak 44. K\u00fct\u00fcphane Haftas\u0131nda kamuoyu ile payla\u015fm\u0131\u015ft\u0131r. Derne\u011fimiz kurulu\u015fu s\u0131ras\u0131nda ortaya konulan &#8220;k\u00fct\u00fcphanecilik, bilgi bilim ve ar\u015fivcilik alanlar\u0131nda bilimsel ve mesleki yay\u0131nlar&#8221; yapmak amac\u0131na 1952 y\u0131l\u0131nda ula\u015fm\u0131\u015f ve T\u00fcrk K\u00fct\u00fcphaneciler Derne\u011fi B\u00fclteni&#8217;ni (TKDB) yay\u0131mlamaya ba\u015flam\u0131\u015ft\u0131r. B\u00fclten\u2019in ad\u0131 1987 y\u0131l\u0131nda T\u00fcrk K\u00fct\u00fcphanecili\u011fi olarak de\u011fi\u015ftirilmi\u015f ve bu de\u011fi\u015fimle akademik niteli\u011fi a\u011f\u0131rl\u0131k kazanarak \u201cdergi\u201d ye d\u00f6n\u00fc\u015fm\u00fc\u015ft\u00fcr. Ge\u00e7en bu uzun s\u00fcre\u00e7te 18 genel ba\u015fkan\u0131 olan derne\u011fimizin 53 mesleki yay\u0131n\u0131 ve 20 \u015fubesi bulunmaktad\u0131r. 65 y\u0131ll\u0131k zaman zarf\u0131nda mesle\u011fin farkl\u0131 konular\u0131nda etkinlikler yapan TKD, 1964 y\u0131l\u0131ndan itibaren de d\u00fczenli olarak bu y\u0131l 50.si kutlanan k\u00fct\u00fcphane haftalar\u0131d\u0131r.<\/p>\n<p style=\"text-align: justify;\">\u00d6zl\u00fck haklar\u0131 a\u00e7\u0131s\u0131ndan ise k\u0131rk y\u0131ll\u0131k bir r\u00fcya olarak tabir edilen k\u00fct\u00fcphanecilerin Teknik Hizmetler S\u0131n\u0131f\u0131\u2019na ge\u00e7meleri sa\u011flanm\u0131\u015ft\u0131r.<\/p>\n<p style=\"text-align: justify;\">A\u015f\u0131lacak \u00e7ok fazla mesafe oldu\u011fu ancak mevcut sorunlar\u0131n b\u00fct\u00fcn meslekta\u015flar\u0131m\u0131z\u0131n yan\u0131 s\u0131ra \u00fclkemizin bilgi ve k\u00fclt\u00fcr politikalar\u0131 ile birebir ili\u015fkisi oldu\u011fu da bir ger\u00e7ektir. O halde TKD, gelecek on y\u0131llar\u0131n sonunda nas\u0131l bir meslek \u00f6rg\u00fct\u00fc olacakt\u0131r? Meslekta\u015flar\u0131n birli\u011fini nas\u0131l temsil edecektir? Ulusal bilgi politikas\u0131 olu\u015fumu ve i\u015fleyi\u015finde nas\u0131l bask\u0131 grubu olu\u015fturacakt\u0131r?<\/p>\n<p style=\"text-align: justify;\">Bu ve benzeri sorulara hep birlikte cevap aramak i\u00e7in tek tarafl\u0131 olarak derne\u011fi ele\u015ftirmek yerine, \u00fcye olarak derne\u011fin de\u011fi\u015fik kurul ve gruplar\u0131nda g\u00f6rev alarak \u00e7al\u0131\u015fmak ve derne\u011fe dolay\u0131s\u0131yla mesle\u011fe sahip \u00e7\u0131kmak gerekmektedir.<\/p>\n<p style=\"text-align: justify;\">T\u00dcRK K\u00dcT\u00dcPHANEC\u0130LER DERNE\u011e\u0130\u2019N\u0130N DE\u011eERL\u0130 \u00dcYELER\u0130<\/p>\n<p style=\"text-align: justify;\">Derne\u011fimize sahip \u00e7\u0131k\u0131lmas\u0131 y\u00f6n\u00fcnde bir \u00e7a\u011fr\u0131da bulunmak istiyoruz.<\/p>\n<p style=\"text-align: justify;\">T\u00fcz\u00fc\u011f\u00fcm\u00fcz gere\u011fi, May\u0131s ay\u0131nda T\u00fcrk K\u00fct\u00fcphaneciler Derne\u011fi\u2019nin \u015eube Ola\u011fan Genel Kurullar\u0131 ger\u00e7ekle\u015ftirilecektir. Genel Kuruldan \u00f6nce \u00fcyelik aidatlar\u0131m\u0131z\u0131 \u00f6deyerek, kendimize ve mesle\u011fimize kar\u015f\u0131 olan sorumluluklar\u0131m\u0131zdan birincisini yerine getirerek ba\u015flayabiliriz.<\/p>\n<p style=\"text-align: justify;\">\u015eube Genel Kurullar\u0131nda yap\u0131lacak se\u00e7imlerde, \u015eube Y\u00f6netim Kurullar\u0131 ve \u015eube Denetleme Kurullar\u0131 ile Ekim ay\u0131nda yap\u0131lacak Genel Merkez Se\u00e7imlerine kat\u0131lacak \u015eube Delegeleri belirlenecektir. \u015eubelerde g\u00f6revli arkada\u015flar\u0131m\u0131z se\u00e7imlerin d\u00fczenli ve ba\u015far\u0131l\u0131 bir bi\u00e7imde ger\u00e7ekle\u015fmesi i\u00e7in gerekli haz\u0131rl\u0131klar\u0131 s\u00fcrd\u00fcrmektedirler.<\/p>\n<p style=\"text-align: justify;\">B\u00fct\u00fcn \u00fcyelerimizi May\u0131s ay\u0131nda ge\u00e7ekle\u015ftirilecek olan se\u00e7imlere aktif kat\u0131l\u0131ma davet ediyoruz.<\/p>\n<p style=\"text-align: justify;\">Y\u00f6netim Kurullar\u0131na aday olun, Denetleme Kurullar\u0131na aday olun, Genel Merkez Se\u00e7imleri i\u00e7in Delege olmaya aday olun.<\/p>\n<p style=\"text-align: justify;\">T\u00fcrk K\u00fct\u00fcphaneciler Derne\u011fi&#8217;nin sadece bireysel ihtiya\u00e7lar\u0131m\u0131z kar\u015f\u0131land\u0131\u011f\u0131 m\u00fcddet\u00e7e g\u00fcndeme gelmemelidir. Unutmay\u0131n! Mesleki dayan\u0131\u015fman\u0131n ve mesleki alg\u0131n\u0131n somutla\u015fm\u0131\u015f bi\u00e7imi olan T\u00fcrk K\u00fct\u00fcphaneciler Derne\u011fi sadece \u00fcyelerine de\u011fil, bilgi ve belge y\u00f6netimi alan\u0131ndaki herkese ancak yine herkesin deste\u011fi ile katk\u0131 sunabilir.<\/p>\n<p style=\"text-align: justify;\">Sayg\u0131lar\u0131mla,<\/p>\n<p style=\"text-align: justify;\">Ali Fuat Kartal<br \/>\nT\u00fcrk K\u00fct\u00fcphaneciler Derne\u011fi<br \/>\nGenel Ba\u015fkan\u0131<\/p>\n","protected":false},"excerpt":{"rendered":"<p>Bildi\u011finiz gibi k\u00fct\u00fcphane, ar\u015fiv ve bilgi-belge merkezleri sosyal ve k\u00fclt\u00fcrel kalk\u0131nma hamlelerini destekleyerek bilgi politikalar\u0131n\u0131n olu\u015fturulup, uygulanabilmesine ve demokratikle\u015fmeye katk\u0131 sunan en \u00f6nemli kurumlardand\u0131r. \u00dclkemizin ilk ve en k\u00f6kl\u00fc mesleki derne\u011fi olan T\u00fcrk K\u00fct\u00fcphaneciler Derne\u011fi 65 y\u0131ld\u0131r, bilgi ve belge y\u00f6netimi alan\u0131ndaki hizmetlerin ve bu alanda \u00e7al\u0131\u015fan personelin nitelik ve nicelik olarak geli\u015fimini desteklemektir. \u00c7ok [&hellip;]<\/p>\n","protected":false},"author":1,"featured_media":0,"comment_status":"open","ping_status":"open","sticky":false,"template":"","format":"standard","meta":{"footnotes":""},"categories":[1474,1],"tags":[],"class_list":["post-13571","post","type-post","status-publish","format-standard","hentry","category-ali-fuat-kartal","category-genel"],"_links":{"self":[{"href":"https:\/\/www.bbyhaber.com\/bby\/wp-json\/wp\/v2\/posts\/13571"}],"collection":[{"href":"https:\/\/www.bbyhaber.com\/bby\/wp-json\/wp\/v2\/posts"}],"about":[{"href":"https:\/\/www.bbyhaber.com\/bby\/wp-json\/wp\/v2\/types\/post"}],"author":[{"embeddable":true,"href":"https:\/\/www.bbyhaber.com\/bby\/wp-json\/wp\/v2\/users\/1"}],"replies":[{"embeddable":true,"href":"https:\/\/www.bbyhaber.com\/bby\/wp-json\/wp\/v2\/comments?post=13571"}],"version-history":[{"count":0,"href":"https:\/\/www.bbyhaber.com\/bby\/wp-json\/wp\/v2\/posts\/13571\/revisions"}],"wp:attachment":[{"href":"https:\/\/www.bbyhaber.com\/bby\/wp-json\/wp\/v2\/media?parent=13571"}],"wp:term":[{"taxonomy":"category","embeddable":true,"href":"https:\/\/www.bbyhaber.com\/bby\/wp-json\/wp\/v2\/categories?post=13571"},{"taxonomy":"post_tag","embeddable":true,"href":"https:\/\/www.bbyhaber.com\/bby\/wp-json\/wp\/v2\/tags?post=13571"}],"curies":[{"name":"wp","href":"https:\/\/api.w.org\/{rel}","templated":true}]}}