{"id":13562,"date":"2014-04-21T16:27:30","date_gmt":"2014-04-21T13:27:30","guid":{"rendered":"http:\/\/www.bbyhaber.com\/bby\/?p=13562"},"modified":"2014-04-21T16:32:24","modified_gmt":"2014-04-21T13:32:24","slug":"yenidogan-bebeklere-kutuphane-uyeligi","status":"publish","type":"post","link":"https:\/\/www.bbyhaber.com\/bby\/2014\/04\/21\/yenidogan-bebeklere-kutuphane-uyeligi","title":{"rendered":"Yenido\u011fan bebeklere k\u00fct\u00fcphane \u00fcyeli\u011fi"},"content":{"rendered":"<p style=\"text-align: justify;\"><img loading=\"lazy\" decoding=\"async\" class=\"alignleft\" src=\"http:\/\/image.cdn.haber7.com\/haber\/haber7\/photos\/yenidogan_bebeklere_kutuphane_uyeligi13980722360_h1149714.jpg\" alt=\"\" width=\"296\" height=\"143\" \/>Adnan \u00d6t\u00fcken \u0130l Halk K\u00fct\u00fcphanesi, yeni do\u011fum yapan anneleri hastanede ziyaret ederek anneye bir kitap ve bebe\u011fine de k\u00fct\u00fcphane \u00fcyelik kart\u0131 veriyor. K\u00fct\u00fcphane g\u00f6revlileri taraf\u0131ndan \u00fc\u00e7 y\u0131l \u00f6nce ba\u015flat\u0131lan uygulaman\u0131n K\u00fct\u00fcphaneler ve Yay\u0131mlar Genel M\u00fcd\u00fcrl\u00fc\u011f\u00fcnce T\u00fcrkiye geneline yayg\u0131nla\u015ft\u0131r\u0131lmas\u0131 hedefleniyor. Ankara Adnan \u00d6t\u00fcken \u0130l Halk K\u00fct\u00fcphanesi M\u00fcd\u00fcr\u00fc Suna G\u00fcne\u015f Ger\u00e7ik, AA muhabirine,<!--more--> do\u011fum yapan anneleri ziyaretlerinde, onlara bebek bak\u0131m\u0131n\u0131 geni\u015f bilgilerle ele alan kitaplar hediye ettiklerini belirterek, &#8220;Hastanenin yenido\u011fan b\u00f6l\u00fcm\u00fcnde bizi g\u00f6r\u00fcnce anneler \u00e7ok \u015fa\u015f\u0131r\u0131yorlar. &#8216;Bundan sonra k\u00fct\u00fcphanemize \u00fcyesiniz&#8217; dedi\u011fimizde ise annelerin yorgun y\u00fczlerindeki \u015fa\u015fk\u0131nl\u0131k sevince d\u00f6n\u00fc\u015f\u00fcyor ve mutlu oluyorlar&#8221; dedi.<\/p>\n<p style=\"text-align: justify;\">Annelere k\u00fct\u00fcphaneyi anlatt\u0131klar\u0131n\u0131 ve \u00fcyelik davetiyesi verdiklerini aktaran Ger\u00e7ik, bu ziyaretlerden hem annelerin hem de doktorlar\u0131n memnuniyet duydu\u011funu dile getirdi. Ger\u00e7ik, \u015fimdilik tek hastaneye yapt\u0131klar\u0131 bu ziyaretlerin bir bak\u0131ma prova oldu\u011funu, k\u00fct\u00fcphanedeki tadilat\u0131n 2015&#8217;te bitmesinin ard\u0131ndan Ankara&#8217;daki b\u00fct\u00fcn hastaneleri ziyaret edeceklerini s\u00f6yledi.<\/p>\n<p style=\"text-align: justify;\">-Bebek, \u00e7ocuk ve gen\u00e7lik k\u00fct\u00fcphaneleri geliyor<\/p>\n<p style=\"text-align: justify;\">K\u00fct\u00fcphanelerin &#8220;hayat boyu \u00f6\u011frenme&#8221; ilkesiyle her ya\u015fa hitap etmesi gerekti\u011fini vurgulayan Ger\u00e7ik, \u0130skandinav \u00fclkelerinde anne karn\u0131ndaki bebeklere bile k\u00fct\u00fcphane \u00fcyeli\u011fi \u00e7\u0131kar\u0131ld\u0131\u011f\u0131n\u0131, do\u011fumdan sonra da annelerin bebek bak\u0131m\u0131 dahil her t\u00fcrl\u00fc etkinlik i\u00e7in k\u00fct\u00fcphaneleri kulland\u0131klar\u0131n\u0131 ve b\u00f6ylece kitaplar\u0131n insanlar\u0131n ya\u015fam\u0131nda yer ald\u0131\u011f\u0131n\u0131 anlatt\u0131. Ger\u00e7ik, T\u00fcrkiye&#8217;de de benzer bir sistemi hayata ge\u00e7irmeyi arzulad\u0131klar\u0131n\u0131 kaydederek, Adnan \u00d6t\u00fcken \u0130l Halk K\u00fct\u00fcphanesinde bebeklerin oynayabilecekleri bir alan olu\u015fturmaya \u00e7al\u0131\u015ft\u0131klar\u0131n\u0131, \u00e7ocuk ve gen\u00e7lik k\u00fct\u00fcphanelerinin ise tadilat\u0131n ard\u0131ndan hizmete girece\u011fini bildirdi.<\/p>\n<p style=\"text-align: justify;\">-&#8220;\u00c7ocu\u011fa dokunursan\u0131z b\u00fct\u00fcn aileye dokunursunuz&#8221;<\/p>\n<p style=\"text-align: justify;\">K\u00fct\u00fcphaneler ve Yay\u0131mlar Genel M\u00fcd\u00fcr\u00fc Hamdi Tur\u015fucu da Avrupa \u00fclkelerinde annelerin bebeklerini k\u00fct\u00fcphaneye getirmeleriyle \u00e7ocu\u011fun do\u011far do\u011fmaz kitapla ha\u015f\u0131r ne\u015fir olmaya ba\u015flad\u0131\u011f\u0131n\u0131, T\u00fcrkiye&#8217;de de \u00e7ocuk k\u00fct\u00fcphaneleri vas\u0131tas\u0131yla bu imkanlar\u0131n artt\u0131r\u0131laca\u011f\u0131n\u0131 s\u00f6yledi.<\/p>\n<p style=\"text-align: justify;\">Kaynak: http:\/\/www.haber7.com\/<\/p>\n","protected":false},"excerpt":{"rendered":"<p>Adnan \u00d6t\u00fcken \u0130l Halk K\u00fct\u00fcphanesi, yeni do\u011fum yapan anneleri hastanede ziyaret ederek anneye bir kitap ve bebe\u011fine de k\u00fct\u00fcphane \u00fcyelik kart\u0131 veriyor. K\u00fct\u00fcphane g\u00f6revlileri taraf\u0131ndan \u00fc\u00e7 y\u0131l \u00f6nce ba\u015flat\u0131lan uygulaman\u0131n K\u00fct\u00fcphaneler ve Yay\u0131mlar Genel M\u00fcd\u00fcrl\u00fc\u011f\u00fcnce T\u00fcrkiye geneline yayg\u0131nla\u015ft\u0131r\u0131lmas\u0131 hedefleniyor. Ankara Adnan \u00d6t\u00fcken \u0130l Halk K\u00fct\u00fcphanesi M\u00fcd\u00fcr\u00fc Suna G\u00fcne\u015f Ger\u00e7ik, AA muhabirine,<\/p>\n","protected":false},"author":1,"featured_media":0,"comment_status":"open","ping_status":"open","sticky":false,"template":"","format":"standard","meta":{"footnotes":""},"categories":[1],"tags":[848],"class_list":["post-13562","post","type-post","status-publish","format-standard","hentry","category-genel","tag-halk-kutuphaneleri"],"_links":{"self":[{"href":"https:\/\/www.bbyhaber.com\/bby\/wp-json\/wp\/v2\/posts\/13562"}],"collection":[{"href":"https:\/\/www.bbyhaber.com\/bby\/wp-json\/wp\/v2\/posts"}],"about":[{"href":"https:\/\/www.bbyhaber.com\/bby\/wp-json\/wp\/v2\/types\/post"}],"author":[{"embeddable":true,"href":"https:\/\/www.bbyhaber.com\/bby\/wp-json\/wp\/v2\/users\/1"}],"replies":[{"embeddable":true,"href":"https:\/\/www.bbyhaber.com\/bby\/wp-json\/wp\/v2\/comments?post=13562"}],"version-history":[{"count":0,"href":"https:\/\/www.bbyhaber.com\/bby\/wp-json\/wp\/v2\/posts\/13562\/revisions"}],"wp:attachment":[{"href":"https:\/\/www.bbyhaber.com\/bby\/wp-json\/wp\/v2\/media?parent=13562"}],"wp:term":[{"taxonomy":"category","embeddable":true,"href":"https:\/\/www.bbyhaber.com\/bby\/wp-json\/wp\/v2\/categories?post=13562"},{"taxonomy":"post_tag","embeddable":true,"href":"https:\/\/www.bbyhaber.com\/bby\/wp-json\/wp\/v2\/tags?post=13562"}],"curies":[{"name":"wp","href":"https:\/\/api.w.org\/{rel}","templated":true}]}}